{"id":38113,"date":"2018-08-30T11:27:27","date_gmt":"2018-08-30T16:27:27","guid":{"rendered":"http:\/\/www.evafm.net\/sitio\/?p=38113"},"modified":"2018-08-30T11:27:27","modified_gmt":"2018-08-30T16:27:27","slug":"janet-jackson-recrea-video-de-michael-para-conmemorar-sus-60-anos","status":"publish","type":"post","link":"https:\/\/www.evafm.net\/sitio\/janet-jackson-recrea-video-de-michael-para-conmemorar-sus-60-anos\/","title":{"rendered":"Janet Jackson recrea video de Michael para conmemorar sus 60 a\u00f1os"},"content":{"rendered":"<p>Michael Jackson habr\u00eda cumplido un d\u00eda como hoy 60 a\u00f1os de vida. Janet Jackson, su hermana, en su cuenta de Instagram, comparti\u00f3 un homenaje para el artista.<\/p>\n<p>Emulando el video de \u00abRemember the Time\u00bb, Janet aparece vestida como una reina africana que enviaba a la muerte a los artistas que no la complac\u00edan con su espect\u00e1culo, tan solo moviendo su mano.<\/p>\n<p>En el remake de la canci\u00f3n, quien obtiene la aprobaci\u00f3n de Janet Jackson es &#8216;Titi&#8217;, el alter ego del video viral de Kwaylon Rogers, m\u00e1s conocido como BlameItOnKway, quien en Instagram se\u00f1al\u00f3 que adora la canci\u00f3n y el mensaje que conlleva.<\/p>\n<p>Los fans y seguidores en Instagram de los cantantes r\u00e1pidamente encontraron la similitud, pues en la versi\u00f3n original la modelo somal\u00ed Iman, era la terror\u00edfica reina en el video y fue Michael Jackson quien logr\u00f3 encantarla con su espectacular voz y baile.<\/p>\n<p>Cabe mencionar Janet Jackson no ha sido la \u00fanica que le ha rendido tributo a Michael Jackson, ya que Akon y Smokey Robinson tambi\u00e9n lo han recordado e incluso su sobrino TJ Jackson public\u00f3 un conmovedor mensaje se\u00f1alando que fue \u00e9l quien lo inspir\u00f3 y estuvo a su lado durante mucho tiempo.<\/p>\n<p>\u00abMe has inspirado. T\u00fa me ense\u00f1aste. T\u00fa me cambiaste.<\/p>\n<p>Estuviste conmigo en mi hora m\u00e1s oscura y siempre estar\u00e9 agradecido contigo.<\/p>\n<p>Eras m\u00e1gico pero muy humilde. T\u00fa me ense\u00f1aste el poder de so\u00f1ar.<\/p>\n<p>Me mostraste lo que es ser un hombre de verdad.<\/p>\n<p>Te quiero mucho y te extra\u00f1o todos los d\u00edas\u00bb, escribi\u00f3 TJ Jackson en Instagram.<\/p>\n<p>Recordemos que Michael Jackson falleci\u00f3 el 25 de junio de 2009 de un paro card\u00edaco provocado por medicinas para tratar la ansiedad y el insomnio.<\/p>\n<p>Posteriormente, su m\u00e9dico fue declarado culpable por homicidio involuntario.<\/p>\n<p><iframe title=\"Michael Jackson - Remember The Time (Official Video)\" width=\"1200\" height=\"900\" src=\"https:\/\/www.youtube.com\/embed\/LeiFF0gvqcc?feature=oembed\" frameborder=\"0\" allow=\"accelerometer; autoplay; clipboard-write; encrypted-media; gyroscope; picture-in-picture; web-share\" referrerpolicy=\"strict-origin-when-cross-origin\" allowfullscreen><\/iframe><\/p>\n<p>https:\/\/www.instagram.com\/p\/BnEWKmHhx8U\/?utm_source=ig_web_copy_link<\/p>\n<p>https:\/\/www.instagram.com\/p\/BnEDVd0lSVl\/?utm_source=ig_web_copy_link<\/p>\n<p>Fuente: primerahora.com\u00a0 &#8211; instagram.com<\/p>\n<div class=\"gsp_post_data\" \r\n\t            data-post_type=\"post\" \r\n\t            data-cat=\"farandula-internacional\" \r\n\t            data-modified=\"120\"\r\n\t            data-created=\"1535628447\"\r\n\t            data-title=\"Janet Jackson recrea video de Michael para conmemorar sus 60 a\u00f1os\" \r\n\t            data-home=\"https:\/\/www.evafm.net\/sitio\"><\/div>","protected":false},"excerpt":{"rendered":"<p>Michael Jackson habr\u00eda cumplido un d\u00eda como hoy 60 a\u00f1os de vida. Janet Jackson, su hermana, en su cuenta de Instagram, comparti\u00f3 un homenaje para el artista. Emulando el video de \u00abRemember the Time\u00bb, Janet aparece vestida como una reina africana que enviaba a la muerte a los artistas que no la complac\u00edan con su&#8230;<\/p>\n","protected":false},"author":5,"featured_media":38117,"comment_status":"closed","ping_status":"open","sticky":false,"template":"","format":"standard","meta":{"_joinchat":[],"footnotes":""},"categories":[1346],"tags":[],"class_list":["post-38113","post","type-post","status-publish","format-standard","has-post-thumbnail","hentry","category-farandula-internacional","have-post-thumb"],"_links":{"self":[{"href":"https:\/\/www.evafm.net\/sitio\/wp-json\/wp\/v2\/posts\/38113","targetHints":{"allow":["GET"]}}],"collection":[{"href":"https:\/\/www.evafm.net\/sitio\/wp-json\/wp\/v2\/posts"}],"about":[{"href":"https:\/\/www.evafm.net\/sitio\/wp-json\/wp\/v2\/types\/post"}],"author":[{"embeddable":true,"href":"https:\/\/www.evafm.net\/sitio\/wp-json\/wp\/v2\/users\/5"}],"replies":[{"embeddable":true,"href":"https:\/\/www.evafm.net\/sitio\/wp-json\/wp\/v2\/comments?post=38113"}],"version-history":[{"count":1,"href":"https:\/\/www.evafm.net\/sitio\/wp-json\/wp\/v2\/posts\/38113\/revisions"}],"predecessor-version":[{"id":38118,"href":"https:\/\/www.evafm.net\/sitio\/wp-json\/wp\/v2\/posts\/38113\/revisions\/38118"}],"wp:featuredmedia":[{"embeddable":true,"href":"https:\/\/www.evafm.net\/sitio\/wp-json\/wp\/v2\/media\/38117"}],"wp:attachment":[{"href":"https:\/\/www.evafm.net\/sitio\/wp-json\/wp\/v2\/media?parent=38113"}],"wp:term":[{"taxonomy":"category","embeddable":true,"href":"https:\/\/www.evafm.net\/sitio\/wp-json\/wp\/v2\/categories?post=38113"},{"taxonomy":"post_tag","embeddable":true,"href":"https:\/\/www.evafm.net\/sitio\/wp-json\/wp\/v2\/tags?post=38113"}],"curies":[{"name":"wp","href":"https:\/\/api.w.org\/{rel}","templated":true}]}}