{"id":38167,"date":"2018-08-31T17:31:34","date_gmt":"2018-08-31T22:31:34","guid":{"rendered":"http:\/\/www.evafm.net\/sitio\/?p=38167"},"modified":"2018-08-31T17:31:34","modified_gmt":"2018-08-31T22:31:34","slug":"trudeau-considera-muy-posible-un-acuerdo-comercial-con-eeuu","status":"publish","type":"post","link":"https:\/\/www.evafm.net\/sitio\/trudeau-considera-muy-posible-un-acuerdo-comercial-con-eeuu\/","title":{"rendered":"Trudeau considera \u00abmuy posible\u00bb un acuerdo comercial con EEUU"},"content":{"rendered":"<div class=\"row\">\n<div class=\"col-xs-12 col-print-12\">\n<p class=\"element element-paragraph\">El primer ministro de Canad\u00e1, Justin Trudeau, dijo el viernes que a\u00fan es \u00abmuy posible\u00bb llegar a un buen acuerdo comercial con M\u00e9xico y Estados Unidos en las cruciales negociaciones en curso para modernizar el TLCAN.<\/p>\n<\/div>\n<\/div>\n<div class=\"row\">\n<div class=\"col-xs-12 col-print-12\">\n<p class=\"element element-paragraph\">\u00abEs muy posible llegar a un acuerdo que funcione para los intereses de cada uno\u00bb, dijo. Trudeau a\u00f1adi\u00f3 que\u00a0<b>Canad\u00e1 ha marcado los puntos clave de sus intereses y que \u00abser\u00eda mejor no tener un acuerdo sobre el TLCAN que un mal acuerdo\u00bb.<\/b><\/p>\n<\/div>\n<\/div>\n<div class=\"row\">\n<div class=\"col-xs-12 col-print-12\">\n<p class=\"element element-paragraph\">Los dos pa\u00edses debaten contra el reloj desde el martes en Washington para acordar una reformulaci\u00f3n del TLCAN, con M\u00e9xico a la espera de una reuni\u00f3n que permita cerrar un trato trilateral, y en medio de amenazas de Trump de dejar a Canad\u00e1 al margen.<\/p>\n<\/div>\n<\/div>\n<div class=\"row\">\n<div class=\"col-xs-12 col-print-12\">\n<p class=\"element element-paragraph\">La presi\u00f3n para terminar las negociaciones se hizo latente el lunes, cuando al anunciarse el pacto con M\u00e9xico, Lighthizer dijo que ten\u00eda previsto notificar este viernes al Congreso de la intenci\u00f3n del gobierno de Donald Trump de firmar un nuevo acuerdo de libre comercio.<\/p>\n<\/div>\n<\/div>\n<div class=\"row\">\n<div id=\"\" class=\"wrapper clearfix pb-feature pb-layout-item pb-f-ads-dfp left-align\">\n<div id=\"inline\" class=\"ad-slot\"><\/div>\n<\/div>\n<div class=\"col-xs-12 col-print-12\">\n<p class=\"element element-paragraph\">Esto permitir\u00eda cumplir con el aviso previo de 90 d\u00edas para sellar un TLCAN 2.0 antes de que asuma el nuevo gobierno de M\u00e9xico el 1 de diciembre. Y har\u00eda posible que fuera el Congreso estadounidense actual el que revisara el trato, y no el que surgir\u00e1 de las elecciones legislativas de noviembre, cuando Trump puede perder las mayor\u00edas.<\/p>\n<\/div>\n<\/div>\n<div class=\"row\">\n<div class=\"col-xs-12 col-print-12\">\n<p class=\"element element-paragraph\"><strong>Pero para que haya un TLCAN 2.0, primero Washington y Ottawa tienen que lograr un entendimiento<\/strong>.<\/p>\n<\/div>\n<\/div>\n<div class=\"row\">\n<div class=\"col-xs-12 col-print-12\">\n<p class=\"element element-paragraph\">Los\u00a0<strong>puntos \u00e1lgidos del debate parecen estar centrados en dos exigencias estadounidenses: la apertura del protegido mercado canadiense de l\u00e1cteos, y la eliminaci\u00f3n del pol\u00e9mico Cap\u00edtulo 19 del TLCAN, que establece c\u00f3mo resolver disputas entre los socios.<\/strong><\/p>\n<p>Fuente: infobae.com<\/p>\n<\/div>\n<\/div>\n<div class=\"gsp_post_data\" \r\n\t            data-post_type=\"post\" \r\n\t            data-cat=\"general,noticias-internacionales\" \r\n\t            data-modified=\"120\"\r\n\t            data-created=\"1535736694\"\r\n\t            data-title=\"Trudeau considera \u00abmuy posible\u00bb un acuerdo comercial con EEUU\" \r\n\t            data-home=\"https:\/\/www.evafm.net\/sitio\"><\/div>","protected":false},"excerpt":{"rendered":"<p>El primer ministro de Canad\u00e1, Justin Trudeau, dijo el viernes que a\u00fan es \u00abmuy posible\u00bb llegar a un buen acuerdo comercial con M\u00e9xico y Estados Unidos en las cruciales negociaciones en curso para modernizar el TLCAN. \u00abEs muy posible llegar a un acuerdo que funcione para los intereses de cada uno\u00bb, dijo. Trudeau a\u00f1adi\u00f3 que\u00a0Canad\u00e1&#8230;<\/p>\n","protected":false},"author":5,"featured_media":38168,"comment_status":"closed","ping_status":"open","sticky":false,"template":"","format":"standard","meta":{"_joinchat":[],"footnotes":""},"categories":[1720,1345],"tags":[],"class_list":["post-38167","post","type-post","status-publish","format-standard","has-post-thumbnail","hentry","category-general","category-noticias-internacionales","have-post-thumb"],"_links":{"self":[{"href":"https:\/\/www.evafm.net\/sitio\/wp-json\/wp\/v2\/posts\/38167","targetHints":{"allow":["GET"]}}],"collection":[{"href":"https:\/\/www.evafm.net\/sitio\/wp-json\/wp\/v2\/posts"}],"about":[{"href":"https:\/\/www.evafm.net\/sitio\/wp-json\/wp\/v2\/types\/post"}],"author":[{"embeddable":true,"href":"https:\/\/www.evafm.net\/sitio\/wp-json\/wp\/v2\/users\/5"}],"replies":[{"embeddable":true,"href":"https:\/\/www.evafm.net\/sitio\/wp-json\/wp\/v2\/comments?post=38167"}],"version-history":[{"count":1,"href":"https:\/\/www.evafm.net\/sitio\/wp-json\/wp\/v2\/posts\/38167\/revisions"}],"predecessor-version":[{"id":38169,"href":"https:\/\/www.evafm.net\/sitio\/wp-json\/wp\/v2\/posts\/38167\/revisions\/38169"}],"wp:featuredmedia":[{"embeddable":true,"href":"https:\/\/www.evafm.net\/sitio\/wp-json\/wp\/v2\/media\/38168"}],"wp:attachment":[{"href":"https:\/\/www.evafm.net\/sitio\/wp-json\/wp\/v2\/media?parent=38167"}],"wp:term":[{"taxonomy":"category","embeddable":true,"href":"https:\/\/www.evafm.net\/sitio\/wp-json\/wp\/v2\/categories?post=38167"},{"taxonomy":"post_tag","embeddable":true,"href":"https:\/\/www.evafm.net\/sitio\/wp-json\/wp\/v2\/tags?post=38167"}],"curies":[{"name":"wp","href":"https:\/\/api.w.org\/{rel}","templated":true}]}}