{"id":38178,"date":"2018-08-31T18:11:52","date_gmt":"2018-08-31T23:11:52","guid":{"rendered":"http:\/\/www.evafm.net\/sitio\/?p=38178"},"modified":"2018-08-31T18:11:52","modified_gmt":"2018-08-31T23:11:52","slug":"reik-y-maluma-les-cantan-a-los-amigos-con-derecho","status":"publish","type":"post","link":"https:\/\/www.evafm.net\/sitio\/reik-y-maluma-les-cantan-a-los-amigos-con-derecho\/","title":{"rendered":"Reik y Maluma les cantan a los \u201cAmigos con derecho\u201d"},"content":{"rendered":"<p>Despu\u00e9s de muchos rumores, Reik y Maluma finalmente hicieron oficial su primera colaboraci\u00f3n, con el lanzamiento de la canci\u00f3n \u201cAmigos con derecho\u201d a trav\u00e9s de sus redes sociales.<\/p>\n<p>Desde este viernes ya est\u00e1 disponible en las plataformas de m\u00fasica por\u00a0<em>streaming<\/em>\u00a0el nuevo tema del tr\u00edo mexicano y el\u00a0artista colombiano.<\/p>\n<p>Reik y Maluma tambi\u00e9n estrenaron en sus canales oficiales de\u00a0YouTube\u00a0el video de la nueva canci\u00f3n, el cual fue grabado el pasado mes de julio.<\/p>\n<div class=\"cm-post__content\">\n<div class=\"cm-post__body\">\n<h1>Reik y Maluma apuntan al coraz\u00f3n<\/h1>\n<p>La nueva canci\u00f3n \u201cAmigos con derecho\u201d mezcla la faceta mel\u00f3dica de Reik con el caracter\u00edstico urban de Maluma, y en la que el amor es el protagonista.<\/p>\n<p>En el video, el colombiano deja ver una faceta m\u00e1s rom\u00e1ntica, tras la pol\u00e9mica desatada por su sencillo \u201cMala m\u00eda\u201c.<\/p>\n<\/div>\n<div class=\"cm-post__body\">\n<div class=\"widget cm-hide--narrow widget-count-4 widget-par  widget_cmgads\">\n<div id=\"_cm-css-reset\" class=\"_cm-div\"><\/div>\n<\/div>\n<\/div>\n<\/div>\n<p>https:\/\/www.instagram.com\/p\/BnJYY77B5mW\/?utm_source=ig_web_copy_link<\/p>\n<p><iframe title=\"Reik, Maluma - Amigos Con Derechos\" width=\"1200\" height=\"675\" src=\"https:\/\/www.youtube.com\/embed\/0vTopF6wwZg?feature=oembed\" frameborder=\"0\" allow=\"accelerometer; autoplay; clipboard-write; encrypted-media; gyroscope; picture-in-picture; web-share\" referrerpolicy=\"strict-origin-when-cross-origin\" allowfullscreen><\/iframe><\/p>\n<div class=\"cm-post__content\">\n<div class=\"cm-post__body\">\n<div class=\"widget cm-hide--narrow widget-count-4 widget-par  widget_cmgads\">\n<div id=\"_cm-css-reset\" class=\"_cm-div\">Fuente: mundohispanico.com<\/div>\n<\/div>\n<\/div>\n<\/div>\n<aside class=\"cm-post__aside\">\n<div id=\"cmg_more_from_author-2\" class=\"widget_cmg_more_from_author cm-widget  cm-widget--post-left-sidebar\">\n<div class=\"cm-module  cm-module--bottom-border\"><\/div>\n<\/div>\n<div id=\"cmg_share_buttons-2\" class=\"widget_cmg_share_buttons cm-widget  cm-widget--post-left-sidebar\">\n<div class=\"cm-share  cm-share--inline\">\n<div class=\"addthis_toolbox addthis_default_style addthis_32x32_style\"><\/div>\n<\/div>\n<\/div>\n<\/aside>\n<div class=\"gsp_post_data\" \r\n\t            data-post_type=\"post\" \r\n\t            data-cat=\"musica-internacional\" \r\n\t            data-modified=\"120\"\r\n\t            data-created=\"1535739112\"\r\n\t            data-title=\"Reik y Maluma les cantan a los \u201cAmigos con derecho\u201d\" \r\n\t            data-home=\"https:\/\/www.evafm.net\/sitio\"><\/div>","protected":false},"excerpt":{"rendered":"<p>Despu\u00e9s de muchos rumores, Reik y Maluma finalmente hicieron oficial su primera colaboraci\u00f3n, con el lanzamiento de la canci\u00f3n \u201cAmigos con derecho\u201d a trav\u00e9s de sus redes sociales. Desde este viernes ya est\u00e1 disponible en las plataformas de m\u00fasica por\u00a0streaming\u00a0el nuevo tema del tr\u00edo mexicano y el\u00a0artista colombiano. Reik y Maluma tambi\u00e9n estrenaron en sus&#8230;<\/p>\n","protected":false},"author":5,"featured_media":38181,"comment_status":"closed","ping_status":"open","sticky":false,"template":"","format":"standard","meta":{"_joinchat":[],"footnotes":""},"categories":[2],"tags":[],"class_list":["post-38178","post","type-post","status-publish","format-standard","has-post-thumbnail","hentry","category-musica-internacional","have-post-thumb"],"_links":{"self":[{"href":"https:\/\/www.evafm.net\/sitio\/wp-json\/wp\/v2\/posts\/38178","targetHints":{"allow":["GET"]}}],"collection":[{"href":"https:\/\/www.evafm.net\/sitio\/wp-json\/wp\/v2\/posts"}],"about":[{"href":"https:\/\/www.evafm.net\/sitio\/wp-json\/wp\/v2\/types\/post"}],"author":[{"embeddable":true,"href":"https:\/\/www.evafm.net\/sitio\/wp-json\/wp\/v2\/users\/5"}],"replies":[{"embeddable":true,"href":"https:\/\/www.evafm.net\/sitio\/wp-json\/wp\/v2\/comments?post=38178"}],"version-history":[{"count":1,"href":"https:\/\/www.evafm.net\/sitio\/wp-json\/wp\/v2\/posts\/38178\/revisions"}],"predecessor-version":[{"id":38182,"href":"https:\/\/www.evafm.net\/sitio\/wp-json\/wp\/v2\/posts\/38178\/revisions\/38182"}],"wp:featuredmedia":[{"embeddable":true,"href":"https:\/\/www.evafm.net\/sitio\/wp-json\/wp\/v2\/media\/38181"}],"wp:attachment":[{"href":"https:\/\/www.evafm.net\/sitio\/wp-json\/wp\/v2\/media?parent=38178"}],"wp:term":[{"taxonomy":"category","embeddable":true,"href":"https:\/\/www.evafm.net\/sitio\/wp-json\/wp\/v2\/categories?post=38178"},{"taxonomy":"post_tag","embeddable":true,"href":"https:\/\/www.evafm.net\/sitio\/wp-json\/wp\/v2\/tags?post=38178"}],"curies":[{"name":"wp","href":"https:\/\/api.w.org\/{rel}","templated":true}]}}