{"id":38194,"date":"2018-09-01T10:37:37","date_gmt":"2018-09-01T15:37:37","guid":{"rendered":"http:\/\/www.evafm.net\/sitio\/?p=38194"},"modified":"2018-09-01T10:37:37","modified_gmt":"2018-09-01T15:37:37","slug":"corte-entra-en-una-vacancia-constitucional-por-sesenta-dias","status":"publish","type":"post","link":"https:\/\/www.evafm.net\/sitio\/corte-entra-en-una-vacancia-constitucional-por-sesenta-dias\/","title":{"rendered":"Corte entra en una \u2018vacancia\u2019 constitucional por sesenta d\u00edas"},"content":{"rendered":"<div class=\"location-event\">Quito &#8211;<\/div>\n<p>Por los pr\u00f3ximos 60 d\u00edas, la\u00a0<strong>Corte Constitucional<\/strong>\u00a0(CC) se mantendr\u00e1 en una etapa de \u201cvacancia\u201d jurisdiccional, que implica la suspensi\u00f3n de plazos y t\u00e9rminos en el tratamiento de las causas.<\/p>\n<p>Este fue el efecto inmediato de la determinaci\u00f3n que tom\u00f3 ayer el\u00a0Consejo de Participaci\u00f3n Ciudadana y Control Social\u00a0(CPC) de transici\u00f3n, al ratificar la cesaci\u00f3n anticipada de funciones de los nueve jueces constitucionales.<\/p>\n<p>Alfredo Ruiz, Pamela Mart\u00ednez, Ruth Seni, Wendy Molina, Tatiana Orde\u00f1ana, Manuel Viteri, Francisco Buti\u00f1\u00e1, Marien Segura, Roxana Silva, fueron hasta ayer las m\u00e1ximas autoridades del m\u00e1ximo organismo de control constitucional del Estado.<\/p>\n<p>Perdieron sus cargos, entre otras razones, por la \u201cgravedad\u201d en el incumplimiento de funciones, al mantener represadas unas 10.000 demandas ciudadanas, seg\u00fan el informe de evaluaci\u00f3n del CPC.<\/p>\n<p>El fallo final \u2013en el que se rechazaron los recursos de revisi\u00f3n a la cesaci\u00f3n anunciada el 23 de agosto\u2013 incluy\u00f3 un \u00edtem de calificaci\u00f3n a la \u201cactitud del funcionario\u201d. Por ejemplo, a Ruiz, que era el presidente de la CC, se lo observ\u00f3 por \u201cocultar informaci\u00f3n relevante\u201d en su hoja de vida, como haber ocupado un cargo en el 2007, por designaci\u00f3n del exgobernante Rafael Correa. Eso es \u201cfalta de honestidad y rectitud\u201d, constaba en el dictamen.<\/p>\n<p>Los votos a favor de cesarlos fueron de Julio C\u00e9sar Trujillo, Luis Macas, Miryam F\u00e9lix, Luis Hern\u00e1ndez, Pablo D\u00e1vila y Eduardo Mendoza. Xavier Zavala se abstuvo, pues es la postura que ha mantenido desde el inicio de la evaluaci\u00f3n a estas exautoridades.<\/p>\n<p>En esta ocasi\u00f3n no se design\u00f3 una Corte transitoria, por \u201cprudencia\u201d, aclar\u00f3 Trujillo. Pero se dispuso convocar al concurso de m\u00e9ritos para seleccionar a los nuevos jueces, que debe hacerla una Comisi\u00f3n Calificadora, conformada con dos delegados de cada una de las funciones Ejecutiva, Legislativa y de Transparencia, seg\u00fan el art\u00edculo 434 de la Constituci\u00f3n.<\/p>\n<p>Estas mismas funciones deber\u00e1n remitir \u201cal menos nueve candidatos\u201d, quienes participar\u00e1n en el concurso para ser juez constitucional, reza un inciso del art\u00edculo 25 del R\u00e9gimen de Transici\u00f3n constitucional.<\/p>\n<p>Es as\u00ed como en los pr\u00f3ximos 60 d\u00edas que deber\u00e1 sustanciarse este concurso, est\u00e1 declarada una vacancia \u201cde todas las acciones, demandas, peticiones\u201d que los ciudadanos presenten; y ser\u00e1n tramitadas por las futuras autoridades. Adem\u00e1s se suspenden los plazos y t\u00e9rminos para tratar los casos.<\/p>\n<p>El transitorio solo debe conocer el pedido de revisi\u00f3n a la cesaci\u00f3n de tres jueces del Tribunal Contencioso Electoral (TCE) para concluir con la evaluaci\u00f3n de las autoridades de control, que se determin\u00f3 en la consulta popular el 4 de febrero pasado.<\/p>\n<p>Incluso ayer ces\u00f3 a Fernando Cordero, de la superintendencia de Ordenamiento Territorial, por no tener un t\u00edtulo de cuarto nivel reconocido en la Senescyt, e incumplir un requisito de la Ley de Ordenamiento Territorial. Su reemplazo es Xavier Arboleda, quien asumir\u00e1 por encargo la funci\u00f3n. (I)<\/p>\n<p>Fuente: eluniverso.com<\/p>\n<div class=\"gsp_post_data\" \r\n\t            data-post_type=\"post\" \r\n\t            data-cat=\"noticias-ecuador\" \r\n\t            data-modified=\"120\"\r\n\t            data-created=\"1535798257\"\r\n\t            data-title=\"Corte entra en una \u2018vacancia\u2019 constitucional por sesenta d\u00edas\" \r\n\t            data-home=\"https:\/\/www.evafm.net\/sitio\"><\/div>","protected":false},"excerpt":{"rendered":"<p>Quito &#8211; Por los pr\u00f3ximos 60 d\u00edas, la\u00a0Corte Constitucional\u00a0(CC) se mantendr\u00e1 en una etapa de \u201cvacancia\u201d jurisdiccional, que implica la suspensi\u00f3n de plazos y t\u00e9rminos en el tratamiento de las causas. Este fue el efecto inmediato de la determinaci\u00f3n que tom\u00f3 ayer el\u00a0Consejo de Participaci\u00f3n Ciudadana y Control Social\u00a0(CPC) de transici\u00f3n, al ratificar la cesaci\u00f3n&#8230;<\/p>\n","protected":false},"author":5,"featured_media":38195,"comment_status":"closed","ping_status":"open","sticky":false,"template":"","format":"standard","meta":{"_joinchat":[],"footnotes":""},"categories":[1558],"tags":[],"class_list":["post-38194","post","type-post","status-publish","format-standard","has-post-thumbnail","hentry","category-noticias-ecuador","have-post-thumb"],"_links":{"self":[{"href":"https:\/\/www.evafm.net\/sitio\/wp-json\/wp\/v2\/posts\/38194","targetHints":{"allow":["GET"]}}],"collection":[{"href":"https:\/\/www.evafm.net\/sitio\/wp-json\/wp\/v2\/posts"}],"about":[{"href":"https:\/\/www.evafm.net\/sitio\/wp-json\/wp\/v2\/types\/post"}],"author":[{"embeddable":true,"href":"https:\/\/www.evafm.net\/sitio\/wp-json\/wp\/v2\/users\/5"}],"replies":[{"embeddable":true,"href":"https:\/\/www.evafm.net\/sitio\/wp-json\/wp\/v2\/comments?post=38194"}],"version-history":[{"count":1,"href":"https:\/\/www.evafm.net\/sitio\/wp-json\/wp\/v2\/posts\/38194\/revisions"}],"predecessor-version":[{"id":38196,"href":"https:\/\/www.evafm.net\/sitio\/wp-json\/wp\/v2\/posts\/38194\/revisions\/38196"}],"wp:featuredmedia":[{"embeddable":true,"href":"https:\/\/www.evafm.net\/sitio\/wp-json\/wp\/v2\/media\/38195"}],"wp:attachment":[{"href":"https:\/\/www.evafm.net\/sitio\/wp-json\/wp\/v2\/media?parent=38194"}],"wp:term":[{"taxonomy":"category","embeddable":true,"href":"https:\/\/www.evafm.net\/sitio\/wp-json\/wp\/v2\/categories?post=38194"},{"taxonomy":"post_tag","embeddable":true,"href":"https:\/\/www.evafm.net\/sitio\/wp-json\/wp\/v2\/tags?post=38194"}],"curies":[{"name":"wp","href":"https:\/\/api.w.org\/{rel}","templated":true}]}}