{"id":38201,"date":"2018-09-01T11:00:52","date_gmt":"2018-09-01T16:00:52","guid":{"rendered":"http:\/\/www.evafm.net\/sitio\/?p=38201"},"modified":"2018-09-01T11:01:16","modified_gmt":"2018-09-01T16:01:16","slug":"t-s-e-de-brasil-invalido-la-candidatura-de-lula","status":"publish","type":"post","link":"https:\/\/www.evafm.net\/sitio\/t-s-e-de-brasil-invalido-la-candidatura-de-lula\/","title":{"rendered":"T.S.E de Brasil invalid\u00f3 la candidatura de Lula"},"content":{"rendered":"<div class=\"row\">\n<div class=\"col-xs-12 col-print-12\">\n<p class=\"element element-paragraph\">Cuatro de los siete jueces del\u00a0<strong>Tribunal Superior Electoral<\/strong>\u00a0(TSE) de\u00a0<strong>Brasil<\/strong>\u00a0rechazaron el viernes la candidatura de Lula, una mayor\u00eda que salvo sorpresa de \u00faltimo momento dejar\u00e1 al encarcelado ex presidente brasile\u00f1o fuera de las elecciones de octubre.<\/p>\n<\/div>\n<\/div>\n<div class=\"row\">\n<div class=\"col-xs-12 col-print-12\">\n<p class=\"element element-paragraph\">Un solo magistrado vot\u00f3 por el momento a favor del derecho del ex presidente\u00a0<strong>Luiz In\u00e1cio Lula da Silva<\/strong>\u00a0a hacer campa\u00f1a, incluso desde la c\u00e1rcel de Curitiba (sur) donde purga una pena de m\u00e1s de 12 a\u00f1os de c\u00e1rcel por corrupci\u00f3n y lavado de dinero.<\/p>\n<\/div>\n<\/div>\n<div class=\"row\">\n<div class=\"col-xs-12 col-print-12\">\n<p class=\"element element-paragraph\">Esa diferencia debe excluir de la contienda a Lula, salvo improbable cambio de parecer de quienes ya emitieron su voto antes del cierre de la sesi\u00f3n.<\/p>\n<\/div>\n<\/div>\n<div class=\"row\">\n<div class=\"col-xs-12 col-print-12\">\n<p class=\"element element-paragraph\">El magistrado relator del caso,\u00a0<strong>Luis Alberto Barroso<\/strong>, inst\u00f3 a impugnar la candidatura del ex mandatario (2003-2010) en aplicaci\u00f3n de la ley de \u00ab<strong>Ficha Limpia<\/strong>\u00ab, que impide a un condenado en segunda instancia presentarse a cargos electorales.<\/p>\n<\/div>\n<\/div>\n<div class=\"row\">\n<div id=\"\" class=\"wrapper clearfix pb-feature pb-layout-item pb-f-ads-dfp left-align\">\n<div id=\"inline\" class=\"ad-slot\"><\/div>\n<\/div>\n<div class=\"col-xs-12 col-print-12\">\n<p class=\"element element-paragraph\"><strong>Tambi\u00e9n abog\u00f3 por prohibir al Partido de los Trabajadores (PT) usar la figura de Lula en su campa\u00f1a por televisi\u00f3n<\/strong>, que empieza el s\u00e1bado para las presidenciales del 7 de octubre.<\/p>\n<\/div>\n<\/div>\n<div class=\"row\">\n<div class=\"col-xs-12 col-print-12\">\n<p class=\"element element-paragraph\">Y recomend\u00f3 dar al PT un plazo de diez d\u00edas para nombrar un reemplazante de Lula, que ser\u00e1 probablemente su compa\u00f1ero de f\u00f3rmula, el ex alcalde de Sao Paulo Fernando Haddad.<\/p>\n<\/div>\n<\/div>\n<div class=\"row\">\n<div class=\"col-xs-12 col-print-12\">\n<p class=\"element element-paragraph\"><em>Con informaci\u00f3n de AFP<\/em><\/p>\n<p>Fuente: infobae.com<\/p>\n<\/div>\n<\/div>\n<div class=\"gsp_post_data\" \r\n\t            data-post_type=\"post\" \r\n\t            data-cat=\"noticias-internacionales\" \r\n\t            data-modified=\"120\"\r\n\t            data-created=\"1535799652\"\r\n\t            data-title=\"T.S.E de Brasil invalid\u00f3 la candidatura de Lula\" \r\n\t            data-home=\"https:\/\/www.evafm.net\/sitio\"><\/div>","protected":false},"excerpt":{"rendered":"<p>Cuatro de los siete jueces del\u00a0Tribunal Superior Electoral\u00a0(TSE) de\u00a0Brasil\u00a0rechazaron el viernes la candidatura de Lula, una mayor\u00eda que salvo sorpresa de \u00faltimo momento dejar\u00e1 al encarcelado ex presidente brasile\u00f1o fuera de las elecciones de octubre. Un solo magistrado vot\u00f3 por el momento a favor del derecho del ex presidente\u00a0Luiz In\u00e1cio Lula da Silva\u00a0a hacer campa\u00f1a,&#8230;<\/p>\n","protected":false},"author":5,"featured_media":38202,"comment_status":"closed","ping_status":"open","sticky":false,"template":"","format":"standard","meta":{"_joinchat":[],"footnotes":""},"categories":[1345],"tags":[],"class_list":["post-38201","post","type-post","status-publish","format-standard","has-post-thumbnail","hentry","category-noticias-internacionales","have-post-thumb"],"_links":{"self":[{"href":"https:\/\/www.evafm.net\/sitio\/wp-json\/wp\/v2\/posts\/38201","targetHints":{"allow":["GET"]}}],"collection":[{"href":"https:\/\/www.evafm.net\/sitio\/wp-json\/wp\/v2\/posts"}],"about":[{"href":"https:\/\/www.evafm.net\/sitio\/wp-json\/wp\/v2\/types\/post"}],"author":[{"embeddable":true,"href":"https:\/\/www.evafm.net\/sitio\/wp-json\/wp\/v2\/users\/5"}],"replies":[{"embeddable":true,"href":"https:\/\/www.evafm.net\/sitio\/wp-json\/wp\/v2\/comments?post=38201"}],"version-history":[{"count":1,"href":"https:\/\/www.evafm.net\/sitio\/wp-json\/wp\/v2\/posts\/38201\/revisions"}],"predecessor-version":[{"id":38203,"href":"https:\/\/www.evafm.net\/sitio\/wp-json\/wp\/v2\/posts\/38201\/revisions\/38203"}],"wp:featuredmedia":[{"embeddable":true,"href":"https:\/\/www.evafm.net\/sitio\/wp-json\/wp\/v2\/media\/38202"}],"wp:attachment":[{"href":"https:\/\/www.evafm.net\/sitio\/wp-json\/wp\/v2\/media?parent=38201"}],"wp:term":[{"taxonomy":"category","embeddable":true,"href":"https:\/\/www.evafm.net\/sitio\/wp-json\/wp\/v2\/categories?post=38201"},{"taxonomy":"post_tag","embeddable":true,"href":"https:\/\/www.evafm.net\/sitio\/wp-json\/wp\/v2\/tags?post=38201"}],"curies":[{"name":"wp","href":"https:\/\/api.w.org\/{rel}","templated":true}]}}