{"id":38254,"date":"2018-09-03T10:12:23","date_gmt":"2018-09-03T15:12:23","guid":{"rendered":"http:\/\/www.evafm.net\/sitio\/?p=38254"},"modified":"2018-09-03T10:12:23","modified_gmt":"2018-09-03T15:12:23","slug":"emelec-suma-un-punto-en-ambato-y-sigue-tercero","status":"publish","type":"post","link":"https:\/\/www.evafm.net\/sitio\/emelec-suma-un-punto-en-ambato-y-sigue-tercero\/","title":{"rendered":"Emelec suma un punto en Ambato y sigue tercero"},"content":{"rendered":"<p>Un remate de media distancia de Juan Carlos Paredes le dio a Emelec un empate valioso (1-1) en su visita a Macar\u00e1, este domingo en el estadio Bellavista, que le sirvi\u00f3 para mantenerse tercero en un pelot\u00f3n de equipos que comanda Barcelona con 15 puntos.<\/p>\n<p>El gasto fue del cuadro ambate\u00f1o, que se puso en ventaja pero no pudo mantener la diferencia y cedi\u00f3 un punto en el tramo final.<\/p>\n<p>Burzio se perdi\u00f3 la ocasi\u00f3n m\u00e1s clara del primer tiempo (22m), con un remate sin potencia que salv\u00f3 el arquero el\u00e9ctrico Esteban Dreer, art\u00edfice para que el \u00eddolo celeste no salga como ganador en el Bellavista.<\/p>\n<p>Dreer volvi\u00f3 a ser crucial a los 34m despejando con los pu\u00f1os un potente remate de Juan Manuel T\u00e9vez.<\/p>\n<p>En los descuentos del primer tiempo (46m) el &#8216;B\u00fafalo&#8217; T\u00e9vez intent\u00f3 marcar con un cabezazo, que pas\u00f3 cerca del p\u00f3rtico azul.<\/p>\n<p>Emelec hab\u00eda tenido su oportunidad en el primer cuarto mediante un cabezazo del zaguero argentino Leandro Vega, que defini\u00f3 apenas desviado.<\/p>\n<p>Los hombres de Pa\u00fal V\u00e9lez abrieron el tanteador en el 51m con un cabezazo de Burcio tras el centro perfecto de Leonel Qui\u00f1\u00f3nez desde el costado izquierdo. Los azules no respondieron y vieron caer su arco con mucha facilidad.<\/p>\n<p>Pero a los 81m, un remate de media distancia del lateral Juan Carlos Paredes venci\u00f3 la resistencia del meta Javier Burrai. El tiro de &#8216;la Hormiga&#8217;, como definidor improvisado, entr\u00f3 sobre el costado izquierdo del guardameta.<\/p>\n<p><strong>Alineaciones:<\/strong><\/p>\n<p>Macar\u00e1: Burrai; O. Qui\u00f1\u00f3nez, Enr\u00edquez, Manchot, M. Corozo; de Jes\u00fas, Cazares, L. Qui\u00f1\u00f3nez (Lucas, 87m), G. Corozo (Patta, 86m); Burzio (Champagne, 72m), T\u00e9vez. DT: Pa\u00fal V\u00e9lez.<\/p>\n<p>Emelec: Dreer; Paredes, Mej\u00eda, Vega, Johnson; Orejuela (Luna, 57m), Arroyo, Queiroz (Burbano, 66m), L\u00f3pez (Quintero, 83m), Rojas; Angulo. DT: Mariano Soso.<\/p>\n<p>\u00c1rbitro: Jos\u00e9 Espinel. Amonest\u00f3 a Enr\u00edquez (65m), Cazares (85m), Champang (87m), de Macar\u00e1; Rojas (61m), Dreer (73m) del Club Sport Emelec.<\/p>\n<p>Incidencias: Partido de la octava jornada del campeonato nacional disputado en el estadio Bellavista ante 7.000 aficionados aproximadamente. (D)<\/p>\n<p>https:\/\/youtu.be\/RgNgAzm51kI<\/p>\n<p>Fuente: eluniverso.com &#8211; youtube.com<\/p>\n<div class=\"gsp_post_data\" \r\n\t            data-post_type=\"post\" \r\n\t            data-cat=\"deportes-ecuador\" \r\n\t            data-modified=\"120\"\r\n\t            data-created=\"1535969543\"\r\n\t            data-title=\"Emelec suma un punto en Ambato y sigue tercero\" \r\n\t            data-home=\"https:\/\/www.evafm.net\/sitio\"><\/div>","protected":false},"excerpt":{"rendered":"<p>Un remate de media distancia de Juan Carlos Paredes le dio a Emelec un empate valioso (1-1) en su visita a Macar\u00e1, este domingo en el estadio Bellavista, que le sirvi\u00f3 para mantenerse tercero en un pelot\u00f3n de equipos que comanda Barcelona con 15 puntos. El gasto fue del cuadro ambate\u00f1o, que se puso en&#8230;<\/p>\n","protected":false},"author":5,"featured_media":38256,"comment_status":"closed","ping_status":"open","sticky":false,"template":"","format":"standard","meta":{"_joinchat":[],"footnotes":""},"categories":[1557],"tags":[],"class_list":["post-38254","post","type-post","status-publish","format-standard","has-post-thumbnail","hentry","category-deportes-ecuador","have-post-thumb"],"_links":{"self":[{"href":"https:\/\/www.evafm.net\/sitio\/wp-json\/wp\/v2\/posts\/38254","targetHints":{"allow":["GET"]}}],"collection":[{"href":"https:\/\/www.evafm.net\/sitio\/wp-json\/wp\/v2\/posts"}],"about":[{"href":"https:\/\/www.evafm.net\/sitio\/wp-json\/wp\/v2\/types\/post"}],"author":[{"embeddable":true,"href":"https:\/\/www.evafm.net\/sitio\/wp-json\/wp\/v2\/users\/5"}],"replies":[{"embeddable":true,"href":"https:\/\/www.evafm.net\/sitio\/wp-json\/wp\/v2\/comments?post=38254"}],"version-history":[{"count":1,"href":"https:\/\/www.evafm.net\/sitio\/wp-json\/wp\/v2\/posts\/38254\/revisions"}],"predecessor-version":[{"id":38257,"href":"https:\/\/www.evafm.net\/sitio\/wp-json\/wp\/v2\/posts\/38254\/revisions\/38257"}],"wp:featuredmedia":[{"embeddable":true,"href":"https:\/\/www.evafm.net\/sitio\/wp-json\/wp\/v2\/media\/38256"}],"wp:attachment":[{"href":"https:\/\/www.evafm.net\/sitio\/wp-json\/wp\/v2\/media?parent=38254"}],"wp:term":[{"taxonomy":"category","embeddable":true,"href":"https:\/\/www.evafm.net\/sitio\/wp-json\/wp\/v2\/categories?post=38254"},{"taxonomy":"post_tag","embeddable":true,"href":"https:\/\/www.evafm.net\/sitio\/wp-json\/wp\/v2\/tags?post=38254"}],"curies":[{"name":"wp","href":"https:\/\/api.w.org\/{rel}","templated":true}]}}