{"id":38276,"date":"2018-09-03T10:57:42","date_gmt":"2018-09-03T15:57:42","guid":{"rendered":"http:\/\/www.evafm.net\/sitio\/?p=38276"},"modified":"2018-09-03T10:57:42","modified_gmt":"2018-09-03T15:57:42","slug":"alerta-en-japon-por-las-crecientes-operaciones-militares-de-china-y-rusia","status":"publish","type":"post","link":"https:\/\/www.evafm.net\/sitio\/alerta-en-japon-por-las-crecientes-operaciones-militares-de-china-y-rusia\/","title":{"rendered":"Alerta en Jap\u00f3n por las crecientes operaciones militares de China y Rusia"},"content":{"rendered":"<div class=\"row\">\n<div class=\"col-xs-12 col-print-12\">\n<p class=\"element element-paragraph\">El ministro de Defensa de Jap\u00f3n advirti\u00f3 este lunes que su pa\u00eds se enfrenta a un entorno de seguridad dif\u00edcil debido al\u00a0<strong>incremento de la actividad militar de China y Rusia y a la \u00abamenaza inminente\u00bb que representa Corea del Norte.<\/strong><\/p>\n<\/div>\n<\/div>\n<div class=\"row\">\n<div class=\"col-xs-12 col-print-12\">\n<p class=\"element element-paragraph\">\u00abChina increment\u00f3 r\u00e1pidamente su fuerza de acci\u00f3n e<strong>\u00a0intensific\u00f3 sus actividades militares en los espacios a\u00e9reo y mar\u00edtimo de nuestro pa\u00eds<\/strong>\u00a0para el cual se ha convertido en una preocupaci\u00f3n mayor\u00bb, dijo\u00a0Itsunori Onodera en un discurso ante los m\u00e1ximos jerarcas de las Fuerzas de Autodefensa de Jap\u00f3n (nombre de las fuerzas armadas niponas).<\/p>\n<\/div>\n<\/div>\n<div class=\"row\">\n<div class=\"col-xs-12 col-print-12\">\n<p class=\"element element-paragraph\">Itsunori Onodera cit\u00f3 como ejemplo del activismo militar chino l<strong>as operaciones aerotransportadas alrededor de Jap\u00f3n y la presencia de submarinos nucleares cerca de las islas Senkaku, en litigio.<\/strong><\/p>\n<div class=\"row\">\n<div class=\"col-xs-12 col-print-12\">\n<p class=\"element element-paragraph\">Onodera hizo esas declaraciones en momentos en que el gobierno japon\u00e9s intenta mejorar sus relaciones diplom\u00e1ticas con China y el primer ministro Shinzo Abe prepara una visita a Pek\u00edn en octubre.<\/p>\n<\/div>\n<\/div>\n<div class=\"row\">\n<div class=\"col-xs-12 col-print-12\">\n<p class=\"element element-paragraph\"><strong>China es el principal socio comercial de Jap\u00f3n.<\/strong><\/p>\n<\/div>\n<\/div>\n<div class=\"row\">\n<div class=\"col-xs-12 col-print-12\">\n<p class=\"element element-paragraph\">En 2012, cuando lleg\u00f3 al poder, Shinzo Abe adopt\u00f3 un tono firme en los diferentes litigios territoriales que Jap\u00f3n tiene con China.<\/p>\n<\/div>\n<\/div>\n<div class=\"row\">\n<div class=\"col-xs-12 col-print-12\">\n<p class=\"element element-paragraph\">Sin embargo, \u00faltimamente<strong>\u00a0suaviz\u00f3 su ret\u00f3rica y exhort\u00f3 a China a que presione a Corea del Norte para que abandone sus programas nuclear y bal\u00edstico.<\/strong><\/p>\n<div class=\"row\">\n<div class=\"col-xs-12 col-print-12\">\n<p class=\"element element-paragraph\">Adem\u00e1s, numerosas empresas japonesas han se\u00f1alado p\u00fablicamente su deseo de aumentar los v\u00ednculos con china para mejorar el comercio.<\/p>\n<\/div>\n<\/div>\n<div class=\"row\">\n<div class=\"col-xs-12 col-print-12\">\n<p class=\"element element-paragraph\">Por otra parte, Onodera consider\u00f3 que\u00a0<strong>Rusia activaba sus fuerzas militares en forma preocupante<\/strong>, refiri\u00e9ndose a las maniobras que las Fuerzas Armadas rusas prev\u00e9n desarrollar pr\u00f3ximamente en las Islas Kuriles, que Jap\u00f3n reivindica.<\/p>\n<\/div>\n<\/div>\n<div class=\"row\">\n<div class=\"col-xs-12 col-print-12\">\n<p class=\"element element-paragraph\">\u00abEstamos viendo movimientos para nuevamente empujar sus actividades militares al extremo oriente\u00bb, se\u00f1al\u00f3.<\/p>\n<div class=\"row\">\n<div class=\"col-xs-12 col-print-12\">\n<p class=\"element element-paragraph\">Mosc\u00fa prepara para mediados de septiembre\u00a0los ejercicios \u00abVostok 2018\u00bb, los m\u00e1s grandes dese la Guerra Fr\u00eda\u00a0y que tendr\u00e1n lugar en la Siberia oriental y el Extremo Oriente, llegando muy cerca de las Kuriles.<\/p>\n<\/div>\n<\/div>\n<div class=\"row\">\n<div class=\"col-xs-12 col-print-12\">\n<p class=\"element element-paragraph\">Por \u00faltimo, Onodera reiter\u00f3 que\u00a0<strong>Corea del Norte segu\u00eda siendo una \u00abamenaza seria e inminente\u00bb para Jap\u00f3n,<\/strong>\u00a0a pesar de las negociaciones sobre la desnuclerarizaci\u00f3n que lleva adelante con Estados Unidos,\u00a0y como ya hab\u00eda advertido d\u00edas atr\u00e1s.<\/p>\n<div class=\"single-image\">\n<div class=\"shares\">\n<div class=\"share-button facebook\"><\/div>\n<\/div>\n<p><img decoding=\"async\" id=\"6IZVBAVALRBCLE7Z6GSYHM5CHQ\" class=\"image-lazy\" src=\"https:\/\/www.infobae.com\/new-resizer\/8pr-p4S7V2hUpi6NXA1ErjJJlVY=\/600x0\/filters:quality(100)\/s3.amazonaws.com\/arc-wordpress-client-uploads\/infobae-wp\/wp-content\/uploads\/2018\/09\/03073036\/000_18T2VA.jpg\" alt=\"El ministro de Defensa Itsunori Onodera (izquierda) y el primer ministro Shinzo Abe pasa revista a la guardia de honor en Tokio\u00a0(AFP)\" width=\"750\" height=\"487.6847290640394\" \/><\/div>\n<p><span class=\"credit\">El ministro de Defensa Itsunori Onodera (izquierda) y el primer ministro Shinzo Abe pasa revista a la guardia de honor en Tokio\u00a0(AFP)<\/span><\/p>\n<div class=\"single-image\">\n<div class=\"shares\">\n<div class=\"share-button facebook\"><\/div>\n<\/div>\n<p><img decoding=\"async\" id=\"IEAJ3YNYWJHHTF27EQQCPJBBAE\" class=\"image-lazy\" src=\"https:\/\/www.infobae.com\/new-resizer\/Yt_TrAUXMRPzJhgrxEaqBg6z2As=\/600x0\/filters:quality(100)\/s3.amazonaws.com\/arc-wordpress-client-uploads\/infobae-wp\/wp-content\/uploads\/2017\/08\/24121823\/000_RL5I3.jpg\" alt=\"Tanques rusos durante unas maniobras. A mediados de mes comenzar\u00e1n los ejercicios militares m\u00e1s grandes desde la Guerra Fr\u00eda, jutos frente a Jap\u00f3n (AFP)\" width=\"750\" height=\"421.875\" \/><\/div>\n<p><span class=\"credit\">Tanques rusos durante unas maniobras. A mediados de mes comenzar\u00e1n los ejercicios militares m\u00e1s grandes desde la Guerra Fr\u00eda, jutos frente a Jap\u00f3n (AFP)<\/span><\/p>\n<div class=\"single-image\">\n<div class=\"shares\">\n<div class=\"share-button facebook\"><\/div>\n<\/div>\n<p><img decoding=\"async\" id=\"XZDBRS7MUFE47K3TJ7ZMV3CYGY\" class=\"image-lazy\" src=\"https:\/\/www.infobae.com\/new-resizer\/8lnl5JKPd8soZKOagFvW3HJSbt4=\/600x0\/filters:quality(100)\/s3.amazonaws.com\/arc-wordpress-client-uploads\/infobae-wp\/wp-content\/uploads\/2017\/08\/28074816\/000_RU7NO.jpg\" alt=\"El l\u00edder de Corea del Norte, Kim Jong-un, pasando revista a sus tropas. El r\u00e9gimen sigue siendo una \u201camenaza seria e inminente\u201d, consider\u00f3 Jap\u00f3n\u00a0(AFP)\" width=\"750\" height=\"497.67857142857144\" \/><\/div>\n<p><span class=\"credit\">El l\u00edder de Corea del Norte, Kim Jong-un, pasando revista a sus tropas. El r\u00e9gimen sigue siendo una \u201camenaza seria e inminente\u201d, consider\u00f3 Jap\u00f3n\u00a0(AFP)<\/span><\/p>\n<p><img decoding=\"async\" src=\"https:\/\/www.infobae.com\/new-resizer\/EAVGt1jcMA_8om2SI2OqJCMRgR4=\/1200x0\/filters:quality(100)\/s3.amazonaws.com\/arc-wordpress-client-uploads\/infobae-wp\/wp-content\/uploads\/2018\/09\/03074306\/ejercito-chino-ejercito-ruso-1920-partida.jpg\" alt=\"Resultado de imagen para Alerta en Jap\u00c3\u00b3n por las crecientes operaciones militares de China y Rusia\" \/><\/p>\n<\/div>\n<\/div>\n<div class=\"row\">\n<div class=\"col-xs-12 col-print-12\">\n<p class=\"element element-paragraph\"><em>Con informaci\u00f3n de AFP<\/em><\/p>\n<p>Fuente: infobae.com &#8211;<\/p>\n<\/div>\n<\/div>\n<\/div>\n<\/div>\n<\/div>\n<\/div>\n<\/div>\n<\/div>\n<div class=\"gsp_post_data\" \r\n\t            data-post_type=\"post\" \r\n\t            data-cat=\"general,noticias-internacionales\" \r\n\t            data-modified=\"120\"\r\n\t            data-created=\"1535972262\"\r\n\t            data-title=\"Alerta en Jap\u00f3n por las crecientes operaciones militares de China y Rusia\" \r\n\t            data-home=\"https:\/\/www.evafm.net\/sitio\"><\/div>","protected":false},"excerpt":{"rendered":"<p>El ministro de Defensa de Jap\u00f3n advirti\u00f3 este lunes que su pa\u00eds se enfrenta a un entorno de seguridad dif\u00edcil debido al\u00a0incremento de la actividad militar de China y Rusia y a la \u00abamenaza inminente\u00bb que representa Corea del Norte. \u00abChina increment\u00f3 r\u00e1pidamente su fuerza de acci\u00f3n e\u00a0intensific\u00f3 sus actividades militares en los espacios a\u00e9reo&#8230;<\/p>\n","protected":false},"author":5,"featured_media":38277,"comment_status":"closed","ping_status":"open","sticky":false,"template":"","format":"standard","meta":{"_joinchat":[],"footnotes":""},"categories":[1720,1345],"tags":[],"class_list":["post-38276","post","type-post","status-publish","format-standard","has-post-thumbnail","hentry","category-general","category-noticias-internacionales","have-post-thumb"],"_links":{"self":[{"href":"https:\/\/www.evafm.net\/sitio\/wp-json\/wp\/v2\/posts\/38276","targetHints":{"allow":["GET"]}}],"collection":[{"href":"https:\/\/www.evafm.net\/sitio\/wp-json\/wp\/v2\/posts"}],"about":[{"href":"https:\/\/www.evafm.net\/sitio\/wp-json\/wp\/v2\/types\/post"}],"author":[{"embeddable":true,"href":"https:\/\/www.evafm.net\/sitio\/wp-json\/wp\/v2\/users\/5"}],"replies":[{"embeddable":true,"href":"https:\/\/www.evafm.net\/sitio\/wp-json\/wp\/v2\/comments?post=38276"}],"version-history":[{"count":2,"href":"https:\/\/www.evafm.net\/sitio\/wp-json\/wp\/v2\/posts\/38276\/revisions"}],"predecessor-version":[{"id":38280,"href":"https:\/\/www.evafm.net\/sitio\/wp-json\/wp\/v2\/posts\/38276\/revisions\/38280"}],"wp:featuredmedia":[{"embeddable":true,"href":"https:\/\/www.evafm.net\/sitio\/wp-json\/wp\/v2\/media\/38277"}],"wp:attachment":[{"href":"https:\/\/www.evafm.net\/sitio\/wp-json\/wp\/v2\/media?parent=38276"}],"wp:term":[{"taxonomy":"category","embeddable":true,"href":"https:\/\/www.evafm.net\/sitio\/wp-json\/wp\/v2\/categories?post=38276"},{"taxonomy":"post_tag","embeddable":true,"href":"https:\/\/www.evafm.net\/sitio\/wp-json\/wp\/v2\/tags?post=38276"}],"curies":[{"name":"wp","href":"https:\/\/api.w.org\/{rel}","templated":true}]}}