{"id":38321,"date":"2018-09-04T16:33:57","date_gmt":"2018-09-04T21:33:57","guid":{"rendered":"http:\/\/www.evafm.net\/sitio\/?p=38321"},"modified":"2018-09-04T16:33:57","modified_gmt":"2018-09-04T21:33:57","slug":"paulina-rubio-mostrara-su-deseo-el-14-de-septiembre","status":"publish","type":"post","link":"https:\/\/www.evafm.net\/sitio\/paulina-rubio-mostrara-su-deseo-el-14-de-septiembre\/","title":{"rendered":"Paulina Rubio mostrar\u00e1 su &#8216;deseo&#8217; el 14 de septiembre"},"content":{"rendered":"<p>CIUDAD DE M\u00c9XICO.<\/p>\n<p class=\"letter-capitular\">La cantante mexicana<strong>\u00a0Paulina Rubio<\/strong>\u00a0lanzar\u00e1 el pr\u00f3ximo 14 de septiembre su nuevo disco,\u00a0<strong>Deseo<\/strong>, que estar\u00e1 encabezado por el sencillo\u00a0<strong>Suave y sutil<\/strong>\u00a0y ser\u00e1 su primer trabajo en siete a\u00f1os.<\/p>\n<p>La producci\u00f3n incluir\u00e1 temas in\u00e9ditos hasta la fecha, as\u00ed como otras canciones que la cantante ha ido lanzando en los \u00faltimos meses, como\u00a0<strong>Mi nuevo vicio<\/strong>,\u00a0<strong>Me quema<\/strong>\u00a0y<strong>\u00a0Desire (Me tienes loquita)<\/strong>, inform\u00f3 hoy<strong>\u00a0Universal Music<\/strong>\u00a0en un comunicado.<\/p>\n<p>Con\u00a0<strong>Deseo<\/strong>, la mexicana romper\u00e1 el silencio discogr\u00e1fico que guarda desde\u00a0<strong>Brava<\/strong>, disco lanzado en 2011 y que incluy\u00f3 temas como\u00a0<strong>Me gustas tanto<\/strong>.<\/p>\n<p>En la portada del nuevo trabajo, la\u00a0<em>Chica Dorada<\/em>\u00a0aparece sentada sosteniendo una guitarra. Encima de la imagen, se superpone el nombre del disco, escrito en trazos rojos de pintura.<\/p>\n<p>El 7 de septiembre se lanzar\u00e1\u00a0<strong>Suave y sutil<\/strong>, compuesto por el integrante de\u00a0<strong>La Oreja de Van Gogh<\/strong>,<strong>\u00a0Xavi San Mart\u00edn<\/strong>.<\/p>\n<p>Asimismo, en los pr\u00f3ximos d\u00edas se dar\u00e1 a conocer el videoclip, rodado en Los \u00c1ngeles, el cual, seg\u00fan avanza su disquera\u00a0<strong>Universal<\/strong>, \u00abrepresenta el empoderamiento femenino en una est\u00e9tica victoriana\u00bb.<\/p>\n<p>La int\u00e9rprete de \u00e9xitos como\u00a0<strong>Ni una sola palabra\u00a0<\/strong>o\u00a0<strong>Baila Casanova<\/strong>\u00a0present\u00f3 el pasado mayo el reguet\u00f3n\u00a0<strong>Desire<\/strong>\u00a0junto con el cantante venezolano<strong>\u00a0Nacho<\/strong>, y avanz\u00f3 que en su nuevo disco las baladas ser\u00e1n minor\u00eda y seguir\u00e1 explorando los ritmos bailables que han marcado su trayectoria.<\/p>\n<p>En los \u00faltimos a\u00f1os, adem\u00e1s de realizar su gira\u00a0<strong>Pau Rubio Tour<\/strong>, la cantante de 47 a\u00f1os ha participado en programas televisivos como<strong>\u00a0La Voz Kids\u00a0<\/strong>y<strong>\u00a0XFactor<\/strong>, en Estados Unidos, y en La\u00a0<strong>Voz M\u00e9xico<\/strong>.<\/p>\n<p><iframe title=\"Exclusive  La Reina Del Pop Latino Paulina Rubio En Don Francisco te invita p\" width=\"1200\" height=\"675\" src=\"https:\/\/www.youtube.com\/embed\/a65GWinwRDQ?feature=oembed\" frameborder=\"0\" allow=\"accelerometer; autoplay; clipboard-write; encrypted-media; gyroscope; picture-in-picture; web-share\" referrerpolicy=\"strict-origin-when-cross-origin\" allowfullscreen><\/iframe><\/p>\n<p><iframe title=\"Paulina Rubio, Nacho - Desire (Me Tienes Loquita)\" width=\"1200\" height=\"675\" src=\"https:\/\/www.youtube.com\/embed\/P9xX04S0I1o?feature=oembed\" frameborder=\"0\" allow=\"accelerometer; autoplay; clipboard-write; encrypted-media; gyroscope; picture-in-picture; web-share\" referrerpolicy=\"strict-origin-when-cross-origin\" allowfullscreen><\/iframe><\/p>\n<p>cmd<\/p>\n<p>Fuente: excelsior.com.mx<\/p>\n<div class=\"gsp_post_data\" \r\n\t            data-post_type=\"post\" \r\n\t            data-cat=\"general,musica-internacional\" \r\n\t            data-modified=\"120\"\r\n\t            data-created=\"1536078837\"\r\n\t            data-title=\"Paulina Rubio mostrar\u00e1 su &#8216;deseo&#8217; el 14 de septiembre\" \r\n\t            data-home=\"https:\/\/www.evafm.net\/sitio\"><\/div>","protected":false},"excerpt":{"rendered":"<p>CIUDAD DE M\u00c9XICO. La cantante mexicana\u00a0Paulina Rubio\u00a0lanzar\u00e1 el pr\u00f3ximo 14 de septiembre su nuevo disco,\u00a0Deseo, que estar\u00e1 encabezado por el sencillo\u00a0Suave y sutil\u00a0y ser\u00e1 su primer trabajo en siete a\u00f1os. La producci\u00f3n incluir\u00e1 temas in\u00e9ditos hasta la fecha, as\u00ed como otras canciones que la cantante ha ido lanzando en los \u00faltimos meses, como\u00a0Mi nuevo vicio,\u00a0Me&#8230;<\/p>\n","protected":false},"author":5,"featured_media":38323,"comment_status":"closed","ping_status":"open","sticky":false,"template":"","format":"standard","meta":{"_joinchat":[],"footnotes":""},"categories":[1720,2],"tags":[],"class_list":["post-38321","post","type-post","status-publish","format-standard","has-post-thumbnail","hentry","category-general","category-musica-internacional","have-post-thumb"],"_links":{"self":[{"href":"https:\/\/www.evafm.net\/sitio\/wp-json\/wp\/v2\/posts\/38321","targetHints":{"allow":["GET"]}}],"collection":[{"href":"https:\/\/www.evafm.net\/sitio\/wp-json\/wp\/v2\/posts"}],"about":[{"href":"https:\/\/www.evafm.net\/sitio\/wp-json\/wp\/v2\/types\/post"}],"author":[{"embeddable":true,"href":"https:\/\/www.evafm.net\/sitio\/wp-json\/wp\/v2\/users\/5"}],"replies":[{"embeddable":true,"href":"https:\/\/www.evafm.net\/sitio\/wp-json\/wp\/v2\/comments?post=38321"}],"version-history":[{"count":1,"href":"https:\/\/www.evafm.net\/sitio\/wp-json\/wp\/v2\/posts\/38321\/revisions"}],"predecessor-version":[{"id":38324,"href":"https:\/\/www.evafm.net\/sitio\/wp-json\/wp\/v2\/posts\/38321\/revisions\/38324"}],"wp:featuredmedia":[{"embeddable":true,"href":"https:\/\/www.evafm.net\/sitio\/wp-json\/wp\/v2\/media\/38323"}],"wp:attachment":[{"href":"https:\/\/www.evafm.net\/sitio\/wp-json\/wp\/v2\/media?parent=38321"}],"wp:term":[{"taxonomy":"category","embeddable":true,"href":"https:\/\/www.evafm.net\/sitio\/wp-json\/wp\/v2\/categories?post=38321"},{"taxonomy":"post_tag","embeddable":true,"href":"https:\/\/www.evafm.net\/sitio\/wp-json\/wp\/v2\/tags?post=38321"}],"curies":[{"name":"wp","href":"https:\/\/api.w.org\/{rel}","templated":true}]}}