{"id":38356,"date":"2018-09-05T10:40:52","date_gmt":"2018-09-05T15:40:52","guid":{"rendered":"http:\/\/www.evafm.net\/sitio\/?p=38356"},"modified":"2018-09-05T10:40:52","modified_gmt":"2018-09-05T15:40:52","slug":"precios-de-boletos-para-el-clasico-del-astillero-de-este-domingo-en-el-capwell","status":"publish","type":"post","link":"https:\/\/www.evafm.net\/sitio\/precios-de-boletos-para-el-clasico-del-astillero-de-este-domingo-en-el-capwell\/","title":{"rendered":"Precios de boletos para el Cl\u00e1sico del Astillero de este domingo en el Capwell"},"content":{"rendered":"<p>El Club Sport Emelec dio a conocer este lunes los precios de los boletos para el\u00a0<strong>Cl\u00e1sico del Astillero<\/strong>, que se jugar\u00e1 el pr\u00f3ximo domingo 9 de septiembre en el Estadio George Capwell.<\/p>\n<p>El encuentro se jugar\u00e1 a partir de las 18:00.<\/p>\n<p>Emelec informa que la venta regular de boletos arranca el mi\u00e9rcoles en las boleter\u00edas del Capwell, Comandato, cadena de farmacias Pharmacy&#8217;s y en los centros comerciales Riocentro Sur, Riocentro Norte, Mall del Sur y City Mall.<\/p>\n<p>Mientras que para los socios la preventa exclusiva se inicia el martes, en las boleter\u00edas del estadio y en Riocentro Norte.<\/p>\n<h2><strong>Precios de los boletos<\/strong><\/h2>\n<p>Generales: 10 d\u00f3lares<\/p>\n<p>Tribuna General G\u00f3mez: 12 d\u00f3lares<\/p>\n<p>Palco P\u00edo Mont\u00fafar: 12 d\u00f3lares<\/p>\n<p>Tribuna San Mart\u00edn: 15 d\u00f3lares<\/p>\n<p>Palco General G\u00f3mez: 30 d\u00f3lares<\/p>\n<p>Adicional de suite: 30 d\u00f3lares. (D)<\/p>\n<blockquote class=\"twitter-tweet\" data-width=\"550\" data-dnt=\"true\">\n<p lang=\"es\" dir=\"ltr\">\u00a1A reventar La Caldera este <a href=\"https:\/\/twitter.com\/hashtag\/Cl%C3%A1sicoDelAstillero?src=hash&amp;ref_src=twsrc%5Etfw\">#Cl\u00e1sicoDelAstillero<\/a>! \ud83c\udfdf Adquiere tus entradas a partir del MI\u00c9RCOLES y ven a alentar al <a href=\"https:\/\/twitter.com\/hashtag\/Bombillo?src=hash&amp;ref_src=twsrc%5Etfw\">#Bombillo<\/a> en el partido inmortal. <a href=\"https:\/\/twitter.com\/hashtag\/DelBombilloSoy?src=hash&amp;ref_src=twsrc%5Etfw\">#DelBombilloSoy<\/a> \u26a1\ufe0f\ud83d\udd35 <a href=\"https:\/\/t.co\/bfOFg6U30s\">pic.twitter.com\/bfOFg6U30s<\/a><\/p>\n<p>&mdash; Club Sport Emelec (@CSEmelec) <a href=\"https:\/\/twitter.com\/CSEmelec\/status\/1036693448064225280?ref_src=twsrc%5Etfw\">September 3, 2018<\/a><\/p><\/blockquote>\n<p><script async src=\"https:\/\/platform.twitter.com\/widgets.js\" charset=\"utf-8\"><\/script><\/p>\n<div class=\"gsp_post_data\" \r\n\t            data-post_type=\"post\" \r\n\t            data-cat=\"deportes-ecuador,general\" \r\n\t            data-modified=\"120\"\r\n\t            data-created=\"1536144052\"\r\n\t            data-title=\"Precios de boletos para el Cl\u00e1sico del Astillero de este domingo en el Capwell\" \r\n\t            data-home=\"https:\/\/www.evafm.net\/sitio\"><\/div>","protected":false},"excerpt":{"rendered":"<p>El Club Sport Emelec dio a conocer este lunes los precios de los boletos para el\u00a0Cl\u00e1sico del Astillero, que se jugar\u00e1 el pr\u00f3ximo domingo 9 de septiembre en el Estadio George Capwell. El encuentro se jugar\u00e1 a partir de las 18:00. Emelec informa que la venta regular de boletos arranca el mi\u00e9rcoles en las boleter\u00edas&#8230;<\/p>\n","protected":false},"author":5,"featured_media":38358,"comment_status":"closed","ping_status":"open","sticky":false,"template":"","format":"standard","meta":{"_joinchat":[],"footnotes":""},"categories":[1557,1720],"tags":[],"class_list":["post-38356","post","type-post","status-publish","format-standard","has-post-thumbnail","hentry","category-deportes-ecuador","category-general","have-post-thumb"],"_links":{"self":[{"href":"https:\/\/www.evafm.net\/sitio\/wp-json\/wp\/v2\/posts\/38356","targetHints":{"allow":["GET"]}}],"collection":[{"href":"https:\/\/www.evafm.net\/sitio\/wp-json\/wp\/v2\/posts"}],"about":[{"href":"https:\/\/www.evafm.net\/sitio\/wp-json\/wp\/v2\/types\/post"}],"author":[{"embeddable":true,"href":"https:\/\/www.evafm.net\/sitio\/wp-json\/wp\/v2\/users\/5"}],"replies":[{"embeddable":true,"href":"https:\/\/www.evafm.net\/sitio\/wp-json\/wp\/v2\/comments?post=38356"}],"version-history":[{"count":1,"href":"https:\/\/www.evafm.net\/sitio\/wp-json\/wp\/v2\/posts\/38356\/revisions"}],"predecessor-version":[{"id":38359,"href":"https:\/\/www.evafm.net\/sitio\/wp-json\/wp\/v2\/posts\/38356\/revisions\/38359"}],"wp:featuredmedia":[{"embeddable":true,"href":"https:\/\/www.evafm.net\/sitio\/wp-json\/wp\/v2\/media\/38358"}],"wp:attachment":[{"href":"https:\/\/www.evafm.net\/sitio\/wp-json\/wp\/v2\/media?parent=38356"}],"wp:term":[{"taxonomy":"category","embeddable":true,"href":"https:\/\/www.evafm.net\/sitio\/wp-json\/wp\/v2\/categories?post=38356"},{"taxonomy":"post_tag","embeddable":true,"href":"https:\/\/www.evafm.net\/sitio\/wp-json\/wp\/v2\/tags?post=38356"}],"curies":[{"name":"wp","href":"https:\/\/api.w.org\/{rel}","templated":true}]}}