{"id":38364,"date":"2018-09-05T11:07:37","date_gmt":"2018-09-05T16:07:37","guid":{"rendered":"http:\/\/www.evafm.net\/sitio\/?p=38364"},"modified":"2018-09-05T11:07:37","modified_gmt":"2018-09-05T16:07:37","slug":"demian-bichir-lucha-contra-espiritus-malignos-en-la-monja","status":"publish","type":"post","link":"https:\/\/www.evafm.net\/sitio\/demian-bichir-lucha-contra-espiritus-malignos-en-la-monja\/","title":{"rendered":"Demi\u00e1n Bichir lucha contra esp\u00edritus malignos en &#8216;La Monja&#8217;"},"content":{"rendered":"<p>CIUDAD DE M\u00c9XICO.<\/p>\n<p class=\"letter-capitular\">El actor mexicano\u00a0<strong>Demi\u00e1n Bichir<\/strong>, quien visit\u00f3 su pa\u00eds natal para promocionar\u00a0<strong>La Monja<\/strong>\u00a0(<strong>The Nun<\/strong>), quinta entrega del universo cinematogr\u00e1fico de\u00a0<strong>El Conjuro<\/strong>, reconoci\u00f3 que no es alguien religioso pero s\u00ed cree en las energ\u00edas de las personas y lugares.<\/p>\n<p>Bichir interpreta al\u00a0<strong>Padre Burke<\/strong>\u00a0en la nueva pel\u00edcula de\u00a0<strong>Corin Hardy<\/strong>\u00a0que se estrenar\u00e1 a nivel mundial este viernes,\u00a07 de septiembre.<\/p>\n<p>Ser\u00e1 un sacerdote con un pasado tormentoso que no pierde la fe y que deber\u00e1 sostener una nueva batalla contra esp\u00edritus malignos.<\/p>\n<p>Para dicho personaje, reconoci\u00f3 que no le cost\u00f3 trabajo ya que no es la primera vez que encarna a un padre, adem\u00e1s de que creci\u00f3 en una familia cat\u00f3lica, aunque precis\u00f3, no continu\u00f3 con esas creencias.<\/p>\n<h3>CREE EN LA ENERG\u00cdA<\/h3>\n<p>Esa misma energ\u00eda, asegur\u00f3, estuvo presente durante el rodaje de\u00a0<strong>La Monja<\/strong>, pero neg\u00f3 haber tenido alguna experiencia paranormal, algo que suele pasar en la filmaci\u00f3n de alguna pel\u00edcula de terror.<\/p>\n<p>\u201cCuando fuimos a Rumania estaba ese castillo fant\u00e1stico en donde Bram Stoker se inspir\u00f3 en (los libros de) &#8216;Dr\u00e1cula&#8217;. Cuando est\u00e1s ah\u00ed t\u00fa sientes esa energ\u00eda, sabes que algo pas\u00f3 ah\u00ed, que hubo personas.<\/p>\n<p>Por otra parte, Bichir confes\u00f3 que es una persona a la que no le gusta el terror, por lo que vio\u00a0<strong>La Monja<\/strong>\u00a0en partes (se tapaba y destapa los ojos). Durante la filmaci\u00f3n todo fue diferente.<\/p>\n<p>\u201cLo disfrut\u00e9 mucho y estoy muy contento de haberlo hecho\u201d, destac\u00f3.<\/p>\n<h3>LE DIO MIEDO SER ENTERRADO<\/h3>\n<p>Bichir admiti\u00f3 que\u00a0hubo una escena que le dio miedo, ya que queda enterrado \u201cmuy profundamente, sab\u00eda que no iba a ser f\u00e1cil salir, estoy bien con espacios peque\u00f1os, pero creo que esa es una de las grandes pesadillas de todos, ser enterrado vivo\u201d.<\/p>\n<p><strong>La Monja<\/strong>\u00a0(<strong>The Nun<\/strong>)\u00a0est\u00e1 ambientada en los a\u00f1os 50. El extra\u00f1o suicidio de una hermana religiosa llama la atenci\u00f3n del Vaticano, que le da el caso al Padre Burke\u00a0para investigar lo sucedido. En esta traves\u00eda el sacerdote estar\u00e1 acompa\u00f1ado de la\u00a0<strong>Hermana Irene\u00a0<\/strong>(<strong>Taissa Farmiga<\/strong>), una novicia que est\u00e1 a punto de hacer sus votos.<\/p>\n<p>\u201cTodos los elementos que te rodean ayudan, el lugar, la energ\u00eda, la utiler\u00eda, todo. Hay veces que no es tan f\u00e1cil y cuesta trabajo entrar en el papel y la \u00e9poca, pero esta vez no fue as\u00ed, hay una gran producci\u00f3n detr\u00e1s, tuvimos suerte porque tuvimos el mejor equipo, una gran producci\u00f3n y un gran lugar\u201d, destac\u00f3 Demi\u00e1n.<\/p>\n<p><img decoding=\"async\" src=\"https:\/\/cdn2.excelsior.com.mx\/media\/pictures\/2018\/09\/05\/1997095.jpg\" \/><\/p>\n<p><img decoding=\"async\" src=\"https:\/\/cdn2.excelsior.com.mx\/media\/pictures\/2018\/09\/05\/1997096.jpg\" \/><\/p>\n<p><img decoding=\"async\" src=\"https:\/\/cdn2.excelsior.com.mx\/media\/pictures\/2018\/09\/05\/1997098.jpg\" \/><\/p>\n<p><img decoding=\"async\" src=\"https:\/\/cdn2.excelsior.com.mx\/media\/pictures\/2018\/09\/05\/1997099.jpg\" \/><\/p>\n<p><img decoding=\"async\" src=\"https:\/\/cdn2.excelsior.com.mx\/media\/pictures\/2018\/09\/05\/1997100.jpg\" \/><\/p>\n<p><img decoding=\"async\" src=\"https:\/\/cdn2.excelsior.com.mx\/media\/pictures\/2018\/09\/05\/1997102.jpg\" \/><\/p>\n<p><iframe title=\"THE NUN - Official Teaser Trailer [HD]\" width=\"1200\" height=\"675\" src=\"https:\/\/www.youtube.com\/embed\/pzD9zGcUNrw?feature=oembed\" frameborder=\"0\" allow=\"accelerometer; autoplay; clipboard-write; encrypted-media; gyroscope; picture-in-picture; web-share\" referrerpolicy=\"strict-origin-when-cross-origin\" allowfullscreen><\/iframe><\/p>\n<p>Fuente: excelsior.com.mx<\/p>\n<blockquote><p>&nbsp;<\/p><\/blockquote>\n<div class=\"gsp_post_data\" \r\n\t            data-post_type=\"post\" \r\n\t            data-cat=\"espectaculos,general\" \r\n\t            data-modified=\"120\"\r\n\t            data-created=\"1536145657\"\r\n\t            data-title=\"Demi\u00e1n Bichir lucha contra esp\u00edritus malignos en &#8216;La Monja&#8217;\" \r\n\t            data-home=\"https:\/\/www.evafm.net\/sitio\"><\/div>","protected":false},"excerpt":{"rendered":"<p>CIUDAD DE M\u00c9XICO. El actor mexicano\u00a0Demi\u00e1n Bichir, quien visit\u00f3 su pa\u00eds natal para promocionar\u00a0La Monja\u00a0(The Nun), quinta entrega del universo cinematogr\u00e1fico de\u00a0El Conjuro, reconoci\u00f3 que no es alguien religioso pero s\u00ed cree en las energ\u00edas de las personas y lugares. Bichir interpreta al\u00a0Padre Burke\u00a0en la nueva pel\u00edcula de\u00a0Corin Hardy\u00a0que se estrenar\u00e1 a nivel mundial este&#8230;<\/p>\n","protected":false},"author":5,"featured_media":38366,"comment_status":"closed","ping_status":"open","sticky":false,"template":"","format":"standard","meta":{"_joinchat":[],"footnotes":""},"categories":[4,1720],"tags":[],"class_list":["post-38364","post","type-post","status-publish","format-standard","has-post-thumbnail","hentry","category-espectaculos","category-general","have-post-thumb"],"_links":{"self":[{"href":"https:\/\/www.evafm.net\/sitio\/wp-json\/wp\/v2\/posts\/38364","targetHints":{"allow":["GET"]}}],"collection":[{"href":"https:\/\/www.evafm.net\/sitio\/wp-json\/wp\/v2\/posts"}],"about":[{"href":"https:\/\/www.evafm.net\/sitio\/wp-json\/wp\/v2\/types\/post"}],"author":[{"embeddable":true,"href":"https:\/\/www.evafm.net\/sitio\/wp-json\/wp\/v2\/users\/5"}],"replies":[{"embeddable":true,"href":"https:\/\/www.evafm.net\/sitio\/wp-json\/wp\/v2\/comments?post=38364"}],"version-history":[{"count":1,"href":"https:\/\/www.evafm.net\/sitio\/wp-json\/wp\/v2\/posts\/38364\/revisions"}],"predecessor-version":[{"id":38367,"href":"https:\/\/www.evafm.net\/sitio\/wp-json\/wp\/v2\/posts\/38364\/revisions\/38367"}],"wp:featuredmedia":[{"embeddable":true,"href":"https:\/\/www.evafm.net\/sitio\/wp-json\/wp\/v2\/media\/38366"}],"wp:attachment":[{"href":"https:\/\/www.evafm.net\/sitio\/wp-json\/wp\/v2\/media?parent=38364"}],"wp:term":[{"taxonomy":"category","embeddable":true,"href":"https:\/\/www.evafm.net\/sitio\/wp-json\/wp\/v2\/categories?post=38364"},{"taxonomy":"post_tag","embeddable":true,"href":"https:\/\/www.evafm.net\/sitio\/wp-json\/wp\/v2\/tags?post=38364"}],"curies":[{"name":"wp","href":"https:\/\/api.w.org\/{rel}","templated":true}]}}