{"id":38368,"date":"2018-09-05T11:15:16","date_gmt":"2018-09-05T16:15:16","guid":{"rendered":"http:\/\/www.evafm.net\/sitio\/?p=38368"},"modified":"2018-09-05T11:15:16","modified_gmt":"2018-09-05T16:15:16","slug":"dua-lipa-lanzara-un-album-deluxe","status":"publish","type":"post","link":"https:\/\/www.evafm.net\/sitio\/dua-lipa-lanzara-un-album-deluxe\/","title":{"rendered":"Dua Lipa lanzara un \u00e1lbum \u00abdeluxe\u00bb"},"content":{"rendered":"<p><strong>Dua Lipa<\/strong>\u00a0lanzar\u00e1 una nueva versi\u00f3n de su primer \u00e1lbum.\u00a0<em>Dua Lipa Complete Edition<\/em>\u00a0estar\u00e1 disponible a partir del 19 de octubre y tendr\u00e1 muchas novedades.<\/p>\n<p>El disco estar\u00e1 compuesto por 25 canciones con temas ya conocidos como One Kiss junto a Calvin Harris, Scared To Be Lonely con Martin Garrix y No Liecon Sean Paul.<\/p>\n<p>Las nuevas colaboraciones vienen de la mano de Kiss and Make Up junto a BlackPink y Electricity con Silk City.<\/p>\n<p>El primer \u00e1lbum de Dua Lipa fue lanzado el 2 de junio de 2017 y fue todo en \u00e9xito a nivel mundial.<\/p>\n<p><em>Habr\u00e1 que esperar unos d\u00edas m\u00e1s para escuchar esta nueva versi\u00f3n&#8230;<\/em><\/p>\n<p>https:\/\/twitter.com\/DUALIPA\/status\/1036855146721013760<\/p>\n<p>Fuente: los40.com.ar &#8211; twitter.com<\/p>\n<div class=\"gsp_post_data\" \r\n\t            data-post_type=\"post\" \r\n\t            data-cat=\"general,musica-internacional\" \r\n\t            data-modified=\"120\"\r\n\t            data-created=\"1536146116\"\r\n\t            data-title=\"Dua Lipa lanzara un \u00e1lbum \u00abdeluxe\u00bb\" \r\n\t            data-home=\"https:\/\/www.evafm.net\/sitio\"><\/div>","protected":false},"excerpt":{"rendered":"<p>Dua Lipa\u00a0lanzar\u00e1 una nueva versi\u00f3n de su primer \u00e1lbum.\u00a0Dua Lipa Complete Edition\u00a0estar\u00e1 disponible a partir del 19 de octubre y tendr\u00e1 muchas novedades. El disco estar\u00e1 compuesto por 25 canciones con temas ya conocidos como One Kiss junto a Calvin Harris, Scared To Be Lonely con Martin Garrix y No Liecon Sean Paul. Las nuevas&#8230;<\/p>\n","protected":false},"author":5,"featured_media":38370,"comment_status":"closed","ping_status":"open","sticky":false,"template":"","format":"standard","meta":{"_joinchat":[],"footnotes":""},"categories":[1720,2],"tags":[],"class_list":["post-38368","post","type-post","status-publish","format-standard","has-post-thumbnail","hentry","category-general","category-musica-internacional","have-post-thumb"],"_links":{"self":[{"href":"https:\/\/www.evafm.net\/sitio\/wp-json\/wp\/v2\/posts\/38368","targetHints":{"allow":["GET"]}}],"collection":[{"href":"https:\/\/www.evafm.net\/sitio\/wp-json\/wp\/v2\/posts"}],"about":[{"href":"https:\/\/www.evafm.net\/sitio\/wp-json\/wp\/v2\/types\/post"}],"author":[{"embeddable":true,"href":"https:\/\/www.evafm.net\/sitio\/wp-json\/wp\/v2\/users\/5"}],"replies":[{"embeddable":true,"href":"https:\/\/www.evafm.net\/sitio\/wp-json\/wp\/v2\/comments?post=38368"}],"version-history":[{"count":1,"href":"https:\/\/www.evafm.net\/sitio\/wp-json\/wp\/v2\/posts\/38368\/revisions"}],"predecessor-version":[{"id":38371,"href":"https:\/\/www.evafm.net\/sitio\/wp-json\/wp\/v2\/posts\/38368\/revisions\/38371"}],"wp:featuredmedia":[{"embeddable":true,"href":"https:\/\/www.evafm.net\/sitio\/wp-json\/wp\/v2\/media\/38370"}],"wp:attachment":[{"href":"https:\/\/www.evafm.net\/sitio\/wp-json\/wp\/v2\/media?parent=38368"}],"wp:term":[{"taxonomy":"category","embeddable":true,"href":"https:\/\/www.evafm.net\/sitio\/wp-json\/wp\/v2\/categories?post=38368"},{"taxonomy":"post_tag","embeddable":true,"href":"https:\/\/www.evafm.net\/sitio\/wp-json\/wp\/v2\/tags?post=38368"}],"curies":[{"name":"wp","href":"https:\/\/api.w.org\/{rel}","templated":true}]}}