{"id":38382,"date":"2018-09-05T11:42:34","date_gmt":"2018-09-05T16:42:34","guid":{"rendered":"http:\/\/www.evafm.net\/sitio\/?p=38382"},"modified":"2018-09-05T11:42:34","modified_gmt":"2018-09-05T16:42:34","slug":"fundacion-sag-aftra-honrara-a-harrison-ford-y-lady-gaga","status":"publish","type":"post","link":"https:\/\/www.evafm.net\/sitio\/fundacion-sag-aftra-honrara-a-harrison-ford-y-lady-gaga\/","title":{"rendered":"Fundaci\u00f3n SAG-AFTRA honrar\u00e1 a Harrison Ford y Lady Gaga"},"content":{"rendered":"<p>LOS \u00c1NGELES.<\/p>\n<p class=\"letter-capitular\">Harrison Ford y Lady Gaga ser\u00e1n homenajeados por la Fundaci\u00f3n SAG-AFTRA con el premio Artists Inspiration por sus contribuciones a causas humanitarias y filantr\u00f3picas.<\/p>\n<p>La organizaci\u00f3n no lucrativa dijo el martes que entregar\u00e1 estos reconocimientos en su tercera gala anual de los premios Patron of the Artists, el 8 de noviembre en Beverly Hills.<\/p>\n<p>Tanto Gaga como Ford est\u00e1n activamente involucrados con un n\u00famero de organizaciones filantr\u00f3picas. Por m\u00e1s de 25 a\u00f1os, Ford ha sido un defensor del medio ambiente mediante su apoyo al grupo Conservation International, de cuya junta directiva es vicepresidente. Gaga, en tanto, cre\u00f3 la Fundaci\u00f3n Born This Way, enfocada en empoderar a la juventud y en la investigaci\u00f3n de la salud mental.<\/p>\n<p>Entre otros agasajados previos con el premio Artists Inspiration se encuentran Leonardo DiCaprio y Lionel Ritchie.<\/p>\n<p>hch<\/p>\n<p>Fuente: excelsior.com.mx<\/p>\n<div class=\"gsp_post_data\" \r\n\t            data-post_type=\"post\" \r\n\t            data-cat=\"farandula-internacional\" \r\n\t            data-modified=\"120\"\r\n\t            data-created=\"1536147754\"\r\n\t            data-title=\"Fundaci\u00f3n SAG-AFTRA honrar\u00e1 a Harrison Ford y Lady Gaga\" \r\n\t            data-home=\"https:\/\/www.evafm.net\/sitio\"><\/div>","protected":false},"excerpt":{"rendered":"<p>LOS \u00c1NGELES. Harrison Ford y Lady Gaga ser\u00e1n homenajeados por la Fundaci\u00f3n SAG-AFTRA con el premio Artists Inspiration por sus contribuciones a causas humanitarias y filantr\u00f3picas. La organizaci\u00f3n no lucrativa dijo el martes que entregar\u00e1 estos reconocimientos en su tercera gala anual de los premios Patron of the Artists, el 8 de noviembre en Beverly&#8230;<\/p>\n","protected":false},"author":5,"featured_media":38383,"comment_status":"closed","ping_status":"open","sticky":false,"template":"","format":"standard","meta":{"_joinchat":[],"footnotes":""},"categories":[1346],"tags":[],"class_list":["post-38382","post","type-post","status-publish","format-standard","has-post-thumbnail","hentry","category-farandula-internacional","have-post-thumb"],"_links":{"self":[{"href":"https:\/\/www.evafm.net\/sitio\/wp-json\/wp\/v2\/posts\/38382","targetHints":{"allow":["GET"]}}],"collection":[{"href":"https:\/\/www.evafm.net\/sitio\/wp-json\/wp\/v2\/posts"}],"about":[{"href":"https:\/\/www.evafm.net\/sitio\/wp-json\/wp\/v2\/types\/post"}],"author":[{"embeddable":true,"href":"https:\/\/www.evafm.net\/sitio\/wp-json\/wp\/v2\/users\/5"}],"replies":[{"embeddable":true,"href":"https:\/\/www.evafm.net\/sitio\/wp-json\/wp\/v2\/comments?post=38382"}],"version-history":[{"count":1,"href":"https:\/\/www.evafm.net\/sitio\/wp-json\/wp\/v2\/posts\/38382\/revisions"}],"predecessor-version":[{"id":38384,"href":"https:\/\/www.evafm.net\/sitio\/wp-json\/wp\/v2\/posts\/38382\/revisions\/38384"}],"wp:featuredmedia":[{"embeddable":true,"href":"https:\/\/www.evafm.net\/sitio\/wp-json\/wp\/v2\/media\/38383"}],"wp:attachment":[{"href":"https:\/\/www.evafm.net\/sitio\/wp-json\/wp\/v2\/media?parent=38382"}],"wp:term":[{"taxonomy":"category","embeddable":true,"href":"https:\/\/www.evafm.net\/sitio\/wp-json\/wp\/v2\/categories?post=38382"},{"taxonomy":"post_tag","embeddable":true,"href":"https:\/\/www.evafm.net\/sitio\/wp-json\/wp\/v2\/tags?post=38382"}],"curies":[{"name":"wp","href":"https:\/\/api.w.org\/{rel}","templated":true}]}}