{"id":38458,"date":"2018-09-06T13:08:33","date_gmt":"2018-09-06T18:08:33","guid":{"rendered":"http:\/\/www.evafm.net\/sitio\/?p=38458"},"modified":"2018-09-06T13:08:33","modified_gmt":"2018-09-06T18:08:33","slug":"michael-arroyo-se-defiende-y-espera-que-levanten-sancion","status":"publish","type":"post","link":"https:\/\/www.evafm.net\/sitio\/michael-arroyo-se-defiende-y-espera-que-levanten-sancion\/","title":{"rendered":"Michael Arroyo se defiende y espera que levanten sanci\u00f3n"},"content":{"rendered":"<p>El jugador de Barcelona Michael Arroyo asegur\u00f3 este mi\u00e9rcoles 5 de septiembre que la pelea que tuvo con el jugador de Macar\u00e1 no fue para expulsi\u00f3n.<\/p>\n<p>\u00abRespeto la decisi\u00f3n que tom\u00f3 el juez pero no la comparto porque si ustedes se dan cuenta, la verdad no fue una pelea fuerte como para recibir la tarjeta roja, fue un roce normal con un chico que conozco hace tiempo\u00bb, dijo Arroyo ante los medios de comunicaci\u00f3n. Esto en referencia a la jugada con un futbolista del Macar\u00e1 y que lo tiene, por ahora, suspendido.<\/p>\n<p>\u00abNo hubo un forcejeo tan fuerte como para recibir la roja, fue un empuj\u00f3n leve. Uno sale triste porque no era para roja ni tampoco para tarjeta amarilla, no entiendo la decisi\u00f3n del juez porque no insult\u00e9 al rival\u00bb, agreg\u00f3 el volante &#8216;amarillo&#8217;.<\/p>\n<p>&#8216;Gambetita&#8217; est\u00e1 a la espera de la apelaci\u00f3n que present\u00f3 el club para que la pena baje de 2 a 1 fecha y as\u00ed poder jugar el cl\u00e1sico del astillero este domingo (18:00)\u00a0en el estadio George Capwell.<\/p>\n<p>Fuente: ecuavisa.com<\/p>\n<div class=\"gsp_post_data\" \r\n\t            data-post_type=\"post\" \r\n\t            data-cat=\"deportes-ecuador\" \r\n\t            data-modified=\"120\"\r\n\t            data-created=\"1536239313\"\r\n\t            data-title=\"Michael Arroyo se defiende y espera que levanten sanci\u00f3n\" \r\n\t            data-home=\"https:\/\/www.evafm.net\/sitio\"><\/div>","protected":false},"excerpt":{"rendered":"<p>El jugador de Barcelona Michael Arroyo asegur\u00f3 este mi\u00e9rcoles 5 de septiembre que la pelea que tuvo con el jugador de Macar\u00e1 no fue para expulsi\u00f3n. \u00abRespeto la decisi\u00f3n que tom\u00f3 el juez pero no la comparto porque si ustedes se dan cuenta, la verdad no fue una pelea fuerte como para recibir la tarjeta&#8230;<\/p>\n","protected":false},"author":5,"featured_media":38459,"comment_status":"closed","ping_status":"open","sticky":false,"template":"","format":"standard","meta":{"_joinchat":[],"footnotes":""},"categories":[1557],"tags":[],"class_list":["post-38458","post","type-post","status-publish","format-standard","has-post-thumbnail","hentry","category-deportes-ecuador","have-post-thumb"],"_links":{"self":[{"href":"https:\/\/www.evafm.net\/sitio\/wp-json\/wp\/v2\/posts\/38458","targetHints":{"allow":["GET"]}}],"collection":[{"href":"https:\/\/www.evafm.net\/sitio\/wp-json\/wp\/v2\/posts"}],"about":[{"href":"https:\/\/www.evafm.net\/sitio\/wp-json\/wp\/v2\/types\/post"}],"author":[{"embeddable":true,"href":"https:\/\/www.evafm.net\/sitio\/wp-json\/wp\/v2\/users\/5"}],"replies":[{"embeddable":true,"href":"https:\/\/www.evafm.net\/sitio\/wp-json\/wp\/v2\/comments?post=38458"}],"version-history":[{"count":1,"href":"https:\/\/www.evafm.net\/sitio\/wp-json\/wp\/v2\/posts\/38458\/revisions"}],"predecessor-version":[{"id":38460,"href":"https:\/\/www.evafm.net\/sitio\/wp-json\/wp\/v2\/posts\/38458\/revisions\/38460"}],"wp:featuredmedia":[{"embeddable":true,"href":"https:\/\/www.evafm.net\/sitio\/wp-json\/wp\/v2\/media\/38459"}],"wp:attachment":[{"href":"https:\/\/www.evafm.net\/sitio\/wp-json\/wp\/v2\/media?parent=38458"}],"wp:term":[{"taxonomy":"category","embeddable":true,"href":"https:\/\/www.evafm.net\/sitio\/wp-json\/wp\/v2\/categories?post=38458"},{"taxonomy":"post_tag","embeddable":true,"href":"https:\/\/www.evafm.net\/sitio\/wp-json\/wp\/v2\/tags?post=38458"}],"curies":[{"name":"wp","href":"https:\/\/api.w.org\/{rel}","templated":true}]}}