{"id":38471,"date":"2018-09-06T14:03:39","date_gmt":"2018-09-06T19:03:39","guid":{"rendered":"http:\/\/www.evafm.net\/sitio\/?p=38471"},"modified":"2018-09-06T14:03:39","modified_gmt":"2018-09-06T19:03:39","slug":"mariano-soso-enfocado-en-afrontar-su-primer-clasico-con-emelec","status":"publish","type":"post","link":"https:\/\/www.evafm.net\/sitio\/mariano-soso-enfocado-en-afrontar-su-primer-clasico-con-emelec\/","title":{"rendered":"Mariano Soso, enfocado en afrontar su primer Cl\u00e1sico con Emelec"},"content":{"rendered":"<p>Emelec intensifica sus trabajos en Samanes para afrontar como local el atractivo\u00a0<strong>Cl\u00e1sico del Astille<\/strong>ro\u00a0de este domingo (18:00) en el estadio Capwell.<\/p>\n<p>El entrenador argentino\u00a0Mariano Soso\u00a0-que se estrenar\u00e1 en un Cl\u00e1sico del Astillero- se enfoca en los trabajos t\u00e1cticos para pulir al rol titular azul.<\/p>\n<p>Como cada mi\u00e9rcoles, Soso prob\u00f3 a los posibles titulares, pero d\u00e1ndoles minutos tambi\u00e9n a los considerados suplentes, con la intenci\u00f3n de definir a qui\u00e9n alinear de acuerdo con los que mejores cualidades demuestren en la pr\u00e1ctica.<\/p>\n<p>Soso ensay\u00f3 con Fernando Luna y Joel L\u00f3pez como jugadores de enganche, Dennis Quintero y Nicol\u00e1s Queiroz como volantes centrales y Robert Burbano y Carlos Orejuela como extremos derechos.<\/p>\n<p>Romario Caicedo entren\u00f3 como sustituto de Juan Carlos Paredes, quien est\u00e1 convocado en la Selecci\u00f3n de Ecuador para el amistoso en EE.UU.<\/p>\n<p>Romario Caicedo llegar\u00eda a este Cl\u00e1sico con una inactividad prolongada, pues del 15 de julio hasta esta fecha, en casi dos meses, solo jug\u00f3 los \u00faltimos seis minutos del encuentro del 26 de agosto en que Emelec cay\u00f3 0-1 ante Universidad Cat\u00f3lica, en Quito.<\/p>\n<p>Mientras, los lesionados trabajan para recuperarse. \u00d3scar Bag\u00fc\u00ed entrena con normalidad, pero la pr\u00f3xima semana reci\u00e9n podr\u00eda ser considerado en encuentros de f\u00fatbol por Soso.<\/p>\n<p>En tanto que Osbaldo Lastra tambi\u00e9n entrena sin molestias y a la par del grupo y podr\u00eda ser tomado en cuenta al menos como suplente el domingo.<\/p>\n<p>Hoy Emelec entrenar\u00e1 en Samanes o en el estadio Capwell para empezar a definir la alineaci\u00f3n. (D)<\/p>\n<p>Fuente: eluniverso.com<\/p>\n<div class=\"gsp_post_data\" \r\n\t            data-post_type=\"post\" \r\n\t            data-cat=\"deportes-ecuador,general\" \r\n\t            data-modified=\"120\"\r\n\t            data-created=\"1536242619\"\r\n\t            data-title=\"Mariano Soso, enfocado en afrontar su primer Cl\u00e1sico con Emelec\" \r\n\t            data-home=\"https:\/\/www.evafm.net\/sitio\"><\/div>","protected":false},"excerpt":{"rendered":"<p>Emelec intensifica sus trabajos en Samanes para afrontar como local el atractivo\u00a0Cl\u00e1sico del Astillero\u00a0de este domingo (18:00) en el estadio Capwell. El entrenador argentino\u00a0Mariano Soso\u00a0-que se estrenar\u00e1 en un Cl\u00e1sico del Astillero- se enfoca en los trabajos t\u00e1cticos para pulir al rol titular azul. Como cada mi\u00e9rcoles, Soso prob\u00f3 a los posibles titulares, pero d\u00e1ndoles&#8230;<\/p>\n","protected":false},"author":5,"featured_media":38472,"comment_status":"closed","ping_status":"open","sticky":false,"template":"","format":"standard","meta":{"_joinchat":[],"footnotes":""},"categories":[1557,1720],"tags":[],"class_list":["post-38471","post","type-post","status-publish","format-standard","has-post-thumbnail","hentry","category-deportes-ecuador","category-general","have-post-thumb"],"_links":{"self":[{"href":"https:\/\/www.evafm.net\/sitio\/wp-json\/wp\/v2\/posts\/38471","targetHints":{"allow":["GET"]}}],"collection":[{"href":"https:\/\/www.evafm.net\/sitio\/wp-json\/wp\/v2\/posts"}],"about":[{"href":"https:\/\/www.evafm.net\/sitio\/wp-json\/wp\/v2\/types\/post"}],"author":[{"embeddable":true,"href":"https:\/\/www.evafm.net\/sitio\/wp-json\/wp\/v2\/users\/5"}],"replies":[{"embeddable":true,"href":"https:\/\/www.evafm.net\/sitio\/wp-json\/wp\/v2\/comments?post=38471"}],"version-history":[{"count":1,"href":"https:\/\/www.evafm.net\/sitio\/wp-json\/wp\/v2\/posts\/38471\/revisions"}],"predecessor-version":[{"id":38473,"href":"https:\/\/www.evafm.net\/sitio\/wp-json\/wp\/v2\/posts\/38471\/revisions\/38473"}],"wp:featuredmedia":[{"embeddable":true,"href":"https:\/\/www.evafm.net\/sitio\/wp-json\/wp\/v2\/media\/38472"}],"wp:attachment":[{"href":"https:\/\/www.evafm.net\/sitio\/wp-json\/wp\/v2\/media?parent=38471"}],"wp:term":[{"taxonomy":"category","embeddable":true,"href":"https:\/\/www.evafm.net\/sitio\/wp-json\/wp\/v2\/categories?post=38471"},{"taxonomy":"post_tag","embeddable":true,"href":"https:\/\/www.evafm.net\/sitio\/wp-json\/wp\/v2\/tags?post=38471"}],"curies":[{"name":"wp","href":"https:\/\/api.w.org\/{rel}","templated":true}]}}