{"id":38486,"date":"2018-09-07T11:31:53","date_gmt":"2018-09-07T16:31:53","guid":{"rendered":"http:\/\/www.evafm.net\/sitio\/?p=38486"},"modified":"2018-09-07T11:31:53","modified_gmt":"2018-09-07T16:31:53","slug":"la-directora-del-hospital-revelo-el-estado-de-jair-bolsonaro","status":"publish","type":"post","link":"https:\/\/www.evafm.net\/sitio\/la-directora-del-hospital-revelo-el-estado-de-jair-bolsonaro\/","title":{"rendered":"La directora del hospital revel\u00f3 el estado de Jair Bolsonaro:"},"content":{"rendered":"<div class=\"row\">\n<div class=\"col-xs-12 col-print-12\">\n<p class=\"element element-paragraph\">El ultraderechista Jair Bolsonaro, l\u00edder en los sondeos para las elecciones presidenciales de octubre en Brasil,\u00a0<b>fue hospitalizado en estado \u00abmuy grave\u00bb, con riesgo de muerte, pero se encuentra estable y reaccion\u00f3 \u00absatisfactoriamente\u00bb a la cirug\u00eda a la que fue sometido tras ser acuchillado.<\/b><\/p>\n<\/div>\n<\/div>\n<div class=\"row\">\n<div class=\"col-xs-12 col-print-12\">\n<p class=\"element element-paragraph\">Eunice Dantas, m\u00e9dica del Hospital Casa de la Misericordia de la ciudad de Juiz de Fora, revel\u00f3 a<i>\u00a0O&#8217;Globo<\/i>\u00a0que Bolsonaro hab\u00eda perdido mucha sangre cuando lleg\u00f3 al lugar.\u00a0\u00a0<b>\u00abPerdi\u00f3 el 40% de la sangre del cuerpo, unos 2 o 2,5 litros. Su presi\u00f3n era de 8\/4 y v\u00ed c\u00f3mo recibi\u00f3 4 bolsas de transfusi\u00f3n\u00bb,\u00a0cont\u00f3.<\/b><\/p>\n<\/div>\n<\/div>\n<div class=\"row\">\n<div class=\"col-xs-12 col-print-12\">\n<p class=\"element element-paragraph\">El pol\u00e9mico candidato fue sometido a\u00a0<b>una delicada cirug\u00eda de dos horas para tratarle un corte en una vena en el abdomen que le provoc\u00f3 la grave hemorragia, as\u00ed como tres heridas en el intestino delgado y otra en el colon transverso.<\/b><\/p>\n<\/div>\n<\/div>\n<div class=\"row\">\n<div class=\"col-xs-12 col-print-12\">\n<p class=\"element element-paragraph\">El diputado\u00a0\u00a0fue acuchillado cuando era cargado en hombros en medio de una multitud en una c\u00e9ntrica calle de Juiz de Fora,\u00a0la segunda mayor ciudad del estado de Minas Gerais (sureste), lo que provoc\u00f3 conmoci\u00f3n en el pa\u00eds y llev\u00f3 a los dem\u00e1s candidatos a cancelar sus agendas provisionalmente.<\/p>\n<div class=\"row\">\n<div class=\"col-xs-12 col-print-12\">\n<p class=\"element element-paragraph\">\u00abLas lesiones graves que amenazaban su vida fueron identificadas y tratadas en la cirug\u00eda, y \u00e9l ya se encuentra en una unidad de cuidados intensivos, en estado grave pero estable en este momento\u00bb, explic\u00f3 el cirujano Luiz Henrique Borsato, que comand\u00f3 el equipo m\u00e9dico responsable por la operaci\u00f3n.<\/p>\n<\/div>\n<\/div>\n<div class=\"row\">\n<div class=\"col-xs-12 col-print-12\">\n<p class=\"element element-paragraph\">El especialista explic\u00f3 que, pese a q<b>ue el ataque se limit\u00f3 a una \u00fanica perforaci\u00f3n, el cuchillo usado por el agresor alcanz\u00f3 varios \u00f3rganos y una vena, por lo que el diputado sufri\u00f3 una grave hemorragia que le provoc\u00f3 un choque hipovol\u00e9mico (el coraz\u00f3n no recibe un flujo normal de sangre).<\/b><\/p>\n<\/div>\n<\/div>\n<div class=\"row\">\n<div class=\"col-xs-12 col-print-12\">\n<p class=\"element element-paragraph\">\u00abAdem\u00e1s de la hemorragia, tratada con sutura venosa, las otras tres lesiones en el intestino tambi\u00e9n fueron suturadas, pero la del colon, en el intestino grueso, a\u00fan no fue cerrada porque hab\u00eda una contaminaci\u00f3n de heces en el abdomen, por lo que lo sometimos a una colostom\u00eda (bolsa externa para depositar temporalmente las heces)\u00bb, agreg\u00f3 el cirujano, quien aclar\u00f3 que la operaci\u00f3n fue abierta y no laparosc\u00f3pica como se hab\u00eda informado inicialmente.<\/p>\n<\/div>\n<\/div>\n<div class=\"row\">\n<div class=\"col-xs-12 col-print-12\">\n<p class=\"element element-paragraph\">Im\u00e1genes ampliamente divulgadas en las redes sociales muestran el momento en que Bolsonaro, vistiendo una camiseta con los colores del uniforme de la selecci\u00f3n brasile\u00f1a, se retuerce de dolor al ser acuchillado.<\/p>\n<div class=\"row\">\n<div class=\"col-xs-12 col-print-12\">\n<p class=\"element element-paragraph\">La Polic\u00eda Militarizada de Minas Gerais inform\u00f3 de que\u00a0detuvo a un hombre identificado como Adelio Bispo de Oliveira, de 40 a\u00f1os,\u00a0al que un grupo intentaba linchar tras acusarlo del ataque y que posteriormente confes\u00f3 ser el autor del atentado.<\/p>\n<\/div>\n<\/div>\n<div class=\"row\">\n<div class=\"col-xs-12 col-print-12\">\n<p class=\"element element-paragraph\">\u00abDijo inicialmente que no simpatizaba con Bolsonaro, pero con el transcurso de las investigaciones, probablemente, debe pasar m\u00e1s informaciones\u00bb, se\u00f1alaron a Efe fuentes de la Polic\u00eda Militarizada, que describieron al agresor como \u00abmentalmente pleno y totalmente consciente de aquel acto que parece que fue premeditado\u00bb.<\/p>\n<div class=\"row\">\n<div class=\"col-xs-12 col-print-12\">\n<p class=\"element element-paragraph\"><b>Bispo de Oliveira, que lleg\u00f3 a estar afiliado por unos a\u00f1os a un partido izquierdista<\/b>, public\u00f3 en los \u00faltimos meses en las redes sociales mensajes criticando la situaci\u00f3n del pa\u00eds y a los pol\u00edticos en general, incluyendo a Bolsonaro.<\/p>\n<\/div>\n<\/div>\n<div class=\"row\">\n<div class=\"col-xs-12 col-print-12\">\n<p class=\"element element-paragraph\">La polic\u00eda, adem\u00e1s\u00a0<strong>busca entre los pacientes y personal del Hospital a qui\u00e9n filtr\u00f3 la imagen de Bolsonaro reci\u00e9n ingresado, en la sala de emergencia.<\/strong><\/p>\n<div class=\"row\">\n<div class=\"col-xs-12 col-print-12\">\n<p class=\"element element-paragraph\">El ultraderechista es uno de los candidatos m\u00e1s pol\u00e9micos en la actual disputa electoral debido a que es un defensor de la \u00faltima dictadura militar en Brasil (1964-1985); ha generado diversas protestas por sus insistentes declaraciones machistas, racistas y hom\u00f3fobas, y enfrenta procesos judiciales por discriminaci\u00f3n e incitaci\u00f3n a la violaci\u00f3n.<\/p>\n<p>&nbsp;<\/p>\n<p><iframe title=\"Jair Bolsonaro, apu\u00f1alado en Brasil | #TPANoticias\" width=\"1200\" height=\"675\" src=\"https:\/\/www.youtube.com\/embed\/PGsGJjSVMdU?feature=oembed\" frameborder=\"0\" allow=\"accelerometer; autoplay; clipboard-write; encrypted-media; gyroscope; picture-in-picture; web-share\" referrerpolicy=\"strict-origin-when-cross-origin\" allowfullscreen><\/iframe><\/p>\n<p><iframe title=\"Jair Bolsonaro en cuidados intensivos tras ser apu\u00f1alado en pleno acto de campa\u00f1a\" width=\"1200\" height=\"675\" src=\"https:\/\/www.youtube.com\/embed\/dcLTb4BbjR4?feature=oembed\" frameborder=\"0\" allow=\"accelerometer; autoplay; clipboard-write; encrypted-media; gyroscope; picture-in-picture; web-share\" referrerpolicy=\"strict-origin-when-cross-origin\" allowfullscreen><\/iframe><\/p>\n<div class=\"single-image\">\n<div class=\"shares\">\n<div class=\"share-button facebook\"><\/div>\n<\/div>\n<p><img decoding=\"async\" id=\"OOYXIHTZ3ZCOVJ7L7JWFRMD6UE\" class=\"image-lazy\" src=\"https:\/\/www.infobae.com\/new-resizer\/DklZz0uz_DG3OY6ukaxcVezv2Ws=\/600x0\/filters:quality(100)\/s3.amazonaws.com\/arc-wordpress-client-uploads\/infobae-wp\/wp-content\/uploads\/2018\/09\/06162221\/Jair-Bolsonaro.jpg\" alt=\"El momento en que Jair Bolsonaro es trasladado tras el ataque\" width=\"750\" height=\"421.875\" \/><\/div>\n<p><span class=\"credit\">El momento en que Jair Bolsonaro es trasladado tras el ataque.<\/span><\/p>\n<div class=\"pb-container\">\n<div id=\"cwkfqy1m9fYAZq\" class=\"col-md-8 col-sm-12 col-xs-12 pb-layout-item pb-chain pb-c-list-chain left-align\">\n<div id=\"f0HF5eKm9fYAZq\" class=\"wrapper clearfix full pb-feature pb-layout-item pb-f-article-body no-align\">\n<div id=\"article-body\" class=\"article-body article-body-elements\">\n<div id=\"article-content\">\n<div class=\"row\">\n<figure class=\"element element-image col-xs-12\">\n<div class=\"single-image\">\n<div class=\"shares\">\n<div class=\"share-button facebook\"><\/div>\n<\/div>\n<p><img decoding=\"async\" id=\"XLJMDDMKLFBJBD6ODAJUJCFFOM\" class=\"image-lazy\" src=\"https:\/\/www.infobae.com\/new-resizer\/mspz8nWasT0n5eH-AS-SmGCS638=\/600x0\/filters:quality(100)\/s3.amazonaws.com\/arc-wordpress-client-uploads\/infobae-wp\/wp-content\/uploads\/2018\/09\/06181417\/Adelio-Obispo-de-Oliveira-sospechoso-Bolsonaro.jpg\" alt=\"Fotograf\u00eda cedida por la Polic\u00eda Militar muestra a Adelio Obispo de Oliveira, sospechoso de apu\u00f1alar al candidato presidencial Jair Bolsonaro, hoy, jueves 6 de septiembre de 2018, en la ciudad de Juiz de Fora (Brasil). (EFE)\" width=\"750\" height=\"421.875\" \/><\/div><figcaption class=\"\"><span class=\"credit\">Fotograf\u00eda cedida por la Polic\u00eda Militar muestra a Adelio Obispo de Oliveira, sospechoso de apu\u00f1alar al candidato presidencial Jair Bolsonaro, hoy, jueves 6 de septiembre de 2018, en la ciudad de Juiz de Fora (Brasil). (EFE)<\/span><\/figcaption><\/figure>\n<\/div>\n<div class=\"row\">\n<div class=\"col-xs-12 col-print-12\"><\/div>\n<\/div>\n<div class=\"row\">\n<figure class=\"element element-image col-xs-12\">\n<div class=\"single-image\">\n<div class=\"shares\">\n<div class=\"share-button facebook\"><\/div>\n<\/div>\n<p><img decoding=\"async\" id=\"T6PWVMUD4BBNDAFMPZCFT5LFWY\" class=\"image-lazy\" src=\"https:\/\/www.infobae.com\/new-resizer\/uoeQpmtcWh_ELy5dtdFGoxvAoHo=\/600x0\/filters:quality(100)\/s3.amazonaws.com\/arc-wordpress-client-uploads\/infobae-wp\/wp-content\/uploads\/2018\/09\/06173042\/Jair-Bolsonaro-hospital.jpg\" alt=\"Bolsonaro atendido en el hospital. La polic\u00eda busca al autor de esta imagen\" width=\"750\" height=\"421.875\" \/><\/div><figcaption class=\"\"><span class=\"credit\">Bolsonaro atendido en el hospital. La polic\u00eda busca al autor de esta imagen<\/span><\/figcaption><\/figure>\n<\/div>\n<div class=\"row\">\n<div class=\"col-xs-12 col-print-12\"><\/div>\n<\/div>\n<\/div>\n<\/div>\n<\/div>\n<\/div>\n<\/div>\n<\/div>\n<\/div>\n<div class=\"row\">\n<div class=\"col-xs-12 col-print-12\">\n<p>Fuente: infobae.com &#8211; youtube.com<\/p>\n<\/div>\n<\/div>\n<\/div>\n<\/div>\n<\/div>\n<\/div>\n<\/div>\n<\/div>\n<\/div>\n<\/div>\n<div class=\"gsp_post_data\" \r\n\t            data-post_type=\"post\" \r\n\t            data-cat=\"noticias-internacionales\" \r\n\t            data-modified=\"120\"\r\n\t            data-created=\"1536319913\"\r\n\t            data-title=\"La directora del hospital revel\u00f3 el estado de Jair Bolsonaro:\" \r\n\t            data-home=\"https:\/\/www.evafm.net\/sitio\"><\/div>","protected":false},"excerpt":{"rendered":"<p>El ultraderechista Jair Bolsonaro, l\u00edder en los sondeos para las elecciones presidenciales de octubre en Brasil,\u00a0fue hospitalizado en estado \u00abmuy grave\u00bb, con riesgo de muerte, pero se encuentra estable y reaccion\u00f3 \u00absatisfactoriamente\u00bb a la cirug\u00eda a la que fue sometido tras ser acuchillado. Eunice Dantas, m\u00e9dica del Hospital Casa de la Misericordia de la ciudad&#8230;<\/p>\n","protected":false},"author":5,"featured_media":38489,"comment_status":"closed","ping_status":"open","sticky":false,"template":"","format":"standard","meta":{"_joinchat":[],"footnotes":""},"categories":[1345],"tags":[],"class_list":["post-38486","post","type-post","status-publish","format-standard","has-post-thumbnail","hentry","category-noticias-internacionales","have-post-thumb"],"_links":{"self":[{"href":"https:\/\/www.evafm.net\/sitio\/wp-json\/wp\/v2\/posts\/38486","targetHints":{"allow":["GET"]}}],"collection":[{"href":"https:\/\/www.evafm.net\/sitio\/wp-json\/wp\/v2\/posts"}],"about":[{"href":"https:\/\/www.evafm.net\/sitio\/wp-json\/wp\/v2\/types\/post"}],"author":[{"embeddable":true,"href":"https:\/\/www.evafm.net\/sitio\/wp-json\/wp\/v2\/users\/5"}],"replies":[{"embeddable":true,"href":"https:\/\/www.evafm.net\/sitio\/wp-json\/wp\/v2\/comments?post=38486"}],"version-history":[{"count":1,"href":"https:\/\/www.evafm.net\/sitio\/wp-json\/wp\/v2\/posts\/38486\/revisions"}],"predecessor-version":[{"id":38490,"href":"https:\/\/www.evafm.net\/sitio\/wp-json\/wp\/v2\/posts\/38486\/revisions\/38490"}],"wp:featuredmedia":[{"embeddable":true,"href":"https:\/\/www.evafm.net\/sitio\/wp-json\/wp\/v2\/media\/38489"}],"wp:attachment":[{"href":"https:\/\/www.evafm.net\/sitio\/wp-json\/wp\/v2\/media?parent=38486"}],"wp:term":[{"taxonomy":"category","embeddable":true,"href":"https:\/\/www.evafm.net\/sitio\/wp-json\/wp\/v2\/categories?post=38486"},{"taxonomy":"post_tag","embeddable":true,"href":"https:\/\/www.evafm.net\/sitio\/wp-json\/wp\/v2\/tags?post=38486"}],"curies":[{"name":"wp","href":"https:\/\/api.w.org\/{rel}","templated":true}]}}