{"id":38491,"date":"2018-09-07T12:02:24","date_gmt":"2018-09-07T17:02:24","guid":{"rendered":"http:\/\/www.evafm.net\/sitio\/?p=38491"},"modified":"2018-09-07T12:02:24","modified_gmt":"2018-09-07T17:02:24","slug":"el-222o-clasico-del-astillero-con-el-liderato-en-juego","status":"publish","type":"post","link":"https:\/\/www.evafm.net\/sitio\/el-222o-clasico-del-astillero-con-el-liderato-en-juego\/","title":{"rendered":"El 222\u00ba Cl\u00e1sico del Astillero, con el liderato en juego"},"content":{"rendered":"<p>A la espera de un eventual perd\u00f3n a Michael Arroyo, hoy, para que el futbolista de Barcelona pueda jugar el pr\u00f3ximo Cl\u00e1sico del Astillero, Dennis Quintero indic\u00f3 que Emelec se prepara \u201cacorde al rival (de turno), no a un jugador en particular\u201d.<\/p>\n<p>El mediocampista millonario, que ha alternado entre el banquillo \u2013siempre con minutos en campo\u2013 y la titularidad en las \u00faltimas cuatro fechas, reconoci\u00f3 ayer que Arroyo \u201ces un jugador importante\u201d; no obstante, puntualiz\u00f3: \u201cNos preparamos acorde a Barcelona en conjunto, no a dicho jugador\u201d.<\/p>\n<p>Millonarios recibir\u00e1n el domingo (18:00) a toreros en el estadio George Capwell, en la 222<strong>\u00aa<\/strong>\u00a0edici\u00f3n, por campeonato nacional, del duelo m\u00e1s importante del f\u00fatbol ecuatoriano.<\/p>\n<p>La punta de la segunda etapa estar\u00e1 en juego, puesto que el elenco entrenado por Guillermo Almada es l\u00edder con 15 puntos y los pupilos de Mariano Soso se ubican apenas a dos unidades por debajo.<\/p>\n<p>En adici\u00f3n, ambos clubes buscar\u00e1n levantar cabeza tras los \u00faltimos resultados en la competici\u00f3n local: Barcelona solo sum\u00f3 dos puntos en sus tres \u00faltimas presentaciones, mientras que Emelec se muestra irregular en su campa\u00f1a y reci\u00e9n igual\u00f3 con Macar\u00e1.<\/p>\n<p>Pero \u201cel Cl\u00e1sico es un partido aparte\u201d, agreg\u00f3 Quintero.<\/p>\n<p>En su visita al escenario azul, el DT Almada no podr\u00e1 contar con Jos\u00e9 Ayov\u00ed, quien se lesion\u00f3 el pasado domingo contra Guayaquil City y presenta un esguince de tobillo; en duda permanecen el capit\u00e1n Mat\u00edas Oyola y Ariel Nahuelp\u00e1n. Tampoco estar\u00e1 Mario Pineida, convocado a la Tricolor.<\/p>\n<p>Del lado de la tienda azul, Juan Carlos Paredes se perder\u00e1 este partido tambi\u00e9n por figurar en la Selecci\u00f3n. Lo podr\u00eda reemplazar el propio Quintero o Romario Caicedo. (D)<\/p>\n<p>Fuente: eluniverso.com<\/p>\n<div class=\"gsp_post_data\" \r\n\t            data-post_type=\"post\" \r\n\t            data-cat=\"deportes-ecuador,general\" \r\n\t            data-modified=\"120\"\r\n\t            data-created=\"1536321744\"\r\n\t            data-title=\"El 222\u00ba Cl\u00e1sico del Astillero, con el liderato en juego\" \r\n\t            data-home=\"https:\/\/www.evafm.net\/sitio\"><\/div>","protected":false},"excerpt":{"rendered":"<p>A la espera de un eventual perd\u00f3n a Michael Arroyo, hoy, para que el futbolista de Barcelona pueda jugar el pr\u00f3ximo Cl\u00e1sico del Astillero, Dennis Quintero indic\u00f3 que Emelec se prepara \u201cacorde al rival (de turno), no a un jugador en particular\u201d. El mediocampista millonario, que ha alternado entre el banquillo \u2013siempre con minutos en&#8230;<\/p>\n","protected":false},"author":5,"featured_media":38493,"comment_status":"closed","ping_status":"open","sticky":false,"template":"","format":"standard","meta":{"_joinchat":[],"footnotes":""},"categories":[1557,1720],"tags":[],"class_list":["post-38491","post","type-post","status-publish","format-standard","has-post-thumbnail","hentry","category-deportes-ecuador","category-general","have-post-thumb"],"_links":{"self":[{"href":"https:\/\/www.evafm.net\/sitio\/wp-json\/wp\/v2\/posts\/38491","targetHints":{"allow":["GET"]}}],"collection":[{"href":"https:\/\/www.evafm.net\/sitio\/wp-json\/wp\/v2\/posts"}],"about":[{"href":"https:\/\/www.evafm.net\/sitio\/wp-json\/wp\/v2\/types\/post"}],"author":[{"embeddable":true,"href":"https:\/\/www.evafm.net\/sitio\/wp-json\/wp\/v2\/users\/5"}],"replies":[{"embeddable":true,"href":"https:\/\/www.evafm.net\/sitio\/wp-json\/wp\/v2\/comments?post=38491"}],"version-history":[{"count":1,"href":"https:\/\/www.evafm.net\/sitio\/wp-json\/wp\/v2\/posts\/38491\/revisions"}],"predecessor-version":[{"id":38494,"href":"https:\/\/www.evafm.net\/sitio\/wp-json\/wp\/v2\/posts\/38491\/revisions\/38494"}],"wp:featuredmedia":[{"embeddable":true,"href":"https:\/\/www.evafm.net\/sitio\/wp-json\/wp\/v2\/media\/38493"}],"wp:attachment":[{"href":"https:\/\/www.evafm.net\/sitio\/wp-json\/wp\/v2\/media?parent=38491"}],"wp:term":[{"taxonomy":"category","embeddable":true,"href":"https:\/\/www.evafm.net\/sitio\/wp-json\/wp\/v2\/categories?post=38491"},{"taxonomy":"post_tag","embeddable":true,"href":"https:\/\/www.evafm.net\/sitio\/wp-json\/wp\/v2\/tags?post=38491"}],"curies":[{"name":"wp","href":"https:\/\/api.w.org\/{rel}","templated":true}]}}