{"id":38555,"date":"2018-09-08T11:58:58","date_gmt":"2018-09-08T16:58:58","guid":{"rendered":"http:\/\/www.evafm.net\/sitio\/?p=38555"},"modified":"2018-09-08T11:58:59","modified_gmt":"2018-09-08T16:58:59","slug":"el-ejercito-colombiano-abatio-a-un-disidente-de-las-farc","status":"publish","type":"post","link":"https:\/\/www.evafm.net\/sitio\/el-ejercito-colombiano-abatio-a-un-disidente-de-las-farc\/","title":{"rendered":"El Ej\u00e9rcito colombiano abati\u00f3 a un disidente de las FARC"},"content":{"rendered":"<div class=\"row\">\n<div class=\"col-xs-12 col-print-12\">\n<p class=\"element element-paragraph\">El l\u00edder de las Guerrillas Unidas del Pac\u00edfico, una de las principales disidencias de las desmovilizadas FARC en Colombia,\u00a0<strong>muri\u00f3 en un combate con las Fuerzas Armadas<\/strong>, en\u00a0<strong>uno de los golpes m\u00e1s fuertes<\/strong>\u00a0contra los grupos que se apartaron del acuerdo de paz, inform\u00f3 el s\u00e1bado el presidente\u00a0<strong>Iv\u00e1n Duque<\/strong>.<\/p>\n<\/div>\n<\/div>\n<div class=\"row\">\n<div class=\"col-xs-12 col-print-12\">\n<p class=\"element element-paragraph\">La muerte de\u00a0<strong>V\u00edctor David Segura, alias \u00abDavid\u00bb<\/strong>, se produjo cerca de la ciudad de Tumaco, en el departamento de Nari\u00f1o, una conflictiva regi\u00f3n del suroeste de Colombia fronteriza con Ecuador, que concentra las m\u00e1s extensas plantaciones de hoja de coca y en donde varios grupos armados ilegales se enfrentan por el control de las rutas del narcotr\u00e1fico en el Oc\u00e9ano Pac\u00edfico.<\/p>\n<p>\u00ab<strong>Felicitamos a la Fuerza P\u00fablica que nos reporta que fue abatido alias &#8216;David&#8217;, principal cabecilla de las disidencias de las FARC en el Pac\u00edfico<\/strong>. Responsable de narcotr\u00e1fico, homicidios, extorsi\u00f3n, desplazamiento forzado, secuestros. Avanzamos en plan de Choque 100 d\u00edas\u00bb, escribi\u00f3 Duque en su cuenta de Twitter.<\/p>\n<div class=\"row\">\n<div class=\"col-xs-12 col-print-12\">\n<p class=\"element element-paragraph\">El Gobierno colombiano ofrec\u00eda una recompensa de\u00a0<strong>m\u00e1s de 48.000 d\u00f3lares<\/strong>\u00a0por Segura, quien muri\u00f3 junto a su hermana mientras se enfrentaba a efectivos de la Armada y la Polic\u00eda Nacional con armas de fuego de largo alcance.<\/p>\n<\/div>\n<\/div>\n<div class=\"row\">\n<div class=\"col-xs-12 col-print-12\">\n<p class=\"element element-paragraph\"><strong>Alias \u00abDavid\u00bb dirig\u00eda un grupo de 120 hombres que se apartaron del acuerdo de paz<\/strong>firmado en 2016 entre el Gobierno del ex presidente Juan Manuel Santos y las izquierdistas Fuerzas Armadas Revolucionarias de Colombia (FARC) para poner fin a un conflicto armado de m\u00e1s de medio siglo que ha dejado m\u00e1s de 260.000 muertos.<\/p>\n<div class=\"row\">\n<div class=\"col-xs-12 col-print-12\">\n<p class=\"element element-paragraph\">Aunque unos 12.000 integrantes de las FARC, incluidos m\u00e1s de 6.000 combatientes, depusieron las armas y se reintegraron a la sociedad conformando un partido pol\u00edtico,\u00a0<strong>m\u00e1s de 1.200 se apartaron del acuerdo de paz y conformaron grupos disidentes<\/strong>\u00a0dedicados al narcotr\u00e1fico y a la miner\u00eda ilegal.<\/p>\n<\/div>\n<\/div>\n<div class=\"row\">\n<div class=\"col-xs-12 col-print-12\">\n<p class=\"element element-paragraph\">Adem\u00e1s de las Guerrillas Unidas del Pac\u00edfico, otra de las disidencias que se disputa el control del narcotr\u00e1fico en Tumaco es el frente\u00a0<strong>Oliver Sinisterra<\/strong>, dirigido por el pr\u00f3fugo\u00a0<strong>Walter Arizala<\/strong>, acusado del secuestro y posterior asesinato en abril de tres miembros de un equipo period\u00edstico de un medio ecuatoriano.<\/p>\n<div class=\"single-image\">\n<div class=\"shares\">\n<div class=\"share-button facebook\"><\/div>\n<\/div>\n<p><img decoding=\"async\" id=\"JAVBL3CMIJF7BIVLYSU5JGZVNM\" class=\"image-lazy\" src=\"https:\/\/www.infobae.com\/new-resizer\/bbkU0VN3DhSbF-ABfjdswsXCZdQ=\/600x0\/filters:quality(100)\/s3.amazonaws.com\/arc-wordpress-client-uploads\/infobae-wp\/wp-content\/uploads\/2018\/09\/08130349\/David-FARC.jpg\" alt=\"\u201cDavid\u201d era el l\u00edder de una de las disidencias de las FARC\" width=\"750\" height=\"421.875\" \/><\/div>\n<p><span class=\"credit\">\u201cDavid\u201d era el l\u00edder de una de las disidencias de las FARC.<\/span><\/p>\n<blockquote class=\"twitter-tweet\" data-width=\"550\" data-dnt=\"true\">\n<p lang=\"es\" dir=\"ltr\">Amag\u00e1 I Felicitamos a la Fuerza P\u00fablica que nos reporta que fue abatido alias \u2018David\u2019, principal cabecilla de las disidencias de las Farc en el Pac\u00edfico. Responsable de narcotr\u00e1fico, homicidios, extorsi\u00f3n, desplazamiento forzado, secuestros. Avanzamos en plan de Choque 100 d\u00edas.<\/p>\n<p>&mdash; Iv\u00e1n Duque \ud83c\udde8\ud83c\uddf4 (@IvanDuque) <a href=\"https:\/\/twitter.com\/IvanDuque\/status\/1038440989722071041?ref_src=twsrc%5Etfw\">September 8, 2018<\/a><\/p><\/blockquote>\n<p><script async src=\"https:\/\/platform.twitter.com\/widgets.js\" charset=\"utf-8\"><\/script><\/p>\n<blockquote class=\"twitter-tweet\" data-width=\"550\" data-dnt=\"true\">\n<p lang=\"es\" dir=\"ltr\">Alias <a href=\"https:\/\/twitter.com\/hashtag\/David?src=hash&amp;ref_src=twsrc%5Etfw\">#David<\/a>, quien fue abatido en operativo de <a href=\"https:\/\/twitter.com\/hashtag\/Fiscal%C3%ADa?src=hash&amp;ref_src=twsrc%5Etfw\">#Fiscal\u00eda<\/a>, <a href=\"https:\/\/twitter.com\/PoliciaColombia?ref_src=twsrc%5Etfw\">@PoliciaColombia<\/a>, <a href=\"https:\/\/twitter.com\/FuerzaAereaCol?ref_src=twsrc%5Etfw\">@FuerzaAereaCol<\/a>, <a href=\"https:\/\/twitter.com\/COL_EJERCITO?ref_src=twsrc%5Etfw\">@COL_EJERCITO<\/a> y <a href=\"https:\/\/twitter.com\/ArmadaColombia?ref_src=twsrc%5Etfw\">@ArmadaColombia<\/a>, era buscado por las autoridades para responder por los delitos de homicidio, concierto para delinquir, secuestro, narcotr\u00e1fico y desplazamiento forzado<\/p>\n<p>&mdash; Fiscal\u00eda Colombia (@FiscaliaCol) <a href=\"https:\/\/twitter.com\/FiscaliaCol\/status\/1038435378414399488?ref_src=twsrc%5Etfw\">September 8, 2018<\/a><\/p><\/blockquote>\n<p><script async src=\"https:\/\/platform.twitter.com\/widgets.js\" charset=\"utf-8\"><\/script><\/p>\n<blockquote class=\"twitter-tweet\" data-width=\"550\" data-dnt=\"true\">\n<p lang=\"es\" dir=\"ltr\">Alias <a href=\"https:\/\/twitter.com\/hashtag\/David?src=hash&amp;ref_src=twsrc%5Etfw\">#David<\/a>, cabecilla Guerrillas Unidas del Pac\u00edfico que fue abatido por <a href=\"https:\/\/twitter.com\/hashtag\/Fiscal%C3%ADa?src=hash&amp;ref_src=twsrc%5Etfw\">#Fiscal\u00eda<\/a>, <a href=\"https:\/\/twitter.com\/PoliciaColombia?ref_src=twsrc%5Etfw\">@PoliciaColombia<\/a>, <a href=\"https:\/\/twitter.com\/FuerzaAereaCol?ref_src=twsrc%5Etfw\">@FuerzaAereaCol<\/a>, <a href=\"https:\/\/twitter.com\/COL_EJERCITO?ref_src=twsrc%5Etfw\">@COL_EJERCITO<\/a> y <a href=\"https:\/\/twitter.com\/ArmadaColombia?ref_src=twsrc%5Etfw\">@ArmadaColombia<\/a>, habr\u00eda pertenecido a Frente 29 <a href=\"https:\/\/twitter.com\/hashtag\/Farc?src=hash&amp;ref_src=twsrc%5Etfw\">#Farc<\/a> y nunca se desmoviliz\u00f3. Su hermana, alias <a href=\"https:\/\/twitter.com\/hashtag\/Carmen?src=hash&amp;ref_src=twsrc%5Etfw\">#Carmen<\/a>, tercera al mando, tambi\u00e9n fue abatida<\/p>\n<p>&mdash; Fiscal\u00eda Colombia (@FiscaliaCol) <a href=\"https:\/\/twitter.com\/FiscaliaCol\/status\/1038439850242924544?ref_src=twsrc%5Etfw\">September 8, 2018<\/a><\/p><\/blockquote>\n<p><script async src=\"https:\/\/platform.twitter.com\/widgets.js\" charset=\"utf-8\"><\/script><\/p>\n<\/div>\n<\/div>\n<div class=\"row\">\n<div class=\"col-xs-12 col-print-12\">\n<p class=\"element element-paragraph\"><em>(Con informaci\u00f3n de Reuters)<\/em><\/p>\n<p>Fuente: infobae.com<\/p>\n<p>&nbsp;<\/p>\n<\/div>\n<\/div>\n<\/div>\n<\/div>\n<\/div>\n<\/div>\n<div class=\"gsp_post_data\" \r\n\t            data-post_type=\"post\" \r\n\t            data-cat=\"noticias-internacionales\" \r\n\t            data-modified=\"120\"\r\n\t            data-created=\"1536407938\"\r\n\t            data-title=\"El Ej\u00e9rcito colombiano abati\u00f3 a un disidente de las FARC\" \r\n\t            data-home=\"https:\/\/www.evafm.net\/sitio\"><\/div>","protected":false},"excerpt":{"rendered":"<p>El l\u00edder de las Guerrillas Unidas del Pac\u00edfico, una de las principales disidencias de las desmovilizadas FARC en Colombia,\u00a0muri\u00f3 en un combate con las Fuerzas Armadas, en\u00a0uno de los golpes m\u00e1s fuertes\u00a0contra los grupos que se apartaron del acuerdo de paz, inform\u00f3 el s\u00e1bado el presidente\u00a0Iv\u00e1n Duque. La muerte de\u00a0V\u00edctor David Segura, alias \u00abDavid\u00bb, se&#8230;<\/p>\n","protected":false},"author":5,"featured_media":38559,"comment_status":"closed","ping_status":"open","sticky":false,"template":"","format":"standard","meta":{"_joinchat":[],"footnotes":""},"categories":[1345],"tags":[],"class_list":["post-38555","post","type-post","status-publish","format-standard","has-post-thumbnail","hentry","category-noticias-internacionales","have-post-thumb"],"_links":{"self":[{"href":"https:\/\/www.evafm.net\/sitio\/wp-json\/wp\/v2\/posts\/38555","targetHints":{"allow":["GET"]}}],"collection":[{"href":"https:\/\/www.evafm.net\/sitio\/wp-json\/wp\/v2\/posts"}],"about":[{"href":"https:\/\/www.evafm.net\/sitio\/wp-json\/wp\/v2\/types\/post"}],"author":[{"embeddable":true,"href":"https:\/\/www.evafm.net\/sitio\/wp-json\/wp\/v2\/users\/5"}],"replies":[{"embeddable":true,"href":"https:\/\/www.evafm.net\/sitio\/wp-json\/wp\/v2\/comments?post=38555"}],"version-history":[{"count":1,"href":"https:\/\/www.evafm.net\/sitio\/wp-json\/wp\/v2\/posts\/38555\/revisions"}],"predecessor-version":[{"id":38560,"href":"https:\/\/www.evafm.net\/sitio\/wp-json\/wp\/v2\/posts\/38555\/revisions\/38560"}],"wp:featuredmedia":[{"embeddable":true,"href":"https:\/\/www.evafm.net\/sitio\/wp-json\/wp\/v2\/media\/38559"}],"wp:attachment":[{"href":"https:\/\/www.evafm.net\/sitio\/wp-json\/wp\/v2\/media?parent=38555"}],"wp:term":[{"taxonomy":"category","embeddable":true,"href":"https:\/\/www.evafm.net\/sitio\/wp-json\/wp\/v2\/categories?post=38555"},{"taxonomy":"post_tag","embeddable":true,"href":"https:\/\/www.evafm.net\/sitio\/wp-json\/wp\/v2\/tags?post=38555"}],"curies":[{"name":"wp","href":"https:\/\/api.w.org\/{rel}","templated":true}]}}