{"id":38601,"date":"2018-09-09T14:23:29","date_gmt":"2018-09-09T19:23:29","guid":{"rendered":"http:\/\/www.evafm.net\/sitio\/?p=38601"},"modified":"2018-09-09T14:23:29","modified_gmt":"2018-09-09T19:23:29","slug":"pamela-anderson-rompio-su-relacion-con-adil-rami","status":"publish","type":"post","link":"https:\/\/www.evafm.net\/sitio\/pamela-anderson-rompio-su-relacion-con-adil-rami\/","title":{"rendered":"Pamela Anderson rompi\u00f3 su relaci\u00f3n con Adil Rami"},"content":{"rendered":"<div class=\"row\">\n<div class=\"col-xs-12 col-print-12\">\n<p class=\"element element-paragraph\"><strong>La relaci\u00f3n entre la actriz Pamela Anderson y el jugador franc\u00e9s Adil Rami ha llegado a su fin tras m\u00e1s de dos a\u00f1os de noviazgo<\/strong>, seg\u00fan public\u00f3 el medio estadounidense\u00a0<em>TMZ.<\/em><\/p>\n<\/div>\n<\/div>\n<div class=\"row\">\n<div class=\"col-xs-12 col-print-12\">\n<p class=\"element element-paragraph\">La ex estrella de Baywatch\u00a0abandon\u00f3\u00a0la residencia que compart\u00eda\u00a0con el futbolista del\u00a0<strong>Olympic de Marsella<\/strong><strong>,\u00a0<\/strong>en la ciudad francesa, y regres\u00f3 a su mansi\u00f3n de Malib\u00fa.<\/p>\n<\/div>\n<\/div>\n<div class=\"row\">\n<div class=\"col-xs-12 col-print-12\">\n<p class=\"element element-paragraph\">De acuerdo al sitio<em>\u00a0Page Six<\/em>, la actriz de 51 a\u00f1os no quer\u00eda interponerse entre Rami y sus mellizos,\u00a0<strong>Zayn\u00a0<\/strong>y\u00a0<strong>Mad<\/strong>, fruto de su relaci\u00f3n con la modelo\u00a0Sidonie Bi\u00e9mont.\u00a0<strong>\u00abDespu\u00e9s de pasar una semana con los adorables gemelos de Adil\u2026 A Pamela le rompi\u00f3 el coraz\u00f3n que \u00e9l no los vea lo suficiente, como deber\u00eda hacer, as\u00ed que se fue<\/strong>\u00ab, se\u00f1al\u00f3 una fuente.<\/p>\n<div class=\"row\">\n<div class=\"col-xs-12 col-print-12\">\n<p class=\"element element-paragraph\">La int\u00e9rprete y activista estadounidense\u00a0<strong>est\u00e1 destrozada porque sigue enamorada del jugador<\/strong>\u00a0pero cree que ella es la raz\u00f3n por la que no pasa suficiente tiempo con sus hijos.<\/p>\n<\/div>\n<\/div>\n<div class=\"row\">\n<div class=\"col-xs-12 col-print-12\">\n<p class=\"element element-paragraph\">Anderson \u2013 seg\u00fan\u00a0<em>Page Six<\/em>\u2013 siente que ella es el motivo por el que Rami no mantiene una buena relaci\u00f3n con Bi\u00e9mont.\u00a0<strong>\u00abEs t\u00edpico de Pamela que se sacrifique por amor. Lo hace por su felicidad y la de sus hijos. Ellos lo necesitan m\u00e1s que ella\u00bb<\/strong>, a\u00f1adi\u00f3 el informante.<\/p>\n<p>https:\/\/www.instagram.com\/p\/BifINmGH1yt\/?utm_source=ig_web_copy_link<\/p>\n<div class=\"single-image\"><img decoding=\"async\" id=\"VXPU2E2AZRA7BMLH2WPKBD45QE\" class=\"image-lazy\" src=\"https:\/\/www.infobae.com\/new-resizer\/YWSA7s4LTAkox-Q1qoO1W_FXiBg=\/600x0\/filters:quality(100)\/s3.amazonaws.com\/arc-wordpress-client-uploads\/infobae-wp\/wp-content\/uploads\/2018\/09\/08204719\/pamela-anderson-adil-rami-3.jpg\" alt=\"Adil Rami y Pamela Anderson (Grosby Group)\" width=\"750\" height=\"985.9375000000001\" \/><\/div>\n<p><span class=\"credit\">Adil Rami y Pamela Anderson (Grosby Group)<\/span><\/p>\n<p>Fuente: infobae.com<\/p>\n<\/div>\n<\/div>\n<\/div>\n<\/div>\n<div class=\"gsp_post_data\" \r\n\t            data-post_type=\"post\" \r\n\t            data-cat=\"farandula-internacional\" \r\n\t            data-modified=\"120\"\r\n\t            data-created=\"1536503009\"\r\n\t            data-title=\"Pamela Anderson rompi\u00f3 su relaci\u00f3n con Adil Rami\" \r\n\t            data-home=\"https:\/\/www.evafm.net\/sitio\"><\/div>","protected":false},"excerpt":{"rendered":"<p>La relaci\u00f3n entre la actriz Pamela Anderson y el jugador franc\u00e9s Adil Rami ha llegado a su fin tras m\u00e1s de dos a\u00f1os de noviazgo, seg\u00fan public\u00f3 el medio estadounidense\u00a0TMZ. La ex estrella de Baywatch\u00a0abandon\u00f3\u00a0la residencia que compart\u00eda\u00a0con el futbolista del\u00a0Olympic de Marsella,\u00a0en la ciudad francesa, y regres\u00f3 a su mansi\u00f3n de Malib\u00fa. De acuerdo&#8230;<\/p>\n","protected":false},"author":5,"featured_media":38603,"comment_status":"closed","ping_status":"open","sticky":false,"template":"","format":"standard","meta":{"_joinchat":[],"footnotes":""},"categories":[1346],"tags":[],"class_list":["post-38601","post","type-post","status-publish","format-standard","has-post-thumbnail","hentry","category-farandula-internacional","have-post-thumb"],"_links":{"self":[{"href":"https:\/\/www.evafm.net\/sitio\/wp-json\/wp\/v2\/posts\/38601","targetHints":{"allow":["GET"]}}],"collection":[{"href":"https:\/\/www.evafm.net\/sitio\/wp-json\/wp\/v2\/posts"}],"about":[{"href":"https:\/\/www.evafm.net\/sitio\/wp-json\/wp\/v2\/types\/post"}],"author":[{"embeddable":true,"href":"https:\/\/www.evafm.net\/sitio\/wp-json\/wp\/v2\/users\/5"}],"replies":[{"embeddable":true,"href":"https:\/\/www.evafm.net\/sitio\/wp-json\/wp\/v2\/comments?post=38601"}],"version-history":[{"count":1,"href":"https:\/\/www.evafm.net\/sitio\/wp-json\/wp\/v2\/posts\/38601\/revisions"}],"predecessor-version":[{"id":38604,"href":"https:\/\/www.evafm.net\/sitio\/wp-json\/wp\/v2\/posts\/38601\/revisions\/38604"}],"wp:featuredmedia":[{"embeddable":true,"href":"https:\/\/www.evafm.net\/sitio\/wp-json\/wp\/v2\/media\/38603"}],"wp:attachment":[{"href":"https:\/\/www.evafm.net\/sitio\/wp-json\/wp\/v2\/media?parent=38601"}],"wp:term":[{"taxonomy":"category","embeddable":true,"href":"https:\/\/www.evafm.net\/sitio\/wp-json\/wp\/v2\/categories?post=38601"},{"taxonomy":"post_tag","embeddable":true,"href":"https:\/\/www.evafm.net\/sitio\/wp-json\/wp\/v2\/tags?post=38601"}],"curies":[{"name":"wp","href":"https:\/\/api.w.org\/{rel}","templated":true}]}}