{"id":38620,"date":"2018-09-10T10:41:47","date_gmt":"2018-09-10T15:41:47","guid":{"rendered":"http:\/\/www.evafm.net\/sitio\/?p=38620"},"modified":"2018-09-10T10:41:48","modified_gmt":"2018-09-10T15:41:48","slug":"vacancia-no-afectaria-causas-que-estan-rezagadas-en-la-corte-constitucional","status":"publish","type":"post","link":"https:\/\/www.evafm.net\/sitio\/vacancia-no-afectaria-causas-que-estan-rezagadas-en-la-corte-constitucional\/","title":{"rendered":"\u2018Vacancia\u2019 no afectar\u00eda causas que est\u00e1n rezagadas en la Corte Constitucional"},"content":{"rendered":"<div class=\"location-event\">Quito &#8211;<\/div>\n<p>La vacancia por 60 d\u00edas \u2018no afectar\u00eda\u2019 las funciones jurisdiccionales de la<strong>\u00a0Corte Constitucional\u00a0<\/strong>(CC), pues una de las razones por las cuales el<strong>\u00a0Consejo de Participaci\u00f3n Ciudadana\u00a0<\/strong>(CPC) ces\u00f3 a sus nueve jueces fue mantener casos rezagados desde el 2009.<\/p>\n<p>Seg\u00fan el CPC de transici\u00f3n, incumpl\u00edan su funci\u00f3n de despachar causas.<\/p>\n<p>La consecuencia de dejar a la CC sin titulares fue iniciar una vacancia de 60 d\u00edas, plazo en el que se presume ya estar\u00e1n designados sus reemplazos.<\/p>\n<p>En este periodo se dispuso que todas las acciones, demandas, peticiones, ser\u00e1n \u201creceptadas y remitidas sin obst\u00e1culo\u201d; y que \u201cplazos, t\u00e9rminos y consecuencias jur\u00eddicas y dem\u00e1s competencias de la Corte est\u00e1n suspendidas hasta la posesi\u00f3n de los nuevos magistrados\u201d.<\/p>\n<p>La oficina de atenci\u00f3n ciudadana sigue receptando las demandas y pedidos, pero no se tramitar\u00e1n hasta que se posesione a las autoridades.<\/p>\n<p>El informe de evaluaci\u00f3n del CPC transitorio detalla que entre el 2012 y julio del 2018 se receptaron 25.840 procesos. Solo 15.326 fueron sustanciados en la Sala de Admisi\u00f3n, \u201clo que representa que no han admitido, inadmitido o rechazado 10.514 causas\u201d.<\/p>\n<p>En los despachos, hasta julio pasado, se registraron 3.187 causas en tr\u00e1mite: ocho jueces ten\u00edan m\u00e1s de 300 en sus escritorios, a excepci\u00f3n de Manuel Viteri, que ten\u00eda 459.<\/p>\n<p>El consejero Xavier Zavala se abstuvo de votar por el cese, pues consideraba que pod\u00eda pedirse un informe de gesti\u00f3n, pero no aplicar la \u201cfacultad extraordinaria de cesar\u201d.<\/p>\n<p>Sin embargo, apoy\u00f3 la convocatoria al nuevo concurso de selecci\u00f3n, y la suspensi\u00f3n de los plazos y t\u00e9rminos porque \u201cno hab\u00eda otra alternativa\u201d.<\/p>\n<p>Reconoce que la vacancia es un \u201cvac\u00edo que se cre\u00f3\u201d por la salida de los jueces y la incapacidad del CPC de nominar autoridades de justicia. \u201cPero sostengo que los derechos est\u00e1n protegidos por los jueces de primera instancia que velan por las acciones de protecci\u00f3n y los derechos constitucionales de la ciudadan\u00eda\u201d, dice.<\/p>\n<p>El abogado Stalin Raza cree que esta vacancia no tendr\u00e1 un \u201cefecto traum\u00e1tico\u201d, pues \u201csi ahora no hay jueces que despachen, antes hab\u00eda jueces, pero tampoco se despachaba\u201d.<\/p>\n<p>Y exhorta a que la nueva Corte se dedique a despachar y \u201cen los primeros cien d\u00edas\u201d se ponga \u201cal d\u00eda\u201d; y que no divague en discusiones te\u00f3ricas.<\/p>\n<p>El constitucionalista Ismael Quintana no est\u00e1 de acuerdo en que se haya llamado vacancia a esta transici\u00f3n, pues pese a estar \u201cac\u00e9fala\u201d continuar\u00e1 funcionando. \u201cQue haya o no Corte nos da lo mismo, pues en diez a\u00f1os hubo denegaci\u00f3n de justicia constitucional para los ecuatorianos\u201d, reclam\u00f3.<\/p>\n<p>A su criterio, los pr\u00f3ximos magistrados tendr\u00e1n la tarea de conocer y despachar los casos rezagados y deber\u00edan hacerlo \u201cpor orden cronol\u00f3gico\u201d desde rezagadas desde el 2009.<\/p>\n<p>Tanto Quintana como Raza recuerdan que el pa\u00eds ya estuvo meses sin un \u00f3rgano de interpretaci\u00f3n constitucional.<\/p>\n<p>Por ejemplo, en 1999 el extinto Tribunal Constitucional (TC) concluy\u00f3 su periodo y \u201cno tuvimos tres meses el tribunal y no pas\u00f3 nada\u201d, dijo Quintana.<\/p>\n<p>Mientras Raza rememor\u00f3 el suceso de 2007 cuando el llamado \u2018Congreso de los Manteles\u2019 destituy\u00f3 al TC y \u201csolo qued\u00f3 personal administrativo, y no le pas\u00f3 nada al pa\u00eds\u201d. (I)<\/p>\n<p class=\"pullquote\"><strong>Concurso<\/strong><\/p>\n<p>El vocal Xavier Zavala asegur\u00f3 que no se modificar\u00e1 el proceso de selecci\u00f3n de los jueces de la Corte Constitucional: se integrar\u00e1 una Comisi\u00f3n Calificadora con dos delegados de las funciones Ejecutiva, Legislativa y de Transparencia. Esta realizar\u00e1 un concurso de m\u00e9ritos, con candidatos que provendr\u00e1n de una n\u00f3mina de nueve que deber\u00e1n remitir las funciones mencionadas.<\/p>\n<p>Fuente: eluniverso.com<\/p>\n<div class=\"gsp_post_data\" \r\n\t            data-post_type=\"post\" \r\n\t            data-cat=\"general,noticias-ecuador\" \r\n\t            data-modified=\"120\"\r\n\t            data-created=\"1536576107\"\r\n\t            data-title=\"\u2018Vacancia\u2019 no afectar\u00eda causas que est\u00e1n rezagadas en la Corte Constitucional\" \r\n\t            data-home=\"https:\/\/www.evafm.net\/sitio\"><\/div>","protected":false},"excerpt":{"rendered":"<p>Quito &#8211; La vacancia por 60 d\u00edas \u2018no afectar\u00eda\u2019 las funciones jurisdiccionales de la\u00a0Corte Constitucional\u00a0(CC), pues una de las razones por las cuales el\u00a0Consejo de Participaci\u00f3n Ciudadana\u00a0(CPC) ces\u00f3 a sus nueve jueces fue mantener casos rezagados desde el 2009. Seg\u00fan el CPC de transici\u00f3n, incumpl\u00edan su funci\u00f3n de despachar causas. La consecuencia de dejar a&#8230;<\/p>\n","protected":false},"author":5,"featured_media":38621,"comment_status":"closed","ping_status":"open","sticky":false,"template":"","format":"standard","meta":{"_joinchat":[],"footnotes":""},"categories":[1720,1558],"tags":[],"class_list":["post-38620","post","type-post","status-publish","format-standard","has-post-thumbnail","hentry","category-general","category-noticias-ecuador","have-post-thumb"],"_links":{"self":[{"href":"https:\/\/www.evafm.net\/sitio\/wp-json\/wp\/v2\/posts\/38620","targetHints":{"allow":["GET"]}}],"collection":[{"href":"https:\/\/www.evafm.net\/sitio\/wp-json\/wp\/v2\/posts"}],"about":[{"href":"https:\/\/www.evafm.net\/sitio\/wp-json\/wp\/v2\/types\/post"}],"author":[{"embeddable":true,"href":"https:\/\/www.evafm.net\/sitio\/wp-json\/wp\/v2\/users\/5"}],"replies":[{"embeddable":true,"href":"https:\/\/www.evafm.net\/sitio\/wp-json\/wp\/v2\/comments?post=38620"}],"version-history":[{"count":1,"href":"https:\/\/www.evafm.net\/sitio\/wp-json\/wp\/v2\/posts\/38620\/revisions"}],"predecessor-version":[{"id":38622,"href":"https:\/\/www.evafm.net\/sitio\/wp-json\/wp\/v2\/posts\/38620\/revisions\/38622"}],"wp:featuredmedia":[{"embeddable":true,"href":"https:\/\/www.evafm.net\/sitio\/wp-json\/wp\/v2\/media\/38621"}],"wp:attachment":[{"href":"https:\/\/www.evafm.net\/sitio\/wp-json\/wp\/v2\/media?parent=38620"}],"wp:term":[{"taxonomy":"category","embeddable":true,"href":"https:\/\/www.evafm.net\/sitio\/wp-json\/wp\/v2\/categories?post=38620"},{"taxonomy":"post_tag","embeddable":true,"href":"https:\/\/www.evafm.net\/sitio\/wp-json\/wp\/v2\/tags?post=38620"}],"curies":[{"name":"wp","href":"https:\/\/api.w.org\/{rel}","templated":true}]}}