{"id":38623,"date":"2018-09-10T10:47:01","date_gmt":"2018-09-10T15:47:01","guid":{"rendered":"http:\/\/www.evafm.net\/sitio\/?p=38623"},"modified":"2018-09-10T10:47:01","modified_gmt":"2018-09-10T15:47:01","slug":"mas-de-5-000-patronos-se-acogen-a-la-remision","status":"publish","type":"post","link":"https:\/\/www.evafm.net\/sitio\/mas-de-5-000-patronos-se-acogen-a-la-remision\/","title":{"rendered":"M\u00e1s de 5.000 patronos se acogen a la remisi\u00f3n"},"content":{"rendered":"<p>La remisi\u00f3n o condonaci\u00f3n de deudas que se prev\u00e9 en la\u00a0<b>Ley de Fomento Productivo<\/b>, en vigencia desde el pasado 21 de agosto, contin\u00faa. Las autoridades aspiran a recaudar entre 2018 y 2020, unos 774 millones de d\u00f3lares. En este a\u00f1o, se prev\u00e9n 602 millones. Para 2019, unos 115 millones; y en el tercer a\u00f1o, 57 millones.<\/p>\n<p>El ministro de Finanzas, Richard Mart\u00ednez, inform\u00f3 que hasta el 30 de agosto se hab\u00eda recaudado 27 millones de d\u00f3lares de 37.000\u00a0<b>personas<\/b>\u00a0entre\u00a0<b>naturales<\/b>\u00a0y\u00a0<b>jur\u00eddicas<\/b>. Al menos nueve\u00a0<b>instituciones<\/b>\u00a0p\u00fablicas est\u00e1n en este proceso.<\/p>\n<p>El total de los beneficiarios var\u00eda seg\u00fan la instituci\u00f3n; solo en el\u00a0<b>Servicio de Rentas Internas<\/b>\u00a0(SRI) hay 2,5 millones y en el Instituto Ecuatoriano de Seguridad Social (IESS), m\u00e1s de 200.000 beneficiarios. En esta \u00faltima instituci\u00f3n, hasta el mi\u00e9rcoles 5 de septiembre, se ha logrado recaudar un total de 6\u2019029.372,67 d\u00f3lares, de los cuales 3\u2019448.673,04 (60 %) son de\u00a0<b>empresas<\/b>\u00a0<b>peque\u00f1as<\/b>\u00a0y\u00a0<b>unipersonales<\/b>, 2\u2019276.638,52 (39,6 %) son de medianas y\u00a0<b>grandes<\/b>\u00a0<b>empresas<\/b>; mientras que, 23.766,61 (0,4 %) son del sector p\u00fablico.<\/p>\n<p>\u201cM\u00e1s de cinco mil empleadores ya se han acogido a la\u00a0<b>reducci\u00f3n<\/b>\u00a0de\u00a0<b>intereses<\/b>,\u00a0<b>multas<\/b>\u00a0y recargos por\u00a0<b>obligaciones<\/b>\u00a0<b>patronales<\/b>\u00a0en mora, que estipula la Ley de Fomento Productivo, gracias a ello, m\u00e1s de 12 mil\u00a0<b>afiliados<\/b>\u00a0ya pueden acceder a las prestaciones que por ley les corresponde\u201d, se\u00f1ala un comunicado del Instituto.<\/p>\n<p>Las autoridades recuerdan que para acceder a la reducci\u00f3n de intereses, el empleador o patrono debe cancelar la totalidad del capital adeudado de las obligaciones seg\u00fan las etapas establecidas en la ley.<\/p>\n<p>Este proceso a\u00fan tiene sus detractores. Es el caso del\u00a0<b>Frente Unitario de los Trabajadores<\/b>\u00a0(FUT), que consideran que se est\u00e1 beneficiando a las grandes empresas, y se asumen medidas en contra del pueblo.<\/p>\n<p><b>Para la remisi\u00f3n<\/b><\/p>\n<p><b>Las etapas que tiene la ley<\/b><\/p>\n<p>La Ley de Fomento Productivo establece tres etapas para la remisi\u00f3n o\u00a0<b>condonaci\u00f3n<\/b>\u00a0de\u00a0<b>deudas<\/b>: Primera: desde el 21 de agosto hasta el 18 de noviembre de 2018, con una\u00a0<b>reducci\u00f3n<\/b>\u00a0de\u00a0<b>intereses<\/b>,\u00a0<b>multas<\/b>\u00a0y recargos del 99 %. Segunda: desde el 19 de noviembre de 2018 hasta el 17 de enero de 2019<b>,<\/b>\u00a0con reducci\u00f3n del 75 %. Tercera: desde el 18 de enero hasta el 16 de febrero de 2019, con una reducci\u00f3n del 50 %.<\/p>\n<p>La ley establece la remisi\u00f3n del 100 % de intereses, multas y recargos por pagos pendientes con la\u00a0<b>Administraci\u00f3n<\/b>\u00a0<b>Tributaria<\/b>. Las\u00a0<b>empresas<\/b>, cuyo promedio de ingresos brutos de los \u00faltimos tres a\u00f1os sea mayor a 5 millones, deben pagar la totalidad del capital adeudado en 90 d\u00edas h\u00e1biles. Los otros contribuyentes pueden pagar el capital en igual per\u00edodo de tiempo o solicitar facilidades de pago por un plazo de hasta dos a\u00f1os.<\/p>\n<p>Fuente: expreso.ec<\/p>\n<div class=\"gsp_post_data\" \r\n\t            data-post_type=\"post\" \r\n\t            data-cat=\"noticias-ecuador\" \r\n\t            data-modified=\"120\"\r\n\t            data-created=\"1536576421\"\r\n\t            data-title=\"M\u00e1s de 5.000 patronos se acogen a la remisi\u00f3n\" \r\n\t            data-home=\"https:\/\/www.evafm.net\/sitio\"><\/div>","protected":false},"excerpt":{"rendered":"<p>La remisi\u00f3n o condonaci\u00f3n de deudas que se prev\u00e9 en la\u00a0Ley de Fomento Productivo, en vigencia desde el pasado 21 de agosto, contin\u00faa. Las autoridades aspiran a recaudar entre 2018 y 2020, unos 774 millones de d\u00f3lares. En este a\u00f1o, se prev\u00e9n 602 millones. Para 2019, unos 115 millones; y en el tercer a\u00f1o, 57&#8230;<\/p>\n","protected":false},"author":5,"featured_media":38624,"comment_status":"closed","ping_status":"open","sticky":false,"template":"","format":"standard","meta":{"_joinchat":[],"footnotes":""},"categories":[1558],"tags":[],"class_list":["post-38623","post","type-post","status-publish","format-standard","has-post-thumbnail","hentry","category-noticias-ecuador","have-post-thumb"],"_links":{"self":[{"href":"https:\/\/www.evafm.net\/sitio\/wp-json\/wp\/v2\/posts\/38623","targetHints":{"allow":["GET"]}}],"collection":[{"href":"https:\/\/www.evafm.net\/sitio\/wp-json\/wp\/v2\/posts"}],"about":[{"href":"https:\/\/www.evafm.net\/sitio\/wp-json\/wp\/v2\/types\/post"}],"author":[{"embeddable":true,"href":"https:\/\/www.evafm.net\/sitio\/wp-json\/wp\/v2\/users\/5"}],"replies":[{"embeddable":true,"href":"https:\/\/www.evafm.net\/sitio\/wp-json\/wp\/v2\/comments?post=38623"}],"version-history":[{"count":1,"href":"https:\/\/www.evafm.net\/sitio\/wp-json\/wp\/v2\/posts\/38623\/revisions"}],"predecessor-version":[{"id":38625,"href":"https:\/\/www.evafm.net\/sitio\/wp-json\/wp\/v2\/posts\/38623\/revisions\/38625"}],"wp:featuredmedia":[{"embeddable":true,"href":"https:\/\/www.evafm.net\/sitio\/wp-json\/wp\/v2\/media\/38624"}],"wp:attachment":[{"href":"https:\/\/www.evafm.net\/sitio\/wp-json\/wp\/v2\/media?parent=38623"}],"wp:term":[{"taxonomy":"category","embeddable":true,"href":"https:\/\/www.evafm.net\/sitio\/wp-json\/wp\/v2\/categories?post=38623"},{"taxonomy":"post_tag","embeddable":true,"href":"https:\/\/www.evafm.net\/sitio\/wp-json\/wp\/v2\/tags?post=38623"}],"curies":[{"name":"wp","href":"https:\/\/api.w.org\/{rel}","templated":true}]}}