{"id":38649,"date":"2018-09-10T11:58:03","date_gmt":"2018-09-10T16:58:03","guid":{"rendered":"http:\/\/www.evafm.net\/sitio\/?p=38649"},"modified":"2018-09-10T11:58:33","modified_gmt":"2018-09-10T16:58:33","slug":"muere-actor-de-mi-bella-genio","status":"publish","type":"post","link":"https:\/\/www.evafm.net\/sitio\/muere-actor-de-mi-bella-genio\/","title":{"rendered":"Muere actor de Mi Bella Genio"},"content":{"rendered":"<p>El actor estadounidense Bill Daily, quien fuera estrella del programa \u00abMi bella genio\u00bb, muri\u00f3 el martes a los 91 a\u00f1os de edad de causas naturales, en Santa Fe, Nuevo M\u00e9xico.<\/p>\n<p>Su hijo, J. Patrick Daily, dio a conocer la informaci\u00f3n a \u00abThe Hollywood Reporter\u00bb.<\/p>\n<p>Aunque tuvo otros trabajos en producciones como \u00abThe Bob Newhart Show\u00bb o \u00abHechizada2, el gran reconocimiento le lleg\u00f3 con \u00abI Dream of Jeannie\u00bb, serie popular en M\u00e9xico bajo el nombre de \u00abMi bella genio\u00bb.<\/p>\n<p>En dicha producci\u00f3n, Daily interpret\u00f3 al Mayor Roger Healey, el mejor amigo del protagonista.<\/p>\n<p>https:\/\/youtu.be\/iQSge6E5zq4<\/p>\n<p>Fuente: primerahora.com<\/p>\n<div class=\"gsp_post_data\" \r\n\t            data-post_type=\"post\" \r\n\t            data-cat=\"farandula-internacional\" \r\n\t            data-modified=\"120\"\r\n\t            data-created=\"1536580683\"\r\n\t            data-title=\"Muere actor de Mi Bella Genio\" \r\n\t            data-home=\"https:\/\/www.evafm.net\/sitio\"><\/div>","protected":false},"excerpt":{"rendered":"<p>El actor estadounidense Bill Daily, quien fuera estrella del programa \u00abMi bella genio\u00bb, muri\u00f3 el martes a los 91 a\u00f1os de edad de causas naturales, en Santa Fe, Nuevo M\u00e9xico. Su hijo, J. Patrick Daily, dio a conocer la informaci\u00f3n a \u00abThe Hollywood Reporter\u00bb. Aunque tuvo otros trabajos en producciones como \u00abThe Bob Newhart Show\u00bb&#8230;<\/p>\n","protected":false},"author":5,"featured_media":38651,"comment_status":"closed","ping_status":"open","sticky":false,"template":"","format":"standard","meta":{"_joinchat":[],"footnotes":""},"categories":[1346],"tags":[],"class_list":["post-38649","post","type-post","status-publish","format-standard","has-post-thumbnail","hentry","category-farandula-internacional","have-post-thumb"],"_links":{"self":[{"href":"https:\/\/www.evafm.net\/sitio\/wp-json\/wp\/v2\/posts\/38649","targetHints":{"allow":["GET"]}}],"collection":[{"href":"https:\/\/www.evafm.net\/sitio\/wp-json\/wp\/v2\/posts"}],"about":[{"href":"https:\/\/www.evafm.net\/sitio\/wp-json\/wp\/v2\/types\/post"}],"author":[{"embeddable":true,"href":"https:\/\/www.evafm.net\/sitio\/wp-json\/wp\/v2\/users\/5"}],"replies":[{"embeddable":true,"href":"https:\/\/www.evafm.net\/sitio\/wp-json\/wp\/v2\/comments?post=38649"}],"version-history":[{"count":1,"href":"https:\/\/www.evafm.net\/sitio\/wp-json\/wp\/v2\/posts\/38649\/revisions"}],"predecessor-version":[{"id":38652,"href":"https:\/\/www.evafm.net\/sitio\/wp-json\/wp\/v2\/posts\/38649\/revisions\/38652"}],"wp:featuredmedia":[{"embeddable":true,"href":"https:\/\/www.evafm.net\/sitio\/wp-json\/wp\/v2\/media\/38651"}],"wp:attachment":[{"href":"https:\/\/www.evafm.net\/sitio\/wp-json\/wp\/v2\/media?parent=38649"}],"wp:term":[{"taxonomy":"category","embeddable":true,"href":"https:\/\/www.evafm.net\/sitio\/wp-json\/wp\/v2\/categories?post=38649"},{"taxonomy":"post_tag","embeddable":true,"href":"https:\/\/www.evafm.net\/sitio\/wp-json\/wp\/v2\/tags?post=38649"}],"curies":[{"name":"wp","href":"https:\/\/api.w.org\/{rel}","templated":true}]}}