{"id":38662,"date":"2018-09-11T09:01:36","date_gmt":"2018-09-11T14:01:36","guid":{"rendered":"http:\/\/www.evafm.net\/sitio\/?p=38662"},"modified":"2018-09-11T09:01:36","modified_gmt":"2018-09-11T14:01:36","slug":"cruce-de-palabras-entre-alexandra-arce-y-juana-vallejo-por-escasez-de-agua-en-duran","status":"publish","type":"post","link":"https:\/\/www.evafm.net\/sitio\/cruce-de-palabras-entre-alexandra-arce-y-juana-vallejo-por-escasez-de-agua-en-duran\/","title":{"rendered":"Cruce de palabras entre Alexandra Arce y Juana Vallejo por escasez de agua en Dur\u00e1n"},"content":{"rendered":"<p>La gobernadora de Guayas, Juana Vallejo, lleg\u00f3 esta ma\u00f1ana a Dur\u00e1n para pedir medidas urgentes ante los problemas presentados en las \u00faltimas semanas con la provisi\u00f3n de agua potable en el cant\u00f3n. A trav\u00e9s de redes sociales, se conoci\u00f3 sobre un altercado entre las funcionarias.<\/p>\n<p>\u00abEn mi visita a la Alcald\u00eda de Dur\u00e1n, encontr\u00e9 a la alcaldesa Alexandra Arce, muy exaltada, fuera de s\u00ed; una joven que podr\u00eda estar sirviendo a su comunidad o proporcionando soluciones\u00bb, dijo Vallejo, seg\u00fan una publicaci\u00f3n en la red Twitter de la Gobernaci\u00f3n del Guayas.<\/p>\n<p>Vallejo inform\u00f3 tambi\u00e9n que se mantiene una reuni\u00f3n de un equipo interinstitucional de la Gobernaci\u00f3n del Guayas, el Ministerio de Salud, la Intendencia del Guayas y Senagua, para buscar una soluci\u00f3n ante la falta de agua en Dur\u00e1n.<\/p>\n<p>Antes de la reuni\u00f3n, la Gobernadora dijo que pedir\u00eda una \u00abmedida de urgencia\u00bb con implementaci\u00f3n de tanqueros para abastecer a las familias m\u00e1s necesitadas.<\/p>\n<p>En algunos sectores, tanqueros particulares y del Municipio han brindado este servicio b\u00e1sico. Sin embargo, vecinos de sectores como El Recreo lo ven insuficiente y han manifestado su desaz\u00f3n por la falta de provisi\u00f3n de agua de manera constante.<\/p>\n<p>\u00abPor qu\u00e9 se espera a que esto se convierta en un brote social de indignaci\u00f3n; hay que poner un poco m\u00e1s de solidaridad y creatividad, no podemos dejar a una poblaci\u00f3n as\u00ed\u00bb, cuestion\u00f3 Vallejo.<\/p>\n<p>Arce dice que los problemas de agua iniciaron el 26 de agosto, debido a las pruebas por la etapa final del proyecto de distribuci\u00f3n de agua potable y cambio de tuber\u00edas desde el Chobo hasta Dur\u00e1n.<\/p>\n<p>Otro motivo de discusi\u00f3n, al parecer, fue la presencia de un cuadro con la imagen del expresidente Rafael Correa en la oficina de Arce. Seg\u00fan videos que circulan en redes sociales, la alcaldesa de Dur\u00e1n le dice a la gobernadora: \u00abSi yo lo quiero tener aqu\u00ed a Rafael, es mi problema\u00bb.<\/p>\n<p>Sobre el tema, Arce asegura que Vallejo hab\u00eda dicho que no mantendr\u00eda la reuni\u00f3n con la presencia de un cuadro y una figura del expresidente Correa en la oficina de Arce.<\/p>\n<p>\u00abLo primero que hace y dice (Vallejo) es que no quiere tener la reuni\u00f3n con &#8216;el animal ese que esta all\u00ed atr\u00e1s&#8217; y vira el mu\u00f1equito (del expresidente Correa). Yo soy muy respetuosa de las ideolog\u00edas, no he tenido problema con el Gobierno (&#8230;) La se\u00f1ora no puede venir a desconocerme como autoridad y manejar una reuni\u00f3n en base a una ideolog\u00eda pol\u00edtica que a ella no le interesa&#8230;\u00bb, dice Arce. (I)<\/p>\n<p><iframe title=\"Altercado entre Gobernadora y Alcaldesa en reuni\u00f3n por el agua\" width=\"1200\" height=\"675\" src=\"https:\/\/www.youtube.com\/embed\/RYAD5U7ogok?feature=oembed\" frameborder=\"0\" allow=\"accelerometer; autoplay; clipboard-write; encrypted-media; gyroscope; picture-in-picture; web-share\" referrerpolicy=\"strict-origin-when-cross-origin\" allowfullscreen><\/iframe><\/p>\n<p><iframe title=\"Reclamo por agua gener\u00f3 impasse entre alcaldesa Dur\u00e1n y gobernador del Guayas\" width=\"1200\" height=\"900\" src=\"https:\/\/www.youtube.com\/embed\/W6eME3zcJ24?feature=oembed\" frameborder=\"0\" allow=\"accelerometer; autoplay; clipboard-write; encrypted-media; gyroscope; picture-in-picture; web-share\" referrerpolicy=\"strict-origin-when-cross-origin\" allowfullscreen><\/iframe><\/p>\n<p>https:\/\/twitter.com\/GoberdelGuayas\/status\/1039192892361924609<\/p>\n<p>Fuente: eluniverso.com -youtube.com &#8211; twitter.com<\/p>\n<div class=\"gsp_post_data\" \r\n\t            data-post_type=\"post\" \r\n\t            data-cat=\"general,noticias-ecuador\" \r\n\t            data-modified=\"120\"\r\n\t            data-created=\"1536656496\"\r\n\t            data-title=\"Cruce de palabras entre Alexandra Arce y Juana Vallejo por escasez de agua en Dur\u00e1n\" \r\n\t            data-home=\"https:\/\/www.evafm.net\/sitio\"><\/div>","protected":false},"excerpt":{"rendered":"<p>La gobernadora de Guayas, Juana Vallejo, lleg\u00f3 esta ma\u00f1ana a Dur\u00e1n para pedir medidas urgentes ante los problemas presentados en las \u00faltimas semanas con la provisi\u00f3n de agua potable en el cant\u00f3n. A trav\u00e9s de redes sociales, se conoci\u00f3 sobre un altercado entre las funcionarias. \u00abEn mi visita a la Alcald\u00eda de Dur\u00e1n, encontr\u00e9 a&#8230;<\/p>\n","protected":false},"author":5,"featured_media":38667,"comment_status":"closed","ping_status":"open","sticky":false,"template":"","format":"standard","meta":{"_joinchat":[],"footnotes":""},"categories":[1720,1558],"tags":[],"class_list":["post-38662","post","type-post","status-publish","format-standard","has-post-thumbnail","hentry","category-general","category-noticias-ecuador","have-post-thumb"],"_links":{"self":[{"href":"https:\/\/www.evafm.net\/sitio\/wp-json\/wp\/v2\/posts\/38662","targetHints":{"allow":["GET"]}}],"collection":[{"href":"https:\/\/www.evafm.net\/sitio\/wp-json\/wp\/v2\/posts"}],"about":[{"href":"https:\/\/www.evafm.net\/sitio\/wp-json\/wp\/v2\/types\/post"}],"author":[{"embeddable":true,"href":"https:\/\/www.evafm.net\/sitio\/wp-json\/wp\/v2\/users\/5"}],"replies":[{"embeddable":true,"href":"https:\/\/www.evafm.net\/sitio\/wp-json\/wp\/v2\/comments?post=38662"}],"version-history":[{"count":1,"href":"https:\/\/www.evafm.net\/sitio\/wp-json\/wp\/v2\/posts\/38662\/revisions"}],"predecessor-version":[{"id":38668,"href":"https:\/\/www.evafm.net\/sitio\/wp-json\/wp\/v2\/posts\/38662\/revisions\/38668"}],"wp:featuredmedia":[{"embeddable":true,"href":"https:\/\/www.evafm.net\/sitio\/wp-json\/wp\/v2\/media\/38667"}],"wp:attachment":[{"href":"https:\/\/www.evafm.net\/sitio\/wp-json\/wp\/v2\/media?parent=38662"}],"wp:term":[{"taxonomy":"category","embeddable":true,"href":"https:\/\/www.evafm.net\/sitio\/wp-json\/wp\/v2\/categories?post=38662"},{"taxonomy":"post_tag","embeddable":true,"href":"https:\/\/www.evafm.net\/sitio\/wp-json\/wp\/v2\/tags?post=38662"}],"curies":[{"name":"wp","href":"https:\/\/api.w.org\/{rel}","templated":true}]}}