{"id":38672,"date":"2018-09-11T09:22:14","date_gmt":"2018-09-11T14:22:14","guid":{"rendered":"http:\/\/www.evafm.net\/sitio\/?p=38672"},"modified":"2018-09-11T09:22:14","modified_gmt":"2018-09-11T14:22:14","slug":"donald-trump-encabeza-el-homenaje-a-las-victimas-del-11-de-septiembre","status":"publish","type":"post","link":"https:\/\/www.evafm.net\/sitio\/donald-trump-encabeza-el-homenaje-a-las-victimas-del-11-de-septiembre\/","title":{"rendered":"Donald Trump encabeza el homenaje a las v\u00edctimas del 11 de septiembre"},"content":{"rendered":"<div class=\"row\">\n<div class=\"col-xs-12 col-print-12\">\n<p class=\"element element-paragraph\">El presidente estadounidense,\u00a0<strong>Donald Trump<\/strong>, acude este martes a la localidad de Shanksville, en Pensilvania, para\u00a0<strong>conmemorar los ataques del 11 de septiembre y honrar a los h\u00e9roes del vuelo 93<\/strong>, cuando se cumplen 17 a\u00f1os de la tragedia.<\/p>\n<\/div>\n<\/div>\n<div class=\"row\">\n<div class=\"col-xs-12 col-print-12\">\n<p class=\"element element-paragraph\">La vocera de la Casa Blanca, Sarah Sanders, adelant\u00f3 que Trump va a hacer \u00e9nfasis en \u00ab<strong>recordar ese d\u00eda horrendo y va a rendir homenaje no solo a quienes perdieron la vida, sino tambi\u00e9n a quienes arriesgaron su vida para ayudar<\/strong>\u00ab.<\/p>\n<\/div>\n<\/div>\n<div class=\"row\">\n<div class=\"col-xs-12 col-print-12\">\n<p class=\"element element-paragraph\">Trump\u00a0viaj\u00f3\u00a0acompa\u00f1ado por su esposa, Melania, en un d\u00eda que simboliza la unidad nacional, una ocasi\u00f3n que le brinda un respiro temporal de una coyuntura especialmente dif\u00edcil en Washington.<\/p>\n<div class=\"row\">\n<div class=\"col-xs-12 col-print-12\">\n<p class=\"element element-paragraph\">El 11 de septiembre de 2001, el avi\u00f3n, uno de los cuatro vuelos que fueron secuestrados por el grupo yihadista Al Qaida, se estrell\u00f3 en un campo en esta peque\u00f1a localidad ubicada a unos 270 kil\u00f3metros al noroeste de Washington.<\/p>\n<\/div>\n<\/div>\n<div class=\"row\">\n<div class=\"col-xs-12 col-print-12\">\n<p class=\"element element-paragraph\">Los pasajeros, que hab\u00edan sido advertidos por sus seres queridos de los ataques contra el World Trade Center de Nueva York,\u00a0<strong>intentaron hacerse con el control de la nave<\/strong>\u00a0. El vuelo en lugar de estrellarse contra la capital estadounidense se precipit\u00f3 a tierra en medio del campo.\u00a0<strong>Desde entonces, los que viajaban en ese vuelo han sido honrados como h\u00e9roes<\/strong>.<\/p>\n<\/div>\n<\/div>\n<div class=\"row\">\n<div class=\"col-xs-12 col-print-12\">\n<p class=\"element element-paragraph\">Se cree que los secuestradores quer\u00edan utilizar el avi\u00f3n para atacar el Capitolio que alberga al Congreso de Estados Unidos y al Senado. Ese d\u00eda de 2001 en el Congreso hab\u00eda pleno.<\/p>\n<\/div>\n<\/div>\n<div class=\"row\">\n<div class=\"col-xs-12 col-print-12\">\n<p class=\"element element-paragraph\">Por su parte, miles de familiares de v\u00edctimas del 11-S, sobrevivientes, rescatistas y otros involucrados asistieron al acto del World Trade Center, en Nueva York, mientras que el vicepresidente, Mike Pence, acudi\u00f3 al Pent\u00e1gono.<\/p>\n<div class=\"row\">\n<div class=\"col-xs-12 col-print-12\">\n<p class=\"element element-paragraph\">La Gran Manzana record\u00f3 el 11S con una emotiva ceremonia en la que familiares de los fallecidos leyeron los nombres de las casi 3.000 personas que perdieron la vida en los ataques de aquel d\u00eda.<\/p>\n<\/div>\n<\/div>\n<div class=\"row\">\n<div class=\"col-xs-12 col-print-12\">\n<p class=\"element element-paragraph\">Junto a las familias, numerosas autoridades estaban presentes en la ceremonia, incluidos el alcalde de Nueva York, Bill de Blasio, y el gobernador del estado, Andrew Cuomo.<\/p>\n<p><iframe title=\"President Trump and The First Lady Attend the Flight 93 September 11 Memorial Service\" width=\"1200\" height=\"675\" src=\"https:\/\/www.youtube.com\/embed\/LQBMaWAxxUE?feature=oembed\" frameborder=\"0\" allow=\"accelerometer; autoplay; clipboard-write; encrypted-media; gyroscope; picture-in-picture; web-share\" referrerpolicy=\"strict-origin-when-cross-origin\" allowfullscreen><\/iframe><\/p>\n<div class=\"single-image\">\n<div class=\"shares\">\n<div class=\"share-button facebook\"><\/div>\n<\/div>\n<p><img decoding=\"async\" id=\"IH6VAQLCVFAJTMSMGPTVCRAQ6M\" class=\"image-lazy\" src=\"https:\/\/www.infobae.com\/new-resizer\/Y3nlvkSexl_GTiYOZYpuyvOQOfc=\/600x0\/filters:quality(100)\/s3.amazonaws.com\/arc-wordpress-client-uploads\/infobae-wp\/wp-content\/uploads\/2018\/09\/11105837\/Aniversario-11S-1920-3.jpg\" alt=\"Ceremonia en el Memorial y Museo del 11S en Nueva York (Reuters)\" width=\"750\" height=\"422.32142857142856\" \/><\/div>\n<p><span class=\"credit\">Ceremonia en el Memorial y Museo del 11S en Nueva York (Reuters)<\/span><\/p>\n<\/div>\n<\/div>\n<div class=\"row\">\n<div class=\"col-xs-12 col-print-12\">\n<p class=\"element element-paragraph\"><em>(Con informaci\u00f3n de AFP y EFE)<\/em><\/p>\n<\/div>\n<\/div>\n<\/div>\n<\/div>\n<\/div>\n<\/div>\n<div class=\"gsp_post_data\" \r\n\t            data-post_type=\"post\" \r\n\t            data-cat=\"general,noticias-internacionales\" \r\n\t            data-modified=\"120\"\r\n\t            data-created=\"1536657734\"\r\n\t            data-title=\"Donald Trump encabeza el homenaje a las v\u00edctimas del 11 de septiembre\" \r\n\t            data-home=\"https:\/\/www.evafm.net\/sitio\"><\/div>","protected":false},"excerpt":{"rendered":"<p>El presidente estadounidense,\u00a0Donald Trump, acude este martes a la localidad de Shanksville, en Pensilvania, para\u00a0conmemorar los ataques del 11 de septiembre y honrar a los h\u00e9roes del vuelo 93, cuando se cumplen 17 a\u00f1os de la tragedia. La vocera de la Casa Blanca, Sarah Sanders, adelant\u00f3 que Trump va a hacer \u00e9nfasis en \u00abrecordar ese&#8230;<\/p>\n","protected":false},"author":5,"featured_media":38674,"comment_status":"closed","ping_status":"open","sticky":false,"template":"","format":"standard","meta":{"_joinchat":[],"footnotes":""},"categories":[1720,1345],"tags":[],"class_list":["post-38672","post","type-post","status-publish","format-standard","has-post-thumbnail","hentry","category-general","category-noticias-internacionales","have-post-thumb"],"_links":{"self":[{"href":"https:\/\/www.evafm.net\/sitio\/wp-json\/wp\/v2\/posts\/38672","targetHints":{"allow":["GET"]}}],"collection":[{"href":"https:\/\/www.evafm.net\/sitio\/wp-json\/wp\/v2\/posts"}],"about":[{"href":"https:\/\/www.evafm.net\/sitio\/wp-json\/wp\/v2\/types\/post"}],"author":[{"embeddable":true,"href":"https:\/\/www.evafm.net\/sitio\/wp-json\/wp\/v2\/users\/5"}],"replies":[{"embeddable":true,"href":"https:\/\/www.evafm.net\/sitio\/wp-json\/wp\/v2\/comments?post=38672"}],"version-history":[{"count":1,"href":"https:\/\/www.evafm.net\/sitio\/wp-json\/wp\/v2\/posts\/38672\/revisions"}],"predecessor-version":[{"id":38675,"href":"https:\/\/www.evafm.net\/sitio\/wp-json\/wp\/v2\/posts\/38672\/revisions\/38675"}],"wp:featuredmedia":[{"embeddable":true,"href":"https:\/\/www.evafm.net\/sitio\/wp-json\/wp\/v2\/media\/38674"}],"wp:attachment":[{"href":"https:\/\/www.evafm.net\/sitio\/wp-json\/wp\/v2\/media?parent=38672"}],"wp:term":[{"taxonomy":"category","embeddable":true,"href":"https:\/\/www.evafm.net\/sitio\/wp-json\/wp\/v2\/categories?post=38672"},{"taxonomy":"post_tag","embeddable":true,"href":"https:\/\/www.evafm.net\/sitio\/wp-json\/wp\/v2\/tags?post=38672"}],"curies":[{"name":"wp","href":"https:\/\/api.w.org\/{rel}","templated":true}]}}