{"id":38676,"date":"2018-09-11T09:29:11","date_gmt":"2018-09-11T14:29:11","guid":{"rendered":"http:\/\/www.evafm.net\/sitio\/?p=38676"},"modified":"2018-09-11T09:29:11","modified_gmt":"2018-09-11T14:29:11","slug":"sebastian-pinera-sobre-el-golpe-de-estado-de-1973-en-chile","status":"publish","type":"post","link":"https:\/\/www.evafm.net\/sitio\/sebastian-pinera-sobre-el-golpe-de-estado-de-1973-en-chile\/","title":{"rendered":"Sebasti\u00e1n Pi\u00f1era, sobre el golpe de Estado de 1973 en Chile"},"content":{"rendered":"<div class=\"row\">\n<div class=\"col-xs-12 col-print-12\">\n<p class=\"element element-paragraph\">El presidente de Chile, Sebasti\u00e1n Pi\u00f1era, afirm\u00f3 que la democracia \u00abno termin\u00f3 por muerte s\u00fabita ese 11 de septiembre\u00bb en el pa\u00eds, en una columna publicada en el diario\u00a0<em>El Mercurio<\/em>con motivo de los 45 a\u00f1os del golpe militar encabezado en 1973 por Augusto Pinochet.<\/p>\n<\/div>\n<\/div>\n<div class=\"row\">\n<div class=\"col-xs-12 col-print-12\">\n<p class=\"element element-paragraph\">\u00abEs bueno recordar que nuestra democracia no termin\u00f3 por muerte s\u00fabita ese 11 de septiembre de 1973.<\/p>\n<p class=\"element element-paragraph\"><strong>Ven\u00eda gravemente enferma desde mucho antes y por distintas razones<\/strong>\u00ab, precisa el mandatario chileno en la columna \u00ab11 de septiembre: Memoria e Historia\u00bb, en la que reflexiona sobre la trascendencia de esta fecha en el pa\u00eds.<\/p>\n<\/div>\n<\/div>\n<div class=\"row\">\n<div class=\"col-xs-12 col-print-12\">\n<p class=\"element element-paragraph\">Hace 45 a\u00f1os,\u00a0<strong>fuerzas militares a la cabeza de Pinochet bombardearon el palacio de La Moneda<\/strong>\u00a0donde se suicid\u00f3 el entonces presidente socialista\u00a0<strong>Salvador Allende<\/strong>, consum\u00e1ndose un golpe militar que dio paso a una dictadura de 17 a\u00f1os que marc\u00f3 a fuego a Chile, no s\u00f3lo por la violencia que desat\u00f3 sino tambi\u00e9n por la herencia pol\u00edtica y econ\u00f3mica que dej\u00f3.<\/p>\n<div class=\"row\">\n<div class=\"col-xs-12 col-print-12\">\n<p class=\"element element-paragraph\">A juicio del mandatario, los\u00a0<strong>valores y pilares de la convivencia y democracia de los chilenos comenzaron a erosionarse desde fines de la d\u00e9cada de los 60<\/strong>, a lo que contribuyeron \u00ab<strong>actitudes intolerantes, dogm\u00e1ticas y confrontacionales, proyectos ideol\u00f3gicos fundacionales y excluyentes<\/strong>\u00ab.<\/p>\n<\/div>\n<\/div>\n<div class=\"row\">\n<div class=\"col-xs-12 col-print-12\">\n<p class=\"element element-paragraph\">En ese contexto, considera que el 11 de septiembre de 1973 \u00abse termin\u00f3 de derrumbar nuestra enferma democracia y dio origen a un r\u00e9gimen militar no democr\u00e1tico, que no respet\u00f3 las libertades ni los derechos humanos\u00bb.<\/p>\n<\/div>\n<\/div>\n<div class=\"row\">\n<div class=\"col-xs-12 col-print-12\">\n<p class=\"element element-paragraph\">Subraya adem\u00e1s que \u00abninguna circunstancia o contexto justifica las graves, sistem\u00e1ticas e inaceptables violaciones a los derechos humanos ocurridas durante el r\u00e9gimen militar\u00bb.<\/p>\n<\/div>\n<\/div>\n<div class=\"row\">\n<div class=\"col-xs-12 col-print-12\">\n<p class=\"element element-paragraph\">\u00abT<strong>odos o casi todos hemos aprendido de nuestra historia. La izquierda ha aprendido a condenar toda violencia en pol\u00edtica<\/strong>\u00a0y a respetar la democracia.\u00a0<strong>La derecha ha aprendido a condenar todo atentado a los derechos humanos<\/strong>\u00a0y a respetar nuestra democracia\u00bb, sostiene el texto.<\/p>\n<div class=\"row\">\n<div class=\"col-xs-12 col-print-12\">\n<p class=\"element element-paragraph\">El mandatario invita a los chilenos a enfrentar una segunda transici\u00f3n \u00abque permita conquistar el desarrollo, derrotar la pobreza y crear una sociedad m\u00e1s humana\u00bb.<\/p>\n<\/div>\n<\/div>\n<div class=\"row\">\n<div class=\"col-xs-12 col-print-12\">\n<p class=\"element element-paragraph\">Pi\u00f1era considera que \u00abes bueno tener memoria, porque los pueblos sin memoria est\u00e1n condenados a repetir sus errores. Pero tambi\u00e9n es bueno recordar la historia, no para hurgar en ella hasta transformarla en una gangrena, sino que para\u00a0<strong>aprender las lecciones y ense\u00f1anzas de esa historia, de forma tal que nos gu\u00eden e iluminen los caminos el futuro<\/strong>\u00ab.<\/p>\n<\/div>\n<\/div>\n<div class=\"row\">\n<div class=\"col-xs-12 col-print-12\">\n<p class=\"element element-paragraph\">El 45 aniversario del golpe de Pinochet se conmemora este martes en Chile con diversos actos recordatorios de partidos pol\u00edticos, organizaciones sociales y agrupaciones de v\u00edctimas y familiares de ejecutados y desaparecidos durante la dictadura.<\/p>\n<\/div>\n<\/div>\n<div class=\"row\">\n<div class=\"col-xs-12 col-print-12\">\n<p class=\"element element-paragraph\">Seg\u00fan una encuesta reciente,\u00a0<strong>el 75% de los chilenos considera que no ha habido reconciliaci\u00f3n, para el 66% no \u00abse ha hecho justicia en materia de derechos humanos\u00bb<\/strong>y para el 85% \u00aba\u00fan existen\u00a0<strong>pactos de silencio<\/strong>\u00a0<strong>en el ej\u00e9rcito<\/strong>\u00a0para proteger a militares involucrados en violaciones a los derechos humanos\u00bb.<\/p>\n<\/div>\n<\/div>\n<div class=\"row\">\n<div class=\"col-xs-12 col-print-12\">\n<p class=\"element element-paragraph\">En las primeras horas del d\u00eda, en barrios perif\u00e9ricos de Santiago hubo algunas manifestaciones que incluyeron barricadas y bloqueo de calles, pero que no pasaron a mayores, seg\u00fan la polic\u00eda.<\/p>\n<div class=\"single-image\">\n<div class=\"shares\">\n<div class=\"share-button facebook\"><\/div>\n<\/div>\n<p><img decoding=\"async\" id=\"P5FTN4FNNBG4PNJOCYVZFIJ2EA\" class=\"image-lazy\" src=\"https:\/\/www.infobae.com\/new-resizer\/f9LJI2FxOML0mD6g4bXN_EDnq1Y=\/600x0\/filters:quality(100)\/s3.amazonaws.com\/arc-wordpress-client-uploads\/infobae-wp\/wp-content\/uploads\/2016\/07\/22162804\/Augusto-Pinochet-1920.jpg\" alt=\"Augusto Pinochet (AP)\" width=\"750\" height=\"421.42857142857144\" \/><\/div>\n<p><span class=\"credit\">Augusto Pinochet (AP)<\/span><\/p>\n<div class=\"single-image\">\n<div class=\"shares\">\n<div class=\"share-button facebook\"><\/div>\n<\/div>\n<p><img decoding=\"async\" id=\"YYFMBWLZ3RBF5CDMIUVU3NNFDE\" class=\"image-lazy\" src=\"https:\/\/www.infobae.com\/new-resizer\/FbEIvEVQSLlYza2U-LtkWKGogGw=\/600x0\/filters:quality(100)\/s3.amazonaws.com\/arc-wordpress-client-uploads\/infobae-wp\/wp-content\/uploads\/2018\/08\/13171742\/sebatian-pinera.jpg\" alt=\"El presidente chileno Sebasti\u00e1n Pi\u00f1era\" width=\"750\" height=\"422.32142857142856\" \/><\/div>\n<p><span class=\"credit\">El presidente chileno Sebasti\u00e1n Pi\u00f1era<\/span><\/p>\n<\/div>\n<\/div>\n<div class=\"row\">\n<div class=\"col-xs-12 col-print-12\">\n<p class=\"element element-paragraph\"><em>(Con informaci\u00f3n de EFE y AFP)<\/em><\/p>\n<\/div>\n<\/div>\n<\/div>\n<\/div>\n<\/div>\n<\/div>\n<div class=\"gsp_post_data\" \r\n\t            data-post_type=\"post\" \r\n\t            data-cat=\"noticias-internacionales\" \r\n\t            data-modified=\"120\"\r\n\t            data-created=\"1536658151\"\r\n\t            data-title=\"Sebasti\u00e1n Pi\u00f1era, sobre el golpe de Estado de 1973 en Chile\" \r\n\t            data-home=\"https:\/\/www.evafm.net\/sitio\"><\/div>","protected":false},"excerpt":{"rendered":"<p>El presidente de Chile, Sebasti\u00e1n Pi\u00f1era, afirm\u00f3 que la democracia \u00abno termin\u00f3 por muerte s\u00fabita ese 11 de septiembre\u00bb en el pa\u00eds, en una columna publicada en el diario\u00a0El Mercuriocon motivo de los 45 a\u00f1os del golpe militar encabezado en 1973 por Augusto Pinochet. \u00abEs bueno recordar que nuestra democracia no termin\u00f3 por muerte s\u00fabita&#8230;<\/p>\n","protected":false},"author":5,"featured_media":38677,"comment_status":"closed","ping_status":"open","sticky":false,"template":"","format":"standard","meta":{"_joinchat":[],"footnotes":""},"categories":[1345],"tags":[],"class_list":["post-38676","post","type-post","status-publish","format-standard","has-post-thumbnail","hentry","category-noticias-internacionales","have-post-thumb"],"_links":{"self":[{"href":"https:\/\/www.evafm.net\/sitio\/wp-json\/wp\/v2\/posts\/38676","targetHints":{"allow":["GET"]}}],"collection":[{"href":"https:\/\/www.evafm.net\/sitio\/wp-json\/wp\/v2\/posts"}],"about":[{"href":"https:\/\/www.evafm.net\/sitio\/wp-json\/wp\/v2\/types\/post"}],"author":[{"embeddable":true,"href":"https:\/\/www.evafm.net\/sitio\/wp-json\/wp\/v2\/users\/5"}],"replies":[{"embeddable":true,"href":"https:\/\/www.evafm.net\/sitio\/wp-json\/wp\/v2\/comments?post=38676"}],"version-history":[{"count":1,"href":"https:\/\/www.evafm.net\/sitio\/wp-json\/wp\/v2\/posts\/38676\/revisions"}],"predecessor-version":[{"id":38678,"href":"https:\/\/www.evafm.net\/sitio\/wp-json\/wp\/v2\/posts\/38676\/revisions\/38678"}],"wp:featuredmedia":[{"embeddable":true,"href":"https:\/\/www.evafm.net\/sitio\/wp-json\/wp\/v2\/media\/38677"}],"wp:attachment":[{"href":"https:\/\/www.evafm.net\/sitio\/wp-json\/wp\/v2\/media?parent=38676"}],"wp:term":[{"taxonomy":"category","embeddable":true,"href":"https:\/\/www.evafm.net\/sitio\/wp-json\/wp\/v2\/categories?post=38676"},{"taxonomy":"post_tag","embeddable":true,"href":"https:\/\/www.evafm.net\/sitio\/wp-json\/wp\/v2\/tags?post=38676"}],"curies":[{"name":"wp","href":"https:\/\/api.w.org\/{rel}","templated":true}]}}