{"id":38679,"date":"2018-09-11T09:41:33","date_gmt":"2018-09-11T14:41:33","guid":{"rendered":"http:\/\/www.evafm.net\/sitio\/?p=38679"},"modified":"2018-09-11T09:41:33","modified_gmt":"2018-09-11T14:41:33","slug":"guillermo-almada-pierde-la-cabeza-tras-los-reclamos-de-un-hincha","status":"publish","type":"post","link":"https:\/\/www.evafm.net\/sitio\/guillermo-almada-pierde-la-cabeza-tras-los-reclamos-de-un-hincha\/","title":{"rendered":"Guillermo Almada pierde la cabeza tras los reclamos de un hincha"},"content":{"rendered":"<p>El DT de\u00a0<strong>Barcelona SC<\/strong>,\u00a0<strong>Guillermo Almada<\/strong>, vivi\u00f3 un inc\u00f3modo momento cuando el equipo se alistaba para salir del estadio Capwell hasta el lugar de concentraci\u00f3n. Uno de los hinchas barcelonistas que hab\u00eda asistido al &#8216;partido inmortal&#8217; le reclam\u00f3 al estratega uruguayo exigiendo m\u00e1s compromiso por parte de los jugadores.<\/p>\n<p>Lo que deriv\u00f3, debido a la calentura del momento, en una mala reacci\u00f3n del uruguayo quien se acerc\u00f3 al hincha y luego de insultarlo; lo escupi\u00f3.<\/p>\n<p>Barcelona cay\u00f3 en el\u00a0Cl\u00e1sico del Astillero\u00a02-0 ante Emelec en el estadio Capwell y perdi\u00f3 el primer lugar de la segunda etapa.<\/p>\n<p>Lo que caus\u00f3 malestar en los hinchas toreros que no ven ganar a su equipo desde el pasado 19 de agosto (2-0 a Cat\u00f3lica en el Monumental).<\/p>\n<p>La emisora guayaquile\u00f1a Radio Morena logr\u00f3 captar el momento de la discusi\u00f3n.<\/p>\n<p><iframe title=\"\u00a1GUILLERMO ALMADA ESCUPE A UN HINCHA LUEGO DEL CL\u00c1SICO!\" width=\"1200\" height=\"900\" src=\"https:\/\/www.youtube.com\/embed\/WAhzgJ6Y_9I?feature=oembed\" frameborder=\"0\" allow=\"accelerometer; autoplay; clipboard-write; encrypted-media; gyroscope; picture-in-picture; web-share\" referrerpolicy=\"strict-origin-when-cross-origin\" allowfullscreen><\/iframe><\/p>\n<p>Fuente: eluniverso.com<\/p>\n<div class=\"gsp_post_data\" \r\n\t            data-post_type=\"post\" \r\n\t            data-cat=\"deportes-ecuador,general\" \r\n\t            data-modified=\"120\"\r\n\t            data-created=\"1536658893\"\r\n\t            data-title=\"Guillermo Almada pierde la cabeza tras los reclamos de un hincha\" \r\n\t            data-home=\"https:\/\/www.evafm.net\/sitio\"><\/div>","protected":false},"excerpt":{"rendered":"<p>El DT de\u00a0Barcelona SC,\u00a0Guillermo Almada, vivi\u00f3 un inc\u00f3modo momento cuando el equipo se alistaba para salir del estadio Capwell hasta el lugar de concentraci\u00f3n. Uno de los hinchas barcelonistas que hab\u00eda asistido al &#8216;partido inmortal&#8217; le reclam\u00f3 al estratega uruguayo exigiendo m\u00e1s compromiso por parte de los jugadores. Lo que deriv\u00f3, debido a la calentura&#8230;<\/p>\n","protected":false},"author":5,"featured_media":38681,"comment_status":"closed","ping_status":"open","sticky":false,"template":"","format":"standard","meta":{"_joinchat":[],"footnotes":""},"categories":[1557,1720],"tags":[],"class_list":["post-38679","post","type-post","status-publish","format-standard","has-post-thumbnail","hentry","category-deportes-ecuador","category-general","have-post-thumb"],"_links":{"self":[{"href":"https:\/\/www.evafm.net\/sitio\/wp-json\/wp\/v2\/posts\/38679","targetHints":{"allow":["GET"]}}],"collection":[{"href":"https:\/\/www.evafm.net\/sitio\/wp-json\/wp\/v2\/posts"}],"about":[{"href":"https:\/\/www.evafm.net\/sitio\/wp-json\/wp\/v2\/types\/post"}],"author":[{"embeddable":true,"href":"https:\/\/www.evafm.net\/sitio\/wp-json\/wp\/v2\/users\/5"}],"replies":[{"embeddable":true,"href":"https:\/\/www.evafm.net\/sitio\/wp-json\/wp\/v2\/comments?post=38679"}],"version-history":[{"count":2,"href":"https:\/\/www.evafm.net\/sitio\/wp-json\/wp\/v2\/posts\/38679\/revisions"}],"predecessor-version":[{"id":38683,"href":"https:\/\/www.evafm.net\/sitio\/wp-json\/wp\/v2\/posts\/38679\/revisions\/38683"}],"wp:featuredmedia":[{"embeddable":true,"href":"https:\/\/www.evafm.net\/sitio\/wp-json\/wp\/v2\/media\/38681"}],"wp:attachment":[{"href":"https:\/\/www.evafm.net\/sitio\/wp-json\/wp\/v2\/media?parent=38679"}],"wp:term":[{"taxonomy":"category","embeddable":true,"href":"https:\/\/www.evafm.net\/sitio\/wp-json\/wp\/v2\/categories?post=38679"},{"taxonomy":"post_tag","embeddable":true,"href":"https:\/\/www.evafm.net\/sitio\/wp-json\/wp\/v2\/tags?post=38679"}],"curies":[{"name":"wp","href":"https:\/\/api.w.org\/{rel}","templated":true}]}}