{"id":38733,"date":"2018-09-12T15:07:00","date_gmt":"2018-09-12T20:07:00","guid":{"rendered":"http:\/\/www.evafm.net\/sitio\/?p=38733"},"modified":"2018-09-12T15:07:00","modified_gmt":"2018-09-12T20:07:00","slug":"javier-tebas-el-futbol-ecuatoriano-va-a-ser-una-envidia-en-sudamerica","status":"publish","type":"post","link":"https:\/\/www.evafm.net\/sitio\/javier-tebas-el-futbol-ecuatoriano-va-a-ser-una-envidia-en-sudamerica\/","title":{"rendered":"Javier Tebas: el f\u00fatbol ecuatoriano va a ser una envidia en Sudam\u00e9rica"},"content":{"rendered":"<p>En su primera visita a Guayaquil, el presidente de la\u00a0<strong>Liga de F\u00fatbol Profesional de Espa\u00f1a<\/strong>\u00a0(LaLiga),\u00a0<strong>Javier Tebas<\/strong>, destac\u00f3 la \u201cvoluntad de cambio\u201d de los directivos de los clubes nacionales con el fin de comenzar, a partir del 2019, la liga ecuatoriana con 16 equipos. A criterio del dirigente espa\u00f1ol, que brinda asesor\u00eda a los nacionales, el nuevo torneo ecuatoriano en los pr\u00f3ximos a\u00f1os va a ser \u201cuna envidia en Sudam\u00e9rica\u201d. Tebas convers\u00f3 ayer con\u00a0<strong>EL UNIVERSO<\/strong>.<\/p>\n<p><strong>\u00bfVino para supervisar la gesti\u00f3n de la LigaPro?<\/strong><\/p>\n<p>Vine m\u00e1s bien para dar apoyo porque yo, todos los lunes, recibo un reporte de los grandes hitos que se est\u00e1n haciendo en el f\u00fatbol ecuatoriano: la liga, los problemas que pueden tener los formatos (del torneo), la relaci\u00f3n con la Federaci\u00f3n, el torneo de Copa (Ecuador), el control econ\u00f3mico, el tribunal de disciplina deportiva que se quiere sacar en un \u00e1mbito de la C\u00e1mara de Comercio, etc. Los reportes me los env\u00eda el director general (el espa\u00f1ol Luis Manfredi) y la Comisi\u00f3n de clubes.<\/p>\n<p><strong>\u00bfConsidera que el Ecuador est\u00e1 100% preparado para organizar una liga?<\/strong><\/p>\n<p>S\u00ed. No tengo duda. Primero, por la voluntad que veo en los clubes y dirigentes; segundo, por las decisiones que est\u00e1n tomando. En el mundo hay mucho pico (de hablar), pero poca pala (de trabajar). En los pr\u00f3ximos a\u00f1os el f\u00fatbol ecuatoriano va a ser una envidia en Sudam\u00e9rica.<\/p>\n<p><strong>\u00bfUstedes aconsejaron el formato del torneo 2019, que tiene playoff?<\/strong><\/p>\n<p>S\u00ed, es el formato que se adecuaba en estos momentos al f\u00fatbol ecuatoriano. No pod\u00edamos seguir con el anterior. Los formatos del todo contra todos, dos vueltas y todo esto, esos sirven cuando ya tienes una competici\u00f3n de liga consolidada, con un equilibrio mayor.<\/p>\n<p><strong>\u00bfEl adecuado con 16 clubes como lo sugiere la FIFA?<\/strong><\/p>\n<p>No por lo que sugiera nadie. Porque es importante con los 16 clubes jugando todos contra todos y luego los\u00a0<em>playoff<\/em>, creas un producto de televisi\u00f3n que dura diez meses y los ingresos audiovisuales son fundamentales en los clubes.<\/p>\n<p><strong>\u00bfNo era mejor como pasa en Espa\u00f1a, donde el equipo con m\u00e1s puntos en total es el campe\u00f3n?<\/strong><\/p>\n<p>Depende. Aqu\u00ed, la ventaja de este formato es que nos va a permitir vivir unos momentos de presi\u00f3n deportiva en todo el pa\u00eds. Vamos a ver qu\u00e9 pasa. Pero tenemos que partir claro que lo que hab\u00eda no serv\u00eda.<\/p>\n<p><strong>\u00bfQu\u00e9 le pareci\u00f3 curioso del sistema de torneo vigente, con 12 equipos y partidos en la Costa y Sierra?<\/strong><\/p>\n<p>Un formato de m\u00e1s de 40 fechas yo creo que disminu\u00eda algo que queremos hacer crecer en Ecuador, que es el valor de la competici\u00f3n. Hay que ver en cada pa\u00eds, en cada circunstancia, en cada momento, qu\u00e9 tipo de formato es el adecuado y nosotros creemos que ese era el adecuado en este momento.<\/p>\n<p><strong>\u00bfEs justo que los dos peores equipos del torneo vayan a continuar en primera categor\u00eda el pr\u00f3ximo a\u00f1o?<\/strong><\/p>\n<p>Si lo han decidido los clubes&#8230; En los momentos de cambio se producen cosas que a lo mejor nos chirr\u00edan (cosas que nos desagradan), pero hay que hacer r\u00e1pido los cambios y aqu\u00ed no podemos esperar un a\u00f1o m\u00e1s al cambio de formato. Perd\u00edamos un a\u00f1o sobre el enfoque como proyecto.<\/p>\n<p><strong>\u00bfQu\u00e9 modelo de negocio es mejor para sacar mayor r\u00e9dito en derechos de transmisi\u00f3n, ya sea por TV abierta, pagada o por streaming?<\/strong><\/p>\n<p>Creo que las tres (opciones). En Espa\u00f1a tenemos de los tres: uno en sistema de partido en abierto, uno en televisi\u00f3n de pago y tambi\u00e9n tenemos en\u00a0<em>streaming<\/em>. Hoy en d\u00eda la transici\u00f3n nos obliga a estar en los tres. Pero tambi\u00e9n, por exposici\u00f3n del f\u00fatbol ecuatoriano, se necesita algo en abierto para exposici\u00f3n, aunque es un pa\u00eds con bastante penetraci\u00f3n de televisi\u00f3n de cable, por lo tanto no es tan necesario como nosotros lo requerimos en Espa\u00f1a. Pero s\u00ed necesita que se vaya creciendo lo del mundo del\u00a0<em>streaming.<\/em><\/p>\n<p><strong>\u00bfQu\u00e9 sugiere para contrarrestar transmisiones piratas en redes sociales?<\/strong><\/p>\n<p>Lo vamos a trabajar con la liga ecuatoriana y con GolTV (due\u00f1a de los derechos). En nuestra liga hay 20 personas que se dedican solo a esto: a evitar que el f\u00fatbol espa\u00f1ol se vea por pirater\u00eda, no solo en Espa\u00f1a, sino en todo el mundo. Tenemos herramientas para tratar esta circunstancia.<\/p>\n<p><strong>\u00bfQu\u00e9 conoce de Mediapro y qu\u00e9 opina de que vaya a realizar las producciones de tres torneos Conmebol?<\/strong><\/p>\n<p>Mediapro es un\u00a0<em>partner<\/em>\u00a0nuestro y hace la producci\u00f3n de nuestros partidos. Tiene los derechos de nuestro f\u00fatbol. Son aut\u00e9nticos profesionales.<\/p>\n<p><strong>\u00bfHa visto la transmisi\u00f3n del campeonato ecuatoriano?<\/strong><\/p>\n<p>Algunos s\u00ed. \u00a1(Es) mejorable, como todo! En un rato ver\u00e9 a Paco Casal (uruguayo, propietario de la empresa GolTV) y le comentar\u00e9. No podemos pedir cambios totales de todo, creo que para lo que es en este momento la liga de Ecuador est\u00e1 bien.<\/p>\n<p><strong>Hay usuarios que se quejan de la calidad de im\u00e1genes y de los comentarios.<\/strong><\/p>\n<p>No olvidemos que el primer interesado en mejorar la transmisi\u00f3n para que el espectador est\u00e9 contento es el propio GolTV, porque paga una cantidad de dinero importante a los clubes. Colombia gana menos en TV que el f\u00fatbol ecuatoriano.<\/p>\n<p><strong>\u00bfQu\u00e9 ente debe aplicar justicia en la LigaPro, la FEF con su Comit\u00e9 de Disciplina o un centro de arbitraje independiente?<\/strong><\/p>\n<p>Creo que el mecanismo que ha autorizado la LigaPro es el adecuado para intentar que sea aut\u00e9nticamente independiente. Ese planteamiento que est\u00e1 haciendo (con el Centro de Arbitraje de la C\u00e1mara de Comercio) es pionero en el mundo y hay que apoyarlo. Cuando hay autoridad que tiene que imponer justicia de todo tipo lo m\u00e1s importante es que la gente crea de verdad que es independiente. (D)<\/p>\n<p>Fuente: universo.com<\/p>\n<div class=\"gsp_post_data\" \r\n\t            data-post_type=\"post\" \r\n\t            data-cat=\"deportes-ecuador,general\" \r\n\t            data-modified=\"120\"\r\n\t            data-created=\"1536764820\"\r\n\t            data-title=\"Javier Tebas: el f\u00fatbol ecuatoriano va a ser una envidia en Sudam\u00e9rica\" \r\n\t            data-home=\"https:\/\/www.evafm.net\/sitio\"><\/div>","protected":false},"excerpt":{"rendered":"<p>En su primera visita a Guayaquil, el presidente de la\u00a0Liga de F\u00fatbol Profesional de Espa\u00f1a\u00a0(LaLiga),\u00a0Javier Tebas, destac\u00f3 la \u201cvoluntad de cambio\u201d de los directivos de los clubes nacionales con el fin de comenzar, a partir del 2019, la liga ecuatoriana con 16 equipos. A criterio del dirigente espa\u00f1ol, que brinda asesor\u00eda a los nacionales, el&#8230;<\/p>\n","protected":false},"author":5,"featured_media":38734,"comment_status":"closed","ping_status":"open","sticky":false,"template":"","format":"standard","meta":{"_joinchat":[],"footnotes":""},"categories":[1557,1720],"tags":[],"class_list":["post-38733","post","type-post","status-publish","format-standard","has-post-thumbnail","hentry","category-deportes-ecuador","category-general","have-post-thumb"],"_links":{"self":[{"href":"https:\/\/www.evafm.net\/sitio\/wp-json\/wp\/v2\/posts\/38733","targetHints":{"allow":["GET"]}}],"collection":[{"href":"https:\/\/www.evafm.net\/sitio\/wp-json\/wp\/v2\/posts"}],"about":[{"href":"https:\/\/www.evafm.net\/sitio\/wp-json\/wp\/v2\/types\/post"}],"author":[{"embeddable":true,"href":"https:\/\/www.evafm.net\/sitio\/wp-json\/wp\/v2\/users\/5"}],"replies":[{"embeddable":true,"href":"https:\/\/www.evafm.net\/sitio\/wp-json\/wp\/v2\/comments?post=38733"}],"version-history":[{"count":1,"href":"https:\/\/www.evafm.net\/sitio\/wp-json\/wp\/v2\/posts\/38733\/revisions"}],"predecessor-version":[{"id":38735,"href":"https:\/\/www.evafm.net\/sitio\/wp-json\/wp\/v2\/posts\/38733\/revisions\/38735"}],"wp:featuredmedia":[{"embeddable":true,"href":"https:\/\/www.evafm.net\/sitio\/wp-json\/wp\/v2\/media\/38734"}],"wp:attachment":[{"href":"https:\/\/www.evafm.net\/sitio\/wp-json\/wp\/v2\/media?parent=38733"}],"wp:term":[{"taxonomy":"category","embeddable":true,"href":"https:\/\/www.evafm.net\/sitio\/wp-json\/wp\/v2\/categories?post=38733"},{"taxonomy":"post_tag","embeddable":true,"href":"https:\/\/www.evafm.net\/sitio\/wp-json\/wp\/v2\/tags?post=38733"}],"curies":[{"name":"wp","href":"https:\/\/api.w.org\/{rel}","templated":true}]}}