{"id":38740,"date":"2018-09-12T15:43:08","date_gmt":"2018-09-12T20:43:08","guid":{"rendered":"http:\/\/www.evafm.net\/sitio\/?p=38740"},"modified":"2018-09-12T15:43:08","modified_gmt":"2018-09-12T20:43:08","slug":"supergirl-en-su-trailer-sale-heroina-transgenero","status":"publish","type":"post","link":"https:\/\/www.evafm.net\/sitio\/supergirl-en-su-trailer-sale-heroina-transgenero\/","title":{"rendered":"&#8216;Supergirl&#8217;, en su tr\u00e1iler sale hero\u00edna transg\u00e9nero"},"content":{"rendered":"<p>MADRID.<\/p>\n<p class=\"letter-capitular\">La serie\u00a0<strong>Supergirl\u00a0<\/strong>regresar\u00e1 en poco m\u00e1s de un mes con su cuarta temporada, que retomar\u00e1 el incierto futuro de la protagonista tras el impactante final de la tercera entrega.\u00a0<strong>Kara<\/strong>\u00a0(<strong>Melissa Benoist<\/strong>) tendr\u00e1 que enfrentarse a un poderoso villano pero contar\u00e1 con una nueva aliada, tal y como revela el nuevo tr\u00e1iler, que presenta al malvado\u00a0<strong>Agent Liberty<\/strong>\u00a0y a la superhero\u00edna transg\u00e9nero\u00a0<strong>Nia Nal<\/strong>.<\/p>\n<p>Nia Nal, interpretada por la activista\u00a0<strong>Nicole Maines<\/strong>, es una empleada transg\u00e9nero de\u00a0<strong>CatCo<\/strong>\u00a0destinada a convertirse en la superhero\u00edna<strong>\u00a0Dreamer<\/strong>.<\/p>\n<p>El nuevo adelanto de<strong>\u00a0Supergirl\u00a0<\/strong>muestra a Nia Nal en su faceta de reportera, y Kara ser\u00e1 su modelo a seguir mientras trabajan juntas.<\/p>\n<p>Por su parte, Agent Liberty aparece herido, con la camisa ensangrentada y con una venda.<\/p>\n<p>El nuevo enemigo dirige un peligroso grupo llamado\u00a0<strong>Children of Liberty<\/strong>, pero ocultar\u00e1 su oscura identidad bajo la apariencia de un padre de familia.<\/p>\n<p>Adem\u00e1s de los nuevos personajes, el tr\u00e1iler tambi\u00e9n ofrece un buen vistazo a la protagonista, que lucir\u00e1 nuevo traje, con m\u00e1scara y eliminando la falda del anterior atuendo.<\/p>\n<p>Algunos rumores apuntan a que<strong>\u00a0Superman<\/strong>\u00a0aparecer\u00e1 en uno de los primeros episodios de la temporada, aunque el tr\u00e1iler no revela nada del personaje.<\/p>\n<p>Donde s\u00ed aparecer\u00e1 seguro es en el<em>\u00a0crossover\u00a0<\/em>del\u00a0<strong>Arrowverso<\/strong>, que traer\u00e1 tambi\u00e9n a la esperada<strong>\u00a0Batwoman<\/strong>\u00a0interpretada por<strong>\u00a0Ruby Rose<\/strong>.<\/p>\n<p><strong>Supergirl\u00a0<\/strong>regresar\u00e1 a\u00a0<strong>The CW<\/strong>\u00a0con su cuarta temporada el 14 de octubre.<\/p>\n<p>https:\/\/youtu.be\/wyswYomalVo<\/p>\n<p>cmd<\/p>\n<p>Fuente: excelsior.com.mx<\/p>\n<div class=\"gsp_post_data\" \r\n\t            data-post_type=\"post\" \r\n\t            data-cat=\"espectaculos,general\" \r\n\t            data-modified=\"120\"\r\n\t            data-created=\"1536766988\"\r\n\t            data-title=\"&#8216;Supergirl&#8217;, en su tr\u00e1iler sale hero\u00edna transg\u00e9nero\" \r\n\t            data-home=\"https:\/\/www.evafm.net\/sitio\"><\/div>","protected":false},"excerpt":{"rendered":"<p>MADRID. La serie\u00a0Supergirl\u00a0regresar\u00e1 en poco m\u00e1s de un mes con su cuarta temporada, que retomar\u00e1 el incierto futuro de la protagonista tras el impactante final de la tercera entrega.\u00a0Kara\u00a0(Melissa Benoist) tendr\u00e1 que enfrentarse a un poderoso villano pero contar\u00e1 con una nueva aliada, tal y como revela el nuevo tr\u00e1iler, que presenta al malvado\u00a0Agent Liberty\u00a0y&#8230;<\/p>\n","protected":false},"author":5,"featured_media":38742,"comment_status":"closed","ping_status":"open","sticky":false,"template":"","format":"standard","meta":{"_joinchat":[],"footnotes":""},"categories":[4,1720],"tags":[],"class_list":["post-38740","post","type-post","status-publish","format-standard","has-post-thumbnail","hentry","category-espectaculos","category-general","have-post-thumb"],"_links":{"self":[{"href":"https:\/\/www.evafm.net\/sitio\/wp-json\/wp\/v2\/posts\/38740","targetHints":{"allow":["GET"]}}],"collection":[{"href":"https:\/\/www.evafm.net\/sitio\/wp-json\/wp\/v2\/posts"}],"about":[{"href":"https:\/\/www.evafm.net\/sitio\/wp-json\/wp\/v2\/types\/post"}],"author":[{"embeddable":true,"href":"https:\/\/www.evafm.net\/sitio\/wp-json\/wp\/v2\/users\/5"}],"replies":[{"embeddable":true,"href":"https:\/\/www.evafm.net\/sitio\/wp-json\/wp\/v2\/comments?post=38740"}],"version-history":[{"count":1,"href":"https:\/\/www.evafm.net\/sitio\/wp-json\/wp\/v2\/posts\/38740\/revisions"}],"predecessor-version":[{"id":38743,"href":"https:\/\/www.evafm.net\/sitio\/wp-json\/wp\/v2\/posts\/38740\/revisions\/38743"}],"wp:featuredmedia":[{"embeddable":true,"href":"https:\/\/www.evafm.net\/sitio\/wp-json\/wp\/v2\/media\/38742"}],"wp:attachment":[{"href":"https:\/\/www.evafm.net\/sitio\/wp-json\/wp\/v2\/media?parent=38740"}],"wp:term":[{"taxonomy":"category","embeddable":true,"href":"https:\/\/www.evafm.net\/sitio\/wp-json\/wp\/v2\/categories?post=38740"},{"taxonomy":"post_tag","embeddable":true,"href":"https:\/\/www.evafm.net\/sitio\/wp-json\/wp\/v2\/tags?post=38740"}],"curies":[{"name":"wp","href":"https:\/\/api.w.org\/{rel}","templated":true}]}}