{"id":38752,"date":"2018-09-12T16:54:11","date_gmt":"2018-09-12T21:54:11","guid":{"rendered":"http:\/\/www.evafm.net\/sitio\/?p=38752"},"modified":"2018-09-12T16:54:11","modified_gmt":"2018-09-12T21:54:11","slug":"viola-davis-se-arrepiente-de-su-papel-en-the-help","status":"publish","type":"post","link":"https:\/\/www.evafm.net\/sitio\/viola-davis-se-arrepiente-de-su-papel-en-the-help\/","title":{"rendered":"Viola Davis se arrepiente de su papel en &#8216;The Help&#8217;"},"content":{"rendered":"<p>NUEVA YORK.<\/p>\n<p class=\"letter-capitular\">V<strong>iola Davis<\/strong>\u00a0se arrepiente de su papel de sirvienta en la pel\u00edcula del 2011\u00a0<strong><em>The Help<\/em><\/strong>\u00a0(<strong><em>Historias cruzadas<\/em><\/strong>).<\/p>\n<p>La actriz ganadora del Oscar dijo al\u00a0<em>New York Times<\/em>\u00a0que \u00abno eran las voces de las sirvientas las que se escuchaban\u00bb.<\/p>\n<p>Davis, de 53 a\u00f1os, dijo que si uno hace una pel\u00edcula sobre lo que se sent\u00eda trabajar para gente blanca y criar hijos en 1963, entonces querr\u00eda escuchar c\u00f3mo realmente uno se sent\u00eda al respecto. Se\u00f1al\u00f3 que nunca lo oy\u00f3 en el filme.<\/p>\n<p>Davis recibi\u00f3 una nominaci\u00f3n al Premio de la Academia por su papel de Aibileen Clark en\u00a0<em>The Help<\/em>\u00a0y gan\u00f3 un Premio del Sindicato de Actores de la Pantalla (SAG, por sus siglas en ingl\u00e9s) a la Mejor Actriz.<\/p>\n<p>Su m\u00e1s reciente pel\u00edcula es el drama criminal\u00a0<em>Widows<\/em>\u00a0(<em>Viudas<\/em>), que se estrena el 16 de noviembre.<\/p>\n<p>hch<\/p>\n<p>Fuente: excelsior.com.mx<\/p>\n<div class=\"gsp_post_data\" \r\n\t            data-post_type=\"post\" \r\n\t            data-cat=\"farandula-internacional\" \r\n\t            data-modified=\"120\"\r\n\t            data-created=\"1536771251\"\r\n\t            data-title=\"Viola Davis se arrepiente de su papel en &#8216;The Help&#8217;\" \r\n\t            data-home=\"https:\/\/www.evafm.net\/sitio\"><\/div>","protected":false},"excerpt":{"rendered":"<p>NUEVA YORK. Viola Davis\u00a0se arrepiente de su papel de sirvienta en la pel\u00edcula del 2011\u00a0The Help\u00a0(Historias cruzadas). La actriz ganadora del Oscar dijo al\u00a0New York Times\u00a0que \u00abno eran las voces de las sirvientas las que se escuchaban\u00bb. Davis, de 53 a\u00f1os, dijo que si uno hace una pel\u00edcula sobre lo que se sent\u00eda trabajar para&#8230;<\/p>\n","protected":false},"author":5,"featured_media":38753,"comment_status":"closed","ping_status":"open","sticky":false,"template":"","format":"standard","meta":{"_joinchat":[],"footnotes":""},"categories":[1346],"tags":[],"class_list":["post-38752","post","type-post","status-publish","format-standard","has-post-thumbnail","hentry","category-farandula-internacional","have-post-thumb"],"_links":{"self":[{"href":"https:\/\/www.evafm.net\/sitio\/wp-json\/wp\/v2\/posts\/38752","targetHints":{"allow":["GET"]}}],"collection":[{"href":"https:\/\/www.evafm.net\/sitio\/wp-json\/wp\/v2\/posts"}],"about":[{"href":"https:\/\/www.evafm.net\/sitio\/wp-json\/wp\/v2\/types\/post"}],"author":[{"embeddable":true,"href":"https:\/\/www.evafm.net\/sitio\/wp-json\/wp\/v2\/users\/5"}],"replies":[{"embeddable":true,"href":"https:\/\/www.evafm.net\/sitio\/wp-json\/wp\/v2\/comments?post=38752"}],"version-history":[{"count":1,"href":"https:\/\/www.evafm.net\/sitio\/wp-json\/wp\/v2\/posts\/38752\/revisions"}],"predecessor-version":[{"id":38754,"href":"https:\/\/www.evafm.net\/sitio\/wp-json\/wp\/v2\/posts\/38752\/revisions\/38754"}],"wp:featuredmedia":[{"embeddable":true,"href":"https:\/\/www.evafm.net\/sitio\/wp-json\/wp\/v2\/media\/38753"}],"wp:attachment":[{"href":"https:\/\/www.evafm.net\/sitio\/wp-json\/wp\/v2\/media?parent=38752"}],"wp:term":[{"taxonomy":"category","embeddable":true,"href":"https:\/\/www.evafm.net\/sitio\/wp-json\/wp\/v2\/categories?post=38752"},{"taxonomy":"post_tag","embeddable":true,"href":"https:\/\/www.evafm.net\/sitio\/wp-json\/wp\/v2\/tags?post=38752"}],"curies":[{"name":"wp","href":"https:\/\/api.w.org\/{rel}","templated":true}]}}