{"id":38755,"date":"2018-09-12T17:07:40","date_gmt":"2018-09-12T22:07:40","guid":{"rendered":"http:\/\/www.evafm.net\/sitio\/?p=38755"},"modified":"2018-09-12T17:08:50","modified_gmt":"2018-09-12T22:08:50","slug":"lady-gaga-sigue-padeciendo-consecuencias-tras-haber-sido-violada","status":"publish","type":"post","link":"https:\/\/www.evafm.net\/sitio\/lady-gaga-sigue-padeciendo-consecuencias-tras-haber-sido-violada\/","title":{"rendered":"Lady Gaga sigue padeciendo consecuencias tras haber sido violada"},"content":{"rendered":"<div class=\"row pb-content-type-text\">\n<div class=\"col-xs-12 col-print-12\">\n<p class=\"element element-paragraph\"><strong>Lady Gaga<\/strong>\u00a0habl\u00f3 sobre los efectos duraderos de la<strong>\u00a0violaci\u00f3n que sufri\u00f3 a los 19 a\u00f1os<\/strong>\u00a0en una nueva entrevista para la portada de la edici\u00f3n de octubre de la revista Vogue.<\/p>\n<\/div>\n<\/div>\n<div class=\"row pb-content-type-text\">\n<div class=\"col-xs-12 col-print-12\">\n<p class=\"element element-paragraph\">\u00ab<strong>Nadie m\u00e1s sab\u00eda. Es como que lo intent\u00e9 borrar de mi mente y cuando finalmente sali\u00f3 a la luz fue como un horrible monstruo gigante y debes enfrentarte a \u00e9l para poder sanarte<\/strong>\u00ab, dijo la int\u00e9rprete quien habl\u00f3 por primera vez del traum\u00e1tico episodio con Howard Stern en el 2014.<\/p>\n<div class=\"row pb-content-type-text\">\n<div class=\"col-xs-12 col-print-12\">\n<p class=\"element element-paragraph\">La ganadora de varios premios Grammy\u00a0 y un Globo de Oro confes\u00f3 que\u00a0<strong>todav\u00eda sufre de estr\u00e9s post traum\u00e1tico<\/strong>\u00a0y sigue luchando con los s\u00edntomas de esta condici\u00f3n.<\/p>\n<\/div>\n<\/div>\n<div class=\"row pb-content-type-text\">\n<div id=\"\" class=\"wrapper clearfix pb-feature pb-layout-item pb-f-ads-dfp left-align\">\n<div id=\"inline\" class=\"ad-slot\"><strong>\u00abSent\u00eda que le estaba mintiendo al mundo<\/strong>\u00a0<strong>porque ten\u00eda tanto dolor pero nadie lo sab\u00eda<\/strong>\u00ab, manifest\u00f3 Gaga a la revista.<\/div>\n<div class=\"ad-slot\">\u00abFue por eso que sal\u00ed y dije que sufro de trastorno de estr\u00e9s postraum\u00e1tico, porque<strong>\u00a0no quiero tener que esconderme m\u00e1s de lo que ya lo hago\u00bb.<\/strong><\/div>\n<div>\n<div class=\"row pb-content-type-text\">\n<div class=\"col-xs-12 col-print-12\">\n<p class=\"element element-paragraph\">Adem\u00e1s revel\u00f3 que muchas veces se siente paralizada: \u00ab<strong>Mi cuerpo entero sufre un espasmo y empiezo a llorar<\/strong>. Esto es lo que sienten las v\u00edctimas de un trauma cada d\u00eda y\u00a0<strong>es miserable<\/strong>. Siempre digo que el trauma tiene mente propia y se mete en todo lo que haces\u00bb.<\/p>\n<\/div>\n<\/div>\n<div class=\"row pb-content-type-text\">\n<div class=\"col-xs-12 col-print-12\">\n<p class=\"element element-paragraph\">La protagonista de la pel\u00edcula\u00a0<em><strong>A Star is Born<\/strong><\/em>\u00a0tambi\u00e9n habl\u00f3 sobre su lucha con la fibromialgia, un trastorno cr\u00f3nico que causa dolores musculares y fatiga.<\/p>\n<\/div>\n<\/div>\n<div class=\"row pb-content-type-text\">\n<div class=\"col-xs-12 col-print-12\">\n<p class=\"element element-paragraph\">\u00ab<strong>Me molesta mucho cuando las personas no creen que la fibromialgia es real<\/strong>\u00ab, manifest\u00f3 Gaga y a\u00f1adi\u00f3 que las personas deben tener mayor compasi\u00f3n con quienes padecen esta condici\u00f3n.\u00a0\u00ab<strong>Es no saber como te vas a sentir cada d\u00eda cuando te despiertas<\/strong>\u00ab, explic\u00f3 la artista quien recibe tratamiento para lidiar con el dolor.<\/p>\n<div class=\"single-image\">\n<div class=\"shares\">\n<div class=\"share-button facebook\"><\/div>\n<\/div>\n<p><img decoding=\"async\" id=\"TFXKGURTNZHCDGOX3IIATSLJEI\" class=\"image-lazy\" src=\"https:\/\/www.infobae.com\/new-resizer\/1SVwm-bmslirm9qN-gYjqRfbadI=\/600x0\/filters:quality(100)\/s3.amazonaws.com\/arc-wordpress-client-uploads\/infobae-wp\/wp-content\/uploads\/2018\/09\/11110937\/Lady-Gaga.png\" alt=\"Lady Gaga protagoniza la portada de octubre de la revista Vogue\" width=\"750\" height=\"1014.9613899613901\" \/><\/p>\n<\/div>\n<p><span class=\"credit\">Lady Gaga protagoniza la portada de octubre de la revista Vogue.<\/span><\/p>\n<div class=\"single-image\">\n<div class=\"shares\">\n<div class=\"share-button facebook\"><\/div>\n<\/div>\n<p><img decoding=\"async\" id=\"REREKJNPGVGWTMROURA64ZTLZM\" class=\"image-lazy\" src=\"https:\/\/www.infobae.com\/new-resizer\/L3V95df4Z52uY9cWplNqvo_kF0o=\/600x0\/filters:quality(100)\/s3.amazonaws.com\/arc-wordpress-client-uploads\/infobae-wp\/wp-content\/uploads\/2018\/09\/11111124\/Lady-Gaga1.png\" alt=\"Lady Gaga fue violada a 19 a\u00f1os (Inez and Vinoodh\/Vogue)\" width=\"750\" height=\"514.3929912390488\" \/><\/p>\n<\/div>\n<p><span class=\"credit\">Lady Gaga fue violada a 19 a\u00f1os (Inez and Vinoodh\/Vogue)<\/span><\/p>\n<p>Fuente: infobae.com<\/p>\n<\/div>\n<\/div>\n<\/div>\n<\/div>\n<\/div>\n<\/div>\n<\/div>\n<div class=\"gsp_post_data\" \r\n\t            data-post_type=\"post\" \r\n\t            data-cat=\"farandula-internacional\" \r\n\t            data-modified=\"120\"\r\n\t            data-created=\"1536772060\"\r\n\t            data-title=\"Lady Gaga sigue padeciendo consecuencias tras haber sido violada\" \r\n\t            data-home=\"https:\/\/www.evafm.net\/sitio\"><\/div>","protected":false},"excerpt":{"rendered":"<p>Lady Gaga\u00a0habl\u00f3 sobre los efectos duraderos de la\u00a0violaci\u00f3n que sufri\u00f3 a los 19 a\u00f1os\u00a0en una nueva entrevista para la portada de la edici\u00f3n de octubre de la revista Vogue. \u00abNadie m\u00e1s sab\u00eda. Es como que lo intent\u00e9 borrar de mi mente y cuando finalmente sali\u00f3 a la luz fue como un horrible monstruo gigante y&#8230;<\/p>\n","protected":false},"author":5,"featured_media":38756,"comment_status":"closed","ping_status":"open","sticky":false,"template":"","format":"standard","meta":{"_joinchat":[],"footnotes":""},"categories":[1346],"tags":[],"class_list":["post-38755","post","type-post","status-publish","format-standard","has-post-thumbnail","hentry","category-farandula-internacional","have-post-thumb"],"_links":{"self":[{"href":"https:\/\/www.evafm.net\/sitio\/wp-json\/wp\/v2\/posts\/38755","targetHints":{"allow":["GET"]}}],"collection":[{"href":"https:\/\/www.evafm.net\/sitio\/wp-json\/wp\/v2\/posts"}],"about":[{"href":"https:\/\/www.evafm.net\/sitio\/wp-json\/wp\/v2\/types\/post"}],"author":[{"embeddable":true,"href":"https:\/\/www.evafm.net\/sitio\/wp-json\/wp\/v2\/users\/5"}],"replies":[{"embeddable":true,"href":"https:\/\/www.evafm.net\/sitio\/wp-json\/wp\/v2\/comments?post=38755"}],"version-history":[{"count":2,"href":"https:\/\/www.evafm.net\/sitio\/wp-json\/wp\/v2\/posts\/38755\/revisions"}],"predecessor-version":[{"id":38759,"href":"https:\/\/www.evafm.net\/sitio\/wp-json\/wp\/v2\/posts\/38755\/revisions\/38759"}],"wp:featuredmedia":[{"embeddable":true,"href":"https:\/\/www.evafm.net\/sitio\/wp-json\/wp\/v2\/media\/38756"}],"wp:attachment":[{"href":"https:\/\/www.evafm.net\/sitio\/wp-json\/wp\/v2\/media?parent=38755"}],"wp:term":[{"taxonomy":"category","embeddable":true,"href":"https:\/\/www.evafm.net\/sitio\/wp-json\/wp\/v2\/categories?post=38755"},{"taxonomy":"post_tag","embeddable":true,"href":"https:\/\/www.evafm.net\/sitio\/wp-json\/wp\/v2\/tags?post=38755"}],"curies":[{"name":"wp","href":"https:\/\/api.w.org\/{rel}","templated":true}]}}