{"id":38768,"date":"2018-09-13T09:40:33","date_gmt":"2018-09-13T14:40:33","guid":{"rendered":"http:\/\/www.evafm.net\/sitio\/?p=38768"},"modified":"2018-09-13T09:40:33","modified_gmt":"2018-09-13T14:40:33","slug":"el-correismo-bajo-la-sombra-de-la-corrupcion","status":"publish","type":"post","link":"https:\/\/www.evafm.net\/sitio\/el-correismo-bajo-la-sombra-de-la-corrupcion\/","title":{"rendered":"El corre\u00edsmo bajo la sombra de la corrupci\u00f3n"},"content":{"rendered":"<p>La sospecha flotaba en el ambiente desde hace meses. En diciembre de 2017, el tribunal que conden\u00f3 al exvicepresidente,\u00a0<b>Jorge<\/b>\u00a0<b>Glas<\/b>, por asociaci\u00f3n il\u00edcita dispuso que la\u00a0<b>Fiscal\u00eda<\/b>\u00a0investigue un posible caso de delincuencia organizada asociado a la trama de sobornos de la constructora brasile\u00f1a\u00a0<b>Odebrecht<\/b>.<\/p>\n<p>La sentencia es expl\u00edcita. Se presume, dice en el documento, la \u201cperpetraci\u00f3n de otros delitos de<b>\u00a0peculado, concusi\u00f3n, cohecho, enriquecimiento il\u00edcito, tr\u00e1fico de influencias, lavado de activos<\/b>,\u00a0<b>testaferrismo<\/b>\u00a0y\u00a0<b>delincuencia organizada<\/b>\u201d. Hasta ahora, la\u00a0<b>Fiscal\u00eda<\/b>\u00a0poco o nada hab\u00eda avanzado en esos casos.<\/p>\n<p>C\u00e9sar Mont\u00fafar, acusador particular de Glas, puso el pie en el acelerador. \u00c9l est\u00e1 seguro que la autodenominada\u00a0<b>\u2018revoluci\u00f3n<\/b>\u00a0<b>ciudadana\u2019<\/b>\u00a0solo fue un \u201cun grupo organizado que se tom\u00f3 el Estado por la v\u00eda electoral para desde all\u00ed cometer estos delitos contra la administraci\u00f3n p\u00fablica\u201d.<\/p>\n<p>Lo dijo ayer en la\u00a0<b>Fiscal\u00eda<\/b>. Fue para reconocer la firma en la denuncia que puso el 5 de marzo y para rendir su versi\u00f3n.<\/p>\n<p>\u00c9l, abogado de profesi\u00f3n y ahora aspirante a la<b>\u00a0alcald\u00eda de Quito<\/b>, coincide con el tribunal en que la lista de posibles delitos es larga.<\/p>\n<p>Por eso, por econom\u00eda procesal, insiste en que la investigaci\u00f3n debe empezar por destapar el esquema organizado que se instal\u00f3 en el pa\u00eds y que permiti\u00f3 el cometimiento de los escandalosos actos de corrupci\u00f3n denunciados en los \u00faltimos meses.<\/p>\n<p>\u00bfPor qu\u00e9 la prisa del denunciante? Su abogado, Julio Sarango, ve urgente que la Fiscal\u00eda y luego los jueces den paso, por ejemplo, a la aplicaci\u00f3n de medidas cautelares en contra de los denunciados empezando por el expresidente,\u00a0<b>Rafael<\/b><b>Correa<\/b>, y el exvicepresidente Glas; el expresidente de la Asamblea, Jos\u00e9 Serrano; el exsecretario de la Presidencia,\u00a0<b>Alexis<\/b>\u00a0<b>Mera<\/b>; los exfiscales generales,\u00a0<b>Galo<\/b><b>Chiriboga<\/b>\u00a0y\u00a0<b>Carlos Baca Mancheno<\/b>; el excontralor\u00a0<b>Carlos<\/b>\u00a0<b>P\u00f3lit<\/b>\u00a0y el exprocurador\u00a0<b>Diego<\/b>\u00a0<b>Garc\u00eda<\/b>.<\/p>\n<p>Una de esas medidas: la prohibici\u00f3n de enajenar bienes y cuentas bancarias en el pa\u00eds y en Panam\u00e1, las Islas Marshall, Singapur, Hong Kong y Estados Unidos.<\/p>\n<p>\u201cAh\u00ed est\u00e1 el dinero\u201d, dijo el abogado.<\/p>\n<p>Ellos, los denunciantes, hablan de \u201ccifras astron\u00f3micas que fueron apropiadas indebidamente\u201d. Mont\u00fafar asegur\u00f3 que solo en los cinco contratos que se investigaron en el caso de asociaci\u00f3n il\u00edcita\u00a0<b>(Hidroel\u00e9ctrica Manduriacu, Poliducto Pascuales-Cuenca, Trasvase Daule-Vinces; Acueducto la Esperanza y la Refiner\u00eda del Pac\u00edfico)<\/b>\u00a0la afectaci\u00f3n al pa\u00eds fue de 870 millones de d\u00f3lares.<\/p>\n<p>Seg\u00fan su teor\u00eda, que la Fiscal\u00eda deber\u00e1 confirmar, estos no son\u00a0<b>actos<\/b><b>\u201cexcepcionales\u201d<\/b>\u00a0de corrupci\u00f3n, cometidos por funcionarios \u201cque se desviaron del camino\u201d (Esa ha sido la tesis de Correa al defender la gesti\u00f3n de su gobierno).<\/p>\n<p>Como cont\u00f3 EXPRESO ayer, Mont\u00fafar cree que hubo un \u201cesquema institucionalizado\u201d para delinquir.<\/p>\n<p>Ese esquema se habr\u00eda empezado a configurar desde la misma\u00a0<b>Constituci\u00f3n<\/b>, dice \u00e9l, cuando se borr\u00f3 todo vestigio de independencia de los poderes del Estado.<\/p>\n<p>El segundo elemento, nombrar personas de absoluta confianza a manejar los sectores estrat\u00e9gicos. Prueba de ello, ser\u00edan los\u00a0<b>casos de corrupci\u00f3n<\/b>\u00a0asociados no solo a Odebrecht, sino tambi\u00e9n a Petroecuador.<\/p>\n<p>El tercer elemento en este esquema eran, seg\u00fan la versi\u00f3n del denunciante, las instituciones de control como la Fiscal\u00eda, la<b>\u00a0Contralor\u00eda y la Procuradur\u00eda\u00a0<\/b>e incluso la Asamblea.<\/p>\n<p>\u201cEran parte de un mismo grupo (&#8230;) era un\u00a0<b>esquema<\/b>\u00a0<b>jer\u00e1rquico<\/b>\u00a0en el que cada uno cumpl\u00eda un papel para afectar el Estado\u201d, dijo Mont\u00fafar. \u201cFue en la c\u00fapula del Estado donde se organiz\u00f3 un esquema de corrupci\u00f3n\u201d, a\u00f1adi\u00f3.<\/p>\n<p>El ex primer mandatario, quien suele ser muy activo en las redes sociales, no coment\u00f3 este nuevo proceso que se abre en su contra (el sexto) por posibles delitos contra la administraci\u00f3n p\u00fablica. Hasta el cierre de esta edici\u00f3n, Correa se concentr\u00f3 en promocionar la marcha que sus simpatizantes har\u00e1 hoy en contra del gobierno de\u00a0<b>Len\u00edn<\/b>\u00a0<b>Moreno<\/b>.<\/p>\n<p><b>Ricardo<\/b>\u00a0<b>Pati\u00f1o<\/b>, uno de los hombres m\u00e1s cercanos al expresidente y tambi\u00e9n exfuncionario, s\u00ed reaccion\u00f3.<\/p>\n<p>\u201cPierden su tiempo. Lo \u00fanico que hizo Rafael Correa y su equipo de gobierno fue transformar este pa\u00eds para bien: obras, derechos, igualdad, soberan\u00eda, bienestar para el pueblo\u201d, dijo.<\/p>\n<p><b>Los procesos contra Rafael correa<\/b><\/p>\n<p><b>Caso Singue<\/b><\/p>\n<p>El 1 de marzo de 2017, el contralor subrogante, Pablo Celi, pidi\u00f3 a la Fiscal\u00eda General incorporar al exmandatario como parte de la investigaci\u00f3n por presunto peculado en la adjudicaci\u00f3n del campo petrolero Singue.<\/p>\n<p>La entidad de control cree que hubo un perjuicio de 5,2 millones de d\u00f3lares.<\/p>\n<p><b>Caso deuda p\u00fablica<\/b><\/p>\n<p>En abril, la Contralor\u00eda se\u00f1al\u00f3 a Correa y sus exministros de Finanzas por supuestas irregularidades en el manejo de la deuda p\u00fablica.<\/p>\n<p>Tambi\u00e9n se investiga peculado. Correa fue vinculado por la emisi\u00f3n de un decreto con el que se cambi\u00f3 la categorizaci\u00f3n de la deuda y se evadi\u00f3 el l\u00edmite legal.<\/p>\n<p><b>Caso preventas<\/b><\/p>\n<p>Un tercer caso abierto en la Fiscal\u00eda por supuesto peculado investiga los contratos de preventa de crudo, firmado por Petroecuador con Petrochina, Unipec y PetroTailandia.<\/p>\n<p>Correa fue llamado a dar su versi\u00f3n. La Fiscal\u00eda pidi\u00f3 informaci\u00f3n de sus cuentas bancarias, y de otros 11 exfuncionarios, a doce pa\u00edses.<\/p>\n<p><b>Caso Balda<\/b><\/p>\n<p>El activista Fernando Balda acusa a Rafael Correa como el autor intelectual de su secuestro, en Bogot\u00e1 en el 2012.<\/p>\n<p>En este expediente, la Fiscal\u00eda investiga dos delitos: asociaci\u00f3n il\u00edcita y plagio.<\/p>\n<p>Por eso caso, se emiti\u00f3 una orden de prisi\u00f3n contra el exmandatario.<\/p>\n<p>Habr\u00e1 una audiencia el martes.<\/p>\n<p><b>Caso Odebrecht<\/b><\/p>\n<p>Es la \u00faltima acusaci\u00f3n. La Fiscal\u00eda inici\u00f3, el martes, una investigaci\u00f3n por el presunto delito de delincuencia organizada derivado del caso Odebrecht.<\/p>\n<p>La denuncia fue interpuesta por el pol\u00edtico C\u00e9sar Mont\u00fafar.<\/p>\n<p>Hasta el cierre de esta edici\u00f3n, Correa no se hab\u00eda pronunciado.<\/p>\n<p><b>Justicia defiende su trabajo<\/b><\/p>\n<p>Los miembros de la\u00a0<b>Comisi\u00f3n de Justicia<\/b>\u00a0defendieron las reformas que hicieron al delito de\u00a0<b>asociaci\u00f3n<\/b>\u00a0<b>il\u00edcita<\/b>.<\/p>\n<p>Afirmaron que lo que se estableci\u00f3 es una mejor redacci\u00f3n, manteniendo la pena que es de tres a cinco a\u00f1os.<\/p>\n<p>Dijeron que nunca han buscado favorecer a ninguna persona, como lo ha se\u00f1alado el pol\u00edtico\u00a0<b>C\u00e9sar<\/b>\u00a0<b>Mont\u00fafar<\/b>.<\/p>\n<p>Aseguraron que estos pronunciamientos buscan notoriedad, m\u00e1s a\u00fan cuando de por medio est\u00e1n las elecciones.<\/p>\n<p>Fuente: expreso.ec<\/p>\n<div class=\"gsp_post_data\" \r\n\t            data-post_type=\"post\" \r\n\t            data-cat=\"noticias-ecuador\" \r\n\t            data-modified=\"120\"\r\n\t            data-created=\"1536831633\"\r\n\t            data-title=\"El corre\u00edsmo bajo la sombra de la corrupci\u00f3n\" \r\n\t            data-home=\"https:\/\/www.evafm.net\/sitio\"><\/div>","protected":false},"excerpt":{"rendered":"<p>La sospecha flotaba en el ambiente desde hace meses. En diciembre de 2017, el tribunal que conden\u00f3 al exvicepresidente,\u00a0Jorge\u00a0Glas, por asociaci\u00f3n il\u00edcita dispuso que la\u00a0Fiscal\u00eda\u00a0investigue un posible caso de delincuencia organizada asociado a la trama de sobornos de la constructora brasile\u00f1a\u00a0Odebrecht. La sentencia es expl\u00edcita. Se presume, dice en el documento, la \u201cperpetraci\u00f3n de otros&#8230;<\/p>\n","protected":false},"author":5,"featured_media":38769,"comment_status":"closed","ping_status":"open","sticky":false,"template":"","format":"standard","meta":{"_joinchat":[],"footnotes":""},"categories":[1558],"tags":[],"class_list":["post-38768","post","type-post","status-publish","format-standard","has-post-thumbnail","hentry","category-noticias-ecuador","have-post-thumb"],"_links":{"self":[{"href":"https:\/\/www.evafm.net\/sitio\/wp-json\/wp\/v2\/posts\/38768","targetHints":{"allow":["GET"]}}],"collection":[{"href":"https:\/\/www.evafm.net\/sitio\/wp-json\/wp\/v2\/posts"}],"about":[{"href":"https:\/\/www.evafm.net\/sitio\/wp-json\/wp\/v2\/types\/post"}],"author":[{"embeddable":true,"href":"https:\/\/www.evafm.net\/sitio\/wp-json\/wp\/v2\/users\/5"}],"replies":[{"embeddable":true,"href":"https:\/\/www.evafm.net\/sitio\/wp-json\/wp\/v2\/comments?post=38768"}],"version-history":[{"count":1,"href":"https:\/\/www.evafm.net\/sitio\/wp-json\/wp\/v2\/posts\/38768\/revisions"}],"predecessor-version":[{"id":38770,"href":"https:\/\/www.evafm.net\/sitio\/wp-json\/wp\/v2\/posts\/38768\/revisions\/38770"}],"wp:featuredmedia":[{"embeddable":true,"href":"https:\/\/www.evafm.net\/sitio\/wp-json\/wp\/v2\/media\/38769"}],"wp:attachment":[{"href":"https:\/\/www.evafm.net\/sitio\/wp-json\/wp\/v2\/media?parent=38768"}],"wp:term":[{"taxonomy":"category","embeddable":true,"href":"https:\/\/www.evafm.net\/sitio\/wp-json\/wp\/v2\/categories?post=38768"},{"taxonomy":"post_tag","embeddable":true,"href":"https:\/\/www.evafm.net\/sitio\/wp-json\/wp\/v2\/tags?post=38768"}],"curies":[{"name":"wp","href":"https:\/\/api.w.org\/{rel}","templated":true}]}}