{"id":38782,"date":"2018-09-13T10:28:25","date_gmt":"2018-09-13T15:28:25","guid":{"rendered":"http:\/\/www.evafm.net\/sitio\/?p=38782"},"modified":"2018-09-13T10:28:25","modified_gmt":"2018-09-13T15:28:25","slug":"pietro-marsetti-rechaza-el-calificativo-de-bobito","status":"publish","type":"post","link":"https:\/\/www.evafm.net\/sitio\/pietro-marsetti-rechaza-el-calificativo-de-bobito\/","title":{"rendered":"Pietro Marsetti rechaza el calificativo de \u2018bobito\u2019"},"content":{"rendered":"<div class=\"location-event\">Quito &#8211;<\/div>\n<p>Que la familia Paz deje el manejo futbol\u00edstico de<strong>\u00a0Liga de Quito\u00a0<\/strong>abri\u00f3 especulaciones sobre el futuro del club. \u201cLa decisi\u00f3n est\u00e1 tomada\u201d, afirm\u00f3 Rodrigo Paz, dirigente vitalicio de los albos, quien exterioriz\u00f3 su preocupaci\u00f3n porque se hable de temas econ\u00f3micos inherentes al plantel universitario.<\/p>\n<p>\u201cYa no estamos en edad de resentimientos, que hablen lo que hablen\u201d, dijo Paz en di\u00e1logo con\u00a0<em>\u00c1rea Deportiva<\/em>. Despu\u00e9s, el directivo arremeti\u00f3 con dos exjugadores del club: Diego Herrera, que llegar\u00eda como asesor del actual presidente\u00a0<strong>Guillermo Romero<\/strong>, y\u00a0<strong>Pietro Marsetti<\/strong>, quien seg\u00fan Paz habr\u00eda manifestado que en su dirigencia \u201cno he puesto un solo centavo\u201d, para terminar refiri\u00e9ndose al exvolante como \u201cbobito\u201d.<\/p>\n<p>Marsetti respondi\u00f3 a Paz, dijo estar \u201cadmirado por esas palabras porque es una persona que ha estado tanto tiempo en la instituci\u00f3n y m\u00e1s que nadie desear\u00eda que est\u00e9 gente que conoce de la instituci\u00f3n, que desee trabajar por el club. Porque todos los jugadores que pasamos por Liga tenemos el derecho de aportar, porque algo nos dio el club, por eso uno buscar\u00eda ser rec\u00edproco\u201d, dijo.<\/p>\n<p>El imbabure\u00f1o busc\u00f3 bajar el tono de las cosas y destac\u00f3 la gesti\u00f3n de Paz, con sus varios logros nacionales e internacionales, adem\u00e1s de la edificaci\u00f3n del estadio que hoy lleva el nombre del m\u00e1ximo dirigente albo, pero s\u00ed aclar\u00f3 que Paz \u201cno perdi\u00f3 dinero\u201d, en Liga.<\/p>\n<p>\u201cEs un dirigente que sabe hacer bien las cosas, y es por eso que Liga est\u00e1 en la situaci\u00f3n que est\u00e1 porque ha manejado de buena forma los presupuestos, por eso dudo que el se\u00f1or Rodrigo Paz haya perdido dinero en Liga, una cosa es poner plata y otra haber perdido dinero, porque una persona que pierde dinero en un equipo de f\u00fatbol creo que toma en consideraci\u00f3n las condiciones para seguir, porque estar perdiendo dinero no conviene a ninguna persona\u201d, dijo Marsetti.<\/p>\n<p>Sin embargo, el\u00a0<em>Tano<\/em>, como llamaban a Marsetti, cuestion\u00f3 el manejo \u201cempresarial\u201d de los Paz en Liga. \u201cUna cosa es manejar una empresa y otra manejar un club. Ellos se van y nadie queda para manejar esto porque se debe conocer, tener bases de c\u00f3mo ha sido el trabajo para poder asumir el encargo del club, pero si nadie ha estado trabajando con los Paz, \u00bfQui\u00e9n sabe c\u00f3mo manejar el equipo?\u201d, se\u00f1al\u00f3 Marsetti, campe\u00f3n azucena en 1990. (D)<\/p>\n<p class=\"pullquote\"><strong>Comisi\u00f3n de F\u00fatbol<\/strong><br \/>\n<strong>Liga de Quito<\/strong><\/p>\n<div id=\"mappingampliada\" class=\"dfp-slot atm-banner-mappingampliada publicity-content\">\n<p><strong>Desde 1997<\/strong><br \/>\nLa Comisi\u00f3n de F\u00fatbol recibi\u00f3 ese a\u00f1o el encargo de Liga para el manejo del plantel profesional, el convenio finaliz\u00f3 el 2017, pero se renov\u00f3 hasta enero del 2019, cuando est\u00e1 previsto que los Paz dejar\u00e1n el club.<\/p>\n<p><strong>Logros deportivos<\/strong><br \/>\nEn la gesti\u00f3n al mando de Rodrigo y Esteban Paz, Liga alcanz\u00f3 seis t\u00edtulos locales y cuatro internacionales, adem\u00e1s de concluir la construcci\u00f3n del estadio, que desde junio del 2017 lleva el nombre de Rodrigo Paz Delgado.<\/p>\n<p><img decoding=\"async\" src=\"https:\/\/www.eluniverso.com\/sites\/default\/files\/styles\/powgallery_1024\/public\/fotos\/2018\/09\/14300267.jpg?itok=gZ2YcV6g\" alt=\"Marsetti rechaza el calificativo de \u00e2\u0080\u0098bobito\u00e2\u0080\u0099\" \/><\/p>\n<\/div>\n<p>Fuente: eluniverso.com<\/p>\n<div class=\"gsp_post_data\" \r\n\t            data-post_type=\"post\" \r\n\t            data-cat=\"deportes-ecuador,general\" \r\n\t            data-modified=\"120\"\r\n\t            data-created=\"1536834505\"\r\n\t            data-title=\"Pietro Marsetti rechaza el calificativo de \u2018bobito\u2019\" \r\n\t            data-home=\"https:\/\/www.evafm.net\/sitio\"><\/div>","protected":false},"excerpt":{"rendered":"<p>Quito &#8211; Que la familia Paz deje el manejo futbol\u00edstico de\u00a0Liga de Quito\u00a0abri\u00f3 especulaciones sobre el futuro del club. \u201cLa decisi\u00f3n est\u00e1 tomada\u201d, afirm\u00f3 Rodrigo Paz, dirigente vitalicio de los albos, quien exterioriz\u00f3 su preocupaci\u00f3n porque se hable de temas econ\u00f3micos inherentes al plantel universitario. \u201cYa no estamos en edad de resentimientos, que hablen lo&#8230;<\/p>\n","protected":false},"author":5,"featured_media":38783,"comment_status":"closed","ping_status":"open","sticky":false,"template":"","format":"standard","meta":{"_joinchat":[],"footnotes":""},"categories":[1557,1720],"tags":[],"class_list":["post-38782","post","type-post","status-publish","format-standard","has-post-thumbnail","hentry","category-deportes-ecuador","category-general","have-post-thumb"],"_links":{"self":[{"href":"https:\/\/www.evafm.net\/sitio\/wp-json\/wp\/v2\/posts\/38782","targetHints":{"allow":["GET"]}}],"collection":[{"href":"https:\/\/www.evafm.net\/sitio\/wp-json\/wp\/v2\/posts"}],"about":[{"href":"https:\/\/www.evafm.net\/sitio\/wp-json\/wp\/v2\/types\/post"}],"author":[{"embeddable":true,"href":"https:\/\/www.evafm.net\/sitio\/wp-json\/wp\/v2\/users\/5"}],"replies":[{"embeddable":true,"href":"https:\/\/www.evafm.net\/sitio\/wp-json\/wp\/v2\/comments?post=38782"}],"version-history":[{"count":1,"href":"https:\/\/www.evafm.net\/sitio\/wp-json\/wp\/v2\/posts\/38782\/revisions"}],"predecessor-version":[{"id":38784,"href":"https:\/\/www.evafm.net\/sitio\/wp-json\/wp\/v2\/posts\/38782\/revisions\/38784"}],"wp:featuredmedia":[{"embeddable":true,"href":"https:\/\/www.evafm.net\/sitio\/wp-json\/wp\/v2\/media\/38783"}],"wp:attachment":[{"href":"https:\/\/www.evafm.net\/sitio\/wp-json\/wp\/v2\/media?parent=38782"}],"wp:term":[{"taxonomy":"category","embeddable":true,"href":"https:\/\/www.evafm.net\/sitio\/wp-json\/wp\/v2\/categories?post=38782"},{"taxonomy":"post_tag","embeddable":true,"href":"https:\/\/www.evafm.net\/sitio\/wp-json\/wp\/v2\/tags?post=38782"}],"curies":[{"name":"wp","href":"https:\/\/api.w.org\/{rel}","templated":true}]}}