{"id":38818,"date":"2018-09-13T13:14:12","date_gmt":"2018-09-13T18:14:12","guid":{"rendered":"http:\/\/www.evafm.net\/sitio\/?p=38818"},"modified":"2018-09-13T13:14:12","modified_gmt":"2018-09-13T18:14:12","slug":"victor-arauz-opina-del-programa-proximo-a-estrenarse-tan-davicho","status":"publish","type":"post","link":"https:\/\/www.evafm.net\/sitio\/victor-arauz-opina-del-programa-proximo-a-estrenarse-tan-davicho\/","title":{"rendered":"V\u00edctor Arauz opina del programa pr\u00f3ximo a estrenarse \u201cTan Davicho\u201d"},"content":{"rendered":"<p>El actor ecuatoriano, David Reinoso, estrenar\u00e1 este domingo su programa c\u00f3mico \u201cTan Davicho\u201dpor la pantalla de Teleamazonas y su amigo y colega V\u00edctor Ar\u00e1uz opin\u00f3 acerca de este nuevo proyecto.<\/p>\n<div><\/div>\n<p><iframe title=\"V\u00edctor Arauz opina del programa pr\u00f3ximo a estrenarse &quot;Tan Davicho&quot; - Jarabe de Pico\" width=\"1200\" height=\"900\" src=\"https:\/\/www.youtube.com\/embed\/VdpE_xN6XS8?feature=oembed\" frameborder=\"0\" allow=\"accelerometer; autoplay; clipboard-write; encrypted-media; gyroscope; picture-in-picture; web-share\" referrerpolicy=\"strict-origin-when-cross-origin\" allowfullscreen><\/iframe><\/p>\n<div>Fuente: teleamazonas.com &#8211; Programa Jarabe de pico<\/div>\n<div><\/div>\n<div class=\"gsp_post_data\" \r\n\t            data-post_type=\"post\" \r\n\t            data-cat=\"farandula-ecuatoriana,general\" \r\n\t            data-modified=\"120\"\r\n\t            data-created=\"1536844452\"\r\n\t            data-title=\"V\u00edctor Arauz opina del programa pr\u00f3ximo a estrenarse \u201cTan Davicho\u201d\" \r\n\t            data-home=\"https:\/\/www.evafm.net\/sitio\"><\/div>","protected":false},"excerpt":{"rendered":"<p>El actor ecuatoriano, David Reinoso, estrenar\u00e1 este domingo su programa c\u00f3mico \u201cTan Davicho\u201dpor la pantalla de Teleamazonas y su amigo y colega V\u00edctor Ar\u00e1uz opin\u00f3 acerca de este nuevo proyecto. Fuente: teleamazonas.com &#8211; Programa Jarabe de pico<\/p>\n","protected":false},"author":5,"featured_media":38820,"comment_status":"closed","ping_status":"open","sticky":false,"template":"","format":"standard","meta":{"_joinchat":[],"footnotes":""},"categories":[1562,1720],"tags":[],"class_list":["post-38818","post","type-post","status-publish","format-standard","has-post-thumbnail","hentry","category-farandula-ecuatoriana","category-general","have-post-thumb"],"_links":{"self":[{"href":"https:\/\/www.evafm.net\/sitio\/wp-json\/wp\/v2\/posts\/38818","targetHints":{"allow":["GET"]}}],"collection":[{"href":"https:\/\/www.evafm.net\/sitio\/wp-json\/wp\/v2\/posts"}],"about":[{"href":"https:\/\/www.evafm.net\/sitio\/wp-json\/wp\/v2\/types\/post"}],"author":[{"embeddable":true,"href":"https:\/\/www.evafm.net\/sitio\/wp-json\/wp\/v2\/users\/5"}],"replies":[{"embeddable":true,"href":"https:\/\/www.evafm.net\/sitio\/wp-json\/wp\/v2\/comments?post=38818"}],"version-history":[{"count":1,"href":"https:\/\/www.evafm.net\/sitio\/wp-json\/wp\/v2\/posts\/38818\/revisions"}],"predecessor-version":[{"id":38821,"href":"https:\/\/www.evafm.net\/sitio\/wp-json\/wp\/v2\/posts\/38818\/revisions\/38821"}],"wp:featuredmedia":[{"embeddable":true,"href":"https:\/\/www.evafm.net\/sitio\/wp-json\/wp\/v2\/media\/38820"}],"wp:attachment":[{"href":"https:\/\/www.evafm.net\/sitio\/wp-json\/wp\/v2\/media?parent=38818"}],"wp:term":[{"taxonomy":"category","embeddable":true,"href":"https:\/\/www.evafm.net\/sitio\/wp-json\/wp\/v2\/categories?post=38818"},{"taxonomy":"post_tag","embeddable":true,"href":"https:\/\/www.evafm.net\/sitio\/wp-json\/wp\/v2\/tags?post=38818"}],"curies":[{"name":"wp","href":"https:\/\/api.w.org\/{rel}","templated":true}]}}