{"id":38822,"date":"2018-09-13T13:23:26","date_gmt":"2018-09-13T18:23:26","guid":{"rendered":"http:\/\/www.evafm.net\/sitio\/?p=38822"},"modified":"2018-09-13T13:23:26","modified_gmt":"2018-09-13T18:23:26","slug":"f-e-f-y-bolillo-devaluan-la-copa-america-2019","status":"publish","type":"post","link":"https:\/\/www.evafm.net\/sitio\/f-e-f-y-bolillo-devaluan-la-copa-america-2019\/","title":{"rendered":"F.E.F y \u2018Bolillo\u2019 \u2018deval\u00faan\u2019 la Copa Am\u00e9rica 2019"},"content":{"rendered":"<p>La participaci\u00f3n de la Tricolor en la Copa Am\u00e9rica 2019 fue la raz\u00f3n principal que expuso Carlos Villac\u00eds, presidente de la\u00a0<strong>Federaci\u00f3n Ecuatoriana de F\u00fatbol<\/strong>\u00a0(FEF), en agosto pasado al anunciar el fichaje del t\u00e9cnico\u00a0<strong>Hern\u00e1n Dar\u00edo G\u00f3mez<\/strong>.<\/p>\n<p>\u201c\u00bfUstedes (les dijo a los periodistas el mes pasado) creen que deb\u00edamos estar cruzados de brazos durante 6 meses? Habr\u00eda sido una irresponsabilidad no contratar al t\u00e9cnico\u201d sin saber si \u00e9l permanecer\u00e1 en la Ecuaf\u00fatbol tras las elecciones de enero pr\u00f3ximo. Seg\u00fan Villac\u00eds: \u201cCuando iba por la calle, la gente me preguntaba cu\u00e1ndo \u00edbamos a contratar al DT, ellos (los aficionados) son los que m\u00e1s me preocupan\u201d.<\/p>\n<p>Pero tras la \u2018urgencia\u2019 de fichar a un estratega para la Selecci\u00f3n, a su arribo el\u00a0<em>Bolillo<\/em>tuvo un punto de vista distinto al directivo: \u201cVoy a utilizar la Copa Am\u00e9rica 2019 para preparar la eliminatoria en Catar\u201d, dijo el colombiano y agreg\u00f3 que la obligaci\u00f3n no es el certamen de Brasil sin la edici\u00f3n 2023 (en Ecuador, pese a que su v\u00ednculo laboral es hasta 2022).<\/p>\n<p>Ahora, tambi\u00e9n para Villac\u00eds la prioridad no es el torneo de selecciones m\u00e1s antiguo del planeta, que significar\u00e1 el debut oficial de G\u00f3mez, sino el posterior: la eliminatoria.<\/p>\n<p>\u201cEn mi criterio, la Copa Am\u00e9rica es un torneo importante que est\u00e1 en el camino a la Eliminatoria sudamericana. La meta, ustedes (los periodistas) han visto que nuestro slogan es (el Mundial) Catar 2022. La meta es esa\u201d, expres\u00f3 Villac\u00eds, quien a\u00fan no define si ir\u00e1 por la reelecci\u00f3n, el martes pasado.<\/p>\n<p>\u201cLos amistosos que se nos presenten en las fechas\u00a0<strong>FIFA\u00a0<\/strong>y la<strong>\u00a0Copa Am\u00e9rica\u00a0<\/strong>son compromisos que est\u00e1n en camino hacia Catar\u201d, insisti\u00f3 Villac\u00eds ante la consulta si la primera prueba de fuego de G\u00f3mez ser\u00e1 en Brasil 2019.<\/p>\n<p>Pero a criterio de dos periodistas consultados por este Diario, en la Ecuaf\u00fatbol se menosprecia a la Copa Am\u00e9rica porque Ecuador \u201cno est\u00e1 preparado\u201d para lograr resultados lejos de la altura.<\/p>\n<p>\u201cSorprende que el presidente de la\u00a0<strong>FEF\u00a0<\/strong>desestime un torneo tan importante y tan antiguo en el que nunca hemos sido protagonistas. Hay que ir a apostar porque son torneos internacionales, reconocidos. No se puede decir que no es prioridad\u201d, dijo Mario Canessa, analista de radio\u00a0<em>Caravana<\/em>. \u201cLa Copa Am\u00e9rica no puede ser usada como un laboratorio, hay que ir a ganarla o a llegar a instancias mayores. Es una equivocaci\u00f3n que no ir a pelear por un torneo internacional\u201d, a\u00f1adi\u00f3.<\/p>\n<p>Y para Xavier Zevallos, de la emisora capitalina<em>\u00a0Redonda<\/em>\u00a0el argumento de la FEF surge porque no \u201cexiste preparaci\u00f3n\u201d para competir fuera de Quito. \u201cEsto se viene dando en los \u00faltimos tiempos. Ecuador solo tiene el objetivo de llegar al Mundial, pero no el de evolucionar en cert\u00e1menes que se juegan fuera de casa. Por eso nos dicen que la Copa Am\u00e9rica 2019 no es importante\u201d. (D)<\/p>\n<p><img decoding=\"async\" src=\"https:\/\/www.eluniverso.com\/sites\/default\/files\/styles\/powgallery_1024\/public\/fotos\/2018\/09\/hernandariogomez4.jpg?itok=D2DtuQJ2\" alt=\"Federaci\u00c3\u00b3n Ecuatoriana de F\u00c3\u00batbol y \u00e2\u0080\u0098Bolillo\u00e2\u0080\u0099 \u00e2\u0080\u0098deval\u00c3\u00baan\u00e2\u0080\u0099 la Copa Am\u00c3\u00a9rica 2019\" \/><\/p>\n<p>Hernan Dario Gomez Tecnico de la Tricolor Ecuatoriana.<\/p>\n<p>Fuente: eluniverso.com<\/p>\n<div class=\"gsp_post_data\" \r\n\t            data-post_type=\"post\" \r\n\t            data-cat=\"deportes-internacionales\" \r\n\t            data-modified=\"120\"\r\n\t            data-created=\"1536845006\"\r\n\t            data-title=\"F.E.F y \u2018Bolillo\u2019 \u2018deval\u00faan\u2019 la Copa Am\u00e9rica 2019\" \r\n\t            data-home=\"https:\/\/www.evafm.net\/sitio\"><\/div>","protected":false},"excerpt":{"rendered":"<p>La participaci\u00f3n de la Tricolor en la Copa Am\u00e9rica 2019 fue la raz\u00f3n principal que expuso Carlos Villac\u00eds, presidente de la\u00a0Federaci\u00f3n Ecuatoriana de F\u00fatbol\u00a0(FEF), en agosto pasado al anunciar el fichaje del t\u00e9cnico\u00a0Hern\u00e1n Dar\u00edo G\u00f3mez. \u201c\u00bfUstedes (les dijo a los periodistas el mes pasado) creen que deb\u00edamos estar cruzados de brazos durante 6 meses? Habr\u00eda&#8230;<\/p>\n","protected":false},"author":5,"featured_media":38823,"comment_status":"closed","ping_status":"open","sticky":false,"template":"","format":"standard","meta":{"_joinchat":[],"footnotes":""},"categories":[1342],"tags":[],"class_list":["post-38822","post","type-post","status-publish","format-standard","has-post-thumbnail","hentry","category-deportes-internacionales","have-post-thumb"],"_links":{"self":[{"href":"https:\/\/www.evafm.net\/sitio\/wp-json\/wp\/v2\/posts\/38822","targetHints":{"allow":["GET"]}}],"collection":[{"href":"https:\/\/www.evafm.net\/sitio\/wp-json\/wp\/v2\/posts"}],"about":[{"href":"https:\/\/www.evafm.net\/sitio\/wp-json\/wp\/v2\/types\/post"}],"author":[{"embeddable":true,"href":"https:\/\/www.evafm.net\/sitio\/wp-json\/wp\/v2\/users\/5"}],"replies":[{"embeddable":true,"href":"https:\/\/www.evafm.net\/sitio\/wp-json\/wp\/v2\/comments?post=38822"}],"version-history":[{"count":1,"href":"https:\/\/www.evafm.net\/sitio\/wp-json\/wp\/v2\/posts\/38822\/revisions"}],"predecessor-version":[{"id":38824,"href":"https:\/\/www.evafm.net\/sitio\/wp-json\/wp\/v2\/posts\/38822\/revisions\/38824"}],"wp:featuredmedia":[{"embeddable":true,"href":"https:\/\/www.evafm.net\/sitio\/wp-json\/wp\/v2\/media\/38823"}],"wp:attachment":[{"href":"https:\/\/www.evafm.net\/sitio\/wp-json\/wp\/v2\/media?parent=38822"}],"wp:term":[{"taxonomy":"category","embeddable":true,"href":"https:\/\/www.evafm.net\/sitio\/wp-json\/wp\/v2\/categories?post=38822"},{"taxonomy":"post_tag","embeddable":true,"href":"https:\/\/www.evafm.net\/sitio\/wp-json\/wp\/v2\/tags?post=38822"}],"curies":[{"name":"wp","href":"https:\/\/api.w.org\/{rel}","templated":true}]}}