{"id":38840,"date":"2018-09-14T11:23:32","date_gmt":"2018-09-14T16:23:32","guid":{"rendered":"http:\/\/www.evafm.net\/sitio\/?p=38840"},"modified":"2018-09-14T11:23:32","modified_gmt":"2018-09-14T16:23:32","slug":"paul-manafort-se-declaro-culpable-de-conspiracion-contra-los-eeuu","status":"publish","type":"post","link":"https:\/\/www.evafm.net\/sitio\/paul-manafort-se-declaro-culpable-de-conspiracion-contra-los-eeuu\/","title":{"rendered":"Paul Manafort se declar\u00f3 culpable de conspiraci\u00f3n contra los EEUU"},"content":{"rendered":"<div class=\"row pb-content-type-text\">\n<div class=\"col-xs-12 col-print-12\">\n<p class=\"element element-paragraph\">El ex jefe de la campa\u00f1a presidencial de Donald Trump,\u00a0<strong>Paul Manafort<\/strong>,\u00a0<strong>acord\u00f3 declararse culpable de dos cargos criminales<\/strong>\u00a0como parte de un acuerdo con el fiscal especial Robert Mueller, quien investiga la interferencia de Rusia en las elecciones de 2016.<\/p>\n<\/div>\n<\/div>\n<div class=\"row pb-content-type-text\">\n<div class=\"col-xs-12 col-print-12\">\n<p class=\"element element-paragraph\"><strong>Manafort se declar\u00f3 culpable de un cargo de conspiraci\u00f3n contra Estados Unidos y otro de conspiraci\u00f3n para obstruir a la Justicia<\/strong>, seg\u00fan documentos presentados en el Tribunal de Distrito de Columbia.<\/p>\n<\/div>\n<\/div>\n<div class=\"row pb-content-type-text\">\n<div class=\"col-xs-12 col-print-12\">\n<p class=\"element element-paragraph\">La selecci\u00f3n de un jurado comenzar\u00e1 el lunes para cargos que incluyen\u00a0<strong>conspirar para lavar dinero, conspirar para defraudar a Estados Unidos, no registrarse como agente extranjero y falsificaci\u00f3n de testigos<\/strong>.<\/p>\n<\/div>\n<\/div>\n<div class=\"row pb-content-type-text\">\n<div class=\"col-xs-12 col-print-12\">\n<p class=\"element element-paragraph\">La decisi\u00f3n de Manafort\u00a0<strong>puede representar un rev\u00e9s para el presidente Trump<\/strong>, quien el mes pasado hab\u00eda elogiado a su colaborador por no llegar a un acuerdo con los fiscales, como lo hizo el ex abogado personal del presidente, Michael Cohen.<\/p>\n<div class=\"row pb-content-type-text\">\n<div class=\"col-xs-12 col-print-12\">\n<p class=\"element element-paragraph\">El mes pasado, un tribunal del estado de Virginia\u00a0<strong>ya declar\u00f3 culpable a Manafort por ocho delitos de fraude<\/strong>, mientras que el jurado\u00a0<strong>no alcanz\u00f3 un consenso<\/strong>\u00a0respecto a decena de delitos que se le imputaban.<\/p>\n<\/div>\n<\/div>\n<div class=\"row pb-content-type-text\">\n<div class=\"col-xs-12 col-print-12\">\n<p class=\"element element-paragraph\">Sin embargo, el 29 de agosto, el fiscal especial de la trama rusa, Robert Mueller, pidi\u00f3 a la corte federal del Distrito de Virginia Este\u00a0<strong>m\u00e1s tiempo para decidir si enjuicia de nuevo o no a Manafort<\/strong>\u00a0por esos otros diez delitos de fraude sobre los que el jurado no consigui\u00f3 alcanzar un veredicto.<\/p>\n<\/div>\n<\/div>\n<div class=\"row pb-content-type-text\">\n<div class=\"col-xs-12 col-print-12\">\n<p class=\"element element-paragraph\"><strong>Manafort supuestamente trabaj\u00f3 entre 2006 y 2017 para Gobiernos extranjeros<\/strong>, incluido el Ejecutivo prorruso del ex presidente ucraniano V\u00edktor Yanuk\u00f3vich (2010-2014), y\u00a0<strong>para oligarcas rusos<\/strong>, a los que ayud\u00f3 a mejorar su imagen en Washington sin comunic\u00e1rselo a las autoridades, lo que constituye un crimen.<\/p>\n<\/div>\n<\/div>\n<div class=\"row pb-content-type-text\">\n<div class=\"col-xs-12 col-print-12\">\n<p class=\"element element-paragraph\">El proceso contra \u00e9l es producto de la investigaci\u00f3n de Mueller, pero no est\u00e1 relacionada directamente con las actividades que desempe\u00f1\u00f3 entre marzo y agosto de 2016 en la campa\u00f1a de Trump, donde lleg\u00f3 a ser el jefe hasta que se vio obligado a dimitir por ocultar el cobro de 12,7 millones procedentes de Yanuk\u00f3vich.<\/p>\n<div class=\"single-image\">\n<div class=\"shares\">\n<div class=\"share-button facebook\"><\/div>\n<\/div>\n<p><img decoding=\"async\" id=\"WZAS3SOWEZF5JKKBC37GKNMJZE\" class=\"image-lazy\" src=\"https:\/\/www.infobae.com\/new-resizer\/4mqQd8lg9Dm1zJ-pUDokSyjkMh0=\/600x0\/filters:quality(100)\/s3.amazonaws.com\/arc-wordpress-client-uploads\/infobae-wp\/wp-content\/uploads\/2018\/02\/28131952\/2018-02-28T152440Z_796888145_RC1426D76110_RTRMADP_3_USA-TRUMP-RUSSIA-1-e1519834826879.jpg\" alt=\"Paul Manafort, ex jefe de campa\u00f1a de Donald Trump (REUTERS\/Yuri Gripas)\" width=\"750\" height=\"429.296875\" \/><\/div>\n<p><span class=\"credit\">Paul Manafort, ex jefe de campa\u00f1a de Donald Trump (REUTERS\/Yuri Gripas)<\/span><\/p>\n<div class=\"single-image\"><img decoding=\"async\" id=\"KCZFHPZVJ5FXJHB5RJBYTIHQEU\" class=\"image-lazy\" src=\"https:\/\/www.infobae.com\/new-resizer\/r5HtU711NlW9yPzyyj_6V6cYeYo=\/600x0\/filters:quality(100)\/s3.amazonaws.com\/arc-wordpress-client-uploads\/infobae-wp\/wp-content\/uploads\/2017\/08\/09113408\/2017-08-09T142924Z_128041948_RC195E588740_RTRMADP_3_USA-TRUMP-RUSSIA-MANAFORT-e1502289257735.jpg\" alt=\"Paul Manafort junto a Donald Trump e Ivanka Trump en la Convenci\u00f3n Nacional Republicana en Cleveland el 21 de julio de 2016 (REUTERS\/Rick Wilking\/File Photo)\" width=\"750\" height=\"516.796875\" \/><\/div>\n<p><span class=\"credit\">Paul Manafort junto a Donald Trump e Ivanka Trump en la Convenci\u00f3n Nacional Republicana en Cleveland el 21 de julio de 2016 (REUTERS\/Rick Wilking\/File Photo)<\/span><\/p>\n<p>Fuente: infobae.com<\/p>\n<\/div>\n<\/div>\n<\/div>\n<\/div>\n<div class=\"gsp_post_data\" \r\n\t            data-post_type=\"post\" \r\n\t            data-cat=\"noticias-internacionales\" \r\n\t            data-modified=\"120\"\r\n\t            data-created=\"1536924212\"\r\n\t            data-title=\"Paul Manafort se declar\u00f3 culpable de conspiraci\u00f3n contra los EEUU\" \r\n\t            data-home=\"https:\/\/www.evafm.net\/sitio\"><\/div>","protected":false},"excerpt":{"rendered":"<p>El ex jefe de la campa\u00f1a presidencial de Donald Trump,\u00a0Paul Manafort,\u00a0acord\u00f3 declararse culpable de dos cargos criminales\u00a0como parte de un acuerdo con el fiscal especial Robert Mueller, quien investiga la interferencia de Rusia en las elecciones de 2016. Manafort se declar\u00f3 culpable de un cargo de conspiraci\u00f3n contra Estados Unidos y otro de conspiraci\u00f3n para&#8230;<\/p>\n","protected":false},"author":5,"featured_media":38841,"comment_status":"closed","ping_status":"open","sticky":false,"template":"","format":"standard","meta":{"_joinchat":[],"footnotes":""},"categories":[1345],"tags":[],"class_list":["post-38840","post","type-post","status-publish","format-standard","has-post-thumbnail","hentry","category-noticias-internacionales","have-post-thumb"],"_links":{"self":[{"href":"https:\/\/www.evafm.net\/sitio\/wp-json\/wp\/v2\/posts\/38840","targetHints":{"allow":["GET"]}}],"collection":[{"href":"https:\/\/www.evafm.net\/sitio\/wp-json\/wp\/v2\/posts"}],"about":[{"href":"https:\/\/www.evafm.net\/sitio\/wp-json\/wp\/v2\/types\/post"}],"author":[{"embeddable":true,"href":"https:\/\/www.evafm.net\/sitio\/wp-json\/wp\/v2\/users\/5"}],"replies":[{"embeddable":true,"href":"https:\/\/www.evafm.net\/sitio\/wp-json\/wp\/v2\/comments?post=38840"}],"version-history":[{"count":1,"href":"https:\/\/www.evafm.net\/sitio\/wp-json\/wp\/v2\/posts\/38840\/revisions"}],"predecessor-version":[{"id":38842,"href":"https:\/\/www.evafm.net\/sitio\/wp-json\/wp\/v2\/posts\/38840\/revisions\/38842"}],"wp:featuredmedia":[{"embeddable":true,"href":"https:\/\/www.evafm.net\/sitio\/wp-json\/wp\/v2\/media\/38841"}],"wp:attachment":[{"href":"https:\/\/www.evafm.net\/sitio\/wp-json\/wp\/v2\/media?parent=38840"}],"wp:term":[{"taxonomy":"category","embeddable":true,"href":"https:\/\/www.evafm.net\/sitio\/wp-json\/wp\/v2\/categories?post=38840"},{"taxonomy":"post_tag","embeddable":true,"href":"https:\/\/www.evafm.net\/sitio\/wp-json\/wp\/v2\/tags?post=38840"}],"curies":[{"name":"wp","href":"https:\/\/api.w.org\/{rel}","templated":true}]}}