{"id":38846,"date":"2018-09-14T11:48:14","date_gmt":"2018-09-14T16:48:14","guid":{"rendered":"http:\/\/www.evafm.net\/sitio\/?p=38846"},"modified":"2018-09-14T11:48:14","modified_gmt":"2018-09-14T16:48:14","slug":"sixto-vizuete-estara-a-cargo-de-las-selecciones-menores-en-bolivia","status":"publish","type":"post","link":"https:\/\/www.evafm.net\/sitio\/sixto-vizuete-estara-a-cargo-de-las-selecciones-menores-en-bolivia\/","title":{"rendered":"Sixto Vizuete estar\u00e1 a cargo de las selecciones menores en Bolivia"},"content":{"rendered":"<div class=\"location-event\">Quito &#8211;<\/div>\n<p>Con un proceso de trabajo a cuatro a\u00f1os llega Sixto Vizuete a las selecciones menores de Bolivia.<\/p>\n<p>El estratega ecuatoriano fue confirmado por la dirigencia del altiplano y tendr\u00e1 su primer reto con la selecci\u00f3n sub-15 en febrero pr\u00f3ximo, en el Sudamericano que se disputar\u00e1 en febrero, en Per\u00fa.<\/p>\n<p>Por recomendaci\u00f3n del DT C\u00e9sar Far\u00edas, t\u00e9cnico del seleccionado mayor de los del altiplano, Vizuete recibi\u00f3 el llamado desde La Paz para presentar ante la Federaci\u00f3n un proyecto que permita \u201creestructurar las bases del f\u00fatbol boliviano\u201d, en un proceso de trabajo que tendr\u00e1 al cotopaxense como coordinador general y director t\u00e9cnico de las selecciones sub-15, 17 y 20.<\/p>\n<p>El ecuatoriano llega respaldado por una trayectoria cumplida en la Ecuaf\u00fatbol, en la que se cuenta la conducci\u00f3n de Ecuador en la eliminatoria al Mundial Sud\u00e1frica 2010, una medalla de oro en los Juegos Panamericanos 2007, la clasificaci\u00f3n con la Tricolor sub-20 al Mundial del 2011, y el manejo de clubes en campeonatos de series A y B en Ecuador.<\/p>\n<p>\u201cEsa experiencia queremos volcar en Bolivia para reorganizar su campeonato de formativas, tenemos el respaldo de la dirigencia y eso es importante para desarrollar nuestro trabajo. No es que vamos a cambiar el f\u00fatbol boliviano en pocos meses, por eso es un contrato hasta el 2021\u201d, coment\u00f3 el estratega.<\/p>\n<p>Vizuete trabajar\u00e1 con C\u00e9sar Zambrano como asistente t\u00e9cnico y el resto de su equipo de trabajo ser\u00e1 boliviano, seg\u00fan adelant\u00f3 Marco Rodr\u00edguez, presidente del Comit\u00e9 Ejecutivo de la Federaci\u00f3n boliviana, quien hizo el anuncio de la decisi\u00f3n de contratar a Vizuete, luego de \u201cun consenso\u201d alcanzado entre su dirigencia.<\/p>\n<p>El proyecto de Vizuete se impuso al presentado por otros profesionales como el espa\u00f1ol Pablo Villar y el boliviano Juan Carlos Farah, quien finalmente pasar\u00eda a incorporarse al trabajo del DT Tricolor.<\/p>\n<p>Antes de su viaje a Bolivia, previsto para este domingo, Sixto Vizuete debe finiquitar su v\u00ednculo con El Nacional, club al que lleg\u00f3 en enero para manejar las divisiones menores, y del que recibi\u00f3 el respaldo para asumir este nuevo paso profesional. (D)<\/p>\n<blockquote class=\"twitter-tweet\" data-width=\"550\" data-dnt=\"true\">\n<p lang=\"es\" dir=\"ltr\">El Vice Presidente del Comit\u00e9 Ejecutivo de la FBF dio las conclusiones del la reuni\u00f3n de este mi\u00e9rcoles entre las que confirma a Vizuete como DT de las menores <a href=\"https:\/\/t.co\/tOd8muYqE8\">pic.twitter.com\/tOd8muYqE8<\/a><\/p>\n<p>&mdash; LA VERDE \ud83c\udde7\ud83c\uddf4 (@laverde_fbf) <a href=\"https:\/\/twitter.com\/laverde_fbf\/status\/1040026720689180672?ref_src=twsrc%5Etfw\">September 12, 2018<\/a><\/p><\/blockquote>\n<p><script async src=\"https:\/\/platform.twitter.com\/widgets.js\" charset=\"utf-8\"><\/script><\/p>\n<p>Fuente: eluniverso.com<\/p>\n<div class=\"gsp_post_data\" \r\n\t            data-post_type=\"post\" \r\n\t            data-cat=\"deportes-internacionales,general\" \r\n\t            data-modified=\"120\"\r\n\t            data-created=\"1536925694\"\r\n\t            data-title=\"Sixto Vizuete estar\u00e1 a cargo de las selecciones menores en Bolivia\" \r\n\t            data-home=\"https:\/\/www.evafm.net\/sitio\"><\/div>","protected":false},"excerpt":{"rendered":"<p>Quito &#8211; Con un proceso de trabajo a cuatro a\u00f1os llega Sixto Vizuete a las selecciones menores de Bolivia. El estratega ecuatoriano fue confirmado por la dirigencia del altiplano y tendr\u00e1 su primer reto con la selecci\u00f3n sub-15 en febrero pr\u00f3ximo, en el Sudamericano que se disputar\u00e1 en febrero, en Per\u00fa. Por recomendaci\u00f3n del DT&#8230;<\/p>\n","protected":false},"author":5,"featured_media":38848,"comment_status":"closed","ping_status":"open","sticky":false,"template":"","format":"standard","meta":{"_joinchat":[],"footnotes":""},"categories":[1342,1720],"tags":[],"class_list":["post-38846","post","type-post","status-publish","format-standard","has-post-thumbnail","hentry","category-deportes-internacionales","category-general","have-post-thumb"],"_links":{"self":[{"href":"https:\/\/www.evafm.net\/sitio\/wp-json\/wp\/v2\/posts\/38846","targetHints":{"allow":["GET"]}}],"collection":[{"href":"https:\/\/www.evafm.net\/sitio\/wp-json\/wp\/v2\/posts"}],"about":[{"href":"https:\/\/www.evafm.net\/sitio\/wp-json\/wp\/v2\/types\/post"}],"author":[{"embeddable":true,"href":"https:\/\/www.evafm.net\/sitio\/wp-json\/wp\/v2\/users\/5"}],"replies":[{"embeddable":true,"href":"https:\/\/www.evafm.net\/sitio\/wp-json\/wp\/v2\/comments?post=38846"}],"version-history":[{"count":1,"href":"https:\/\/www.evafm.net\/sitio\/wp-json\/wp\/v2\/posts\/38846\/revisions"}],"predecessor-version":[{"id":38849,"href":"https:\/\/www.evafm.net\/sitio\/wp-json\/wp\/v2\/posts\/38846\/revisions\/38849"}],"wp:featuredmedia":[{"embeddable":true,"href":"https:\/\/www.evafm.net\/sitio\/wp-json\/wp\/v2\/media\/38848"}],"wp:attachment":[{"href":"https:\/\/www.evafm.net\/sitio\/wp-json\/wp\/v2\/media?parent=38846"}],"wp:term":[{"taxonomy":"category","embeddable":true,"href":"https:\/\/www.evafm.net\/sitio\/wp-json\/wp\/v2\/categories?post=38846"},{"taxonomy":"post_tag","embeddable":true,"href":"https:\/\/www.evafm.net\/sitio\/wp-json\/wp\/v2\/tags?post=38846"}],"curies":[{"name":"wp","href":"https:\/\/api.w.org\/{rel}","templated":true}]}}