{"id":38972,"date":"2018-09-16T12:22:03","date_gmt":"2018-09-16T17:22:03","guid":{"rendered":"http:\/\/www.evafm.net\/sitio\/?p=38972"},"modified":"2018-09-16T12:22:03","modified_gmt":"2018-09-16T17:22:03","slug":"carlos-rubira-infante-ya-descansa-en-el-cementerio-general","status":"publish","type":"post","link":"https:\/\/www.evafm.net\/sitio\/carlos-rubira-infante-ya-descansa-en-el-cementerio-general\/","title":{"rendered":"Carlos Rubira Infante ya descansa en el Cementerio General"},"content":{"rendered":"<p>Con su m\u00fasica, as\u00ed lo despidieron este s\u00e1bado al cantautor guayaquile\u00f1o Carlos Aurelio Rubira Infante, quien ma\u00f1ana iba a cumplir 97 a\u00f1os.<\/p>\n<p>Amigos, familiares, cantantes y sus fan\u00e1ticos se reunieron en la Sala de Velaciones Exclusiva 2 de la Junta de Beneficencia de Guayaquil durante la ma\u00f1ana y parte de la tarde. Ayer sus restos fueron velados en el Sal\u00f3n de la Ciudad.<\/p>\n<p>\u201cEl cielo no quiso esperar (y se lo llev\u00f3)\u201d, expres\u00f3 Jos\u00e9 Gonz\u00e1lez mientras sosten\u00eda la imagen del compositor, que fue publicada este s\u00e1bado en diario S\u00faper.<\/p>\n<p>Gonz\u00e1lez, de 50 a\u00f1os, fue uno de las decenas de fan\u00e1ticos de Rubira Infante que llegaron hoy hasta la sala de velaciones para despedirse del autor de m\u00e1s de 600 canciones del repertorio nacional.<\/p>\n<p>Confiesa que llor\u00f3 al enterarse de la partida del artista, mientras estaba sentado en los exteriores de la sala, adonde arrib\u00f3 desde las 07:30.<\/p>\n<p>\u201cEl f\u00e9retro (del artista) lleg\u00f3 a las 10:20\u201d, coment\u00f3, y a\u00f1adi\u00f3 que Playita m\u00eda es uno de sus temas favoritos.<\/p>\n<p>Al frente de Gonz\u00e1lez estuvo otro fan\u00e1tico del artista guayaquile\u00f1o, \u00d3scar Loor, de 69 a\u00f1os, quien tambi\u00e9n lament\u00f3 la partida y la \u201cp\u00e9rdida de un gran compositor\u201d.<\/p>\n<p>As\u00ed como Gonz\u00e1lez y Loor, m\u00e1s fan\u00e1ticos, familiares, amigos y artistas se encontraban dentro y fuera de la sala de velaciones.<\/p>\n<p>Hilda Murillo junto con su madre, Fresia Saavedra, fueron dos de las artistas que, cerca del f\u00e9retro, interpretaron algunos temas de la autor\u00eda de Rubira Infante.<\/p>\n<p>Minutos despu\u00e9s, a ambas se les unieron m\u00e1s artistas, entre ellos Fernando Vargas, quien fue alumno del cantante desaparecido.<\/p>\n<p>El homenaje post mortem continu\u00f3 para Rubira Infante. El tema \u00edcono Guayaquile\u00f1o, madera de guerrero fue entonado con euforia no solo por los artistas que estuvieron cerca del f\u00e9retro, sino por todo el p\u00fablico que se encontraba agolpado ayer en el sitio.<\/p>\n<p>\u201cEste es un duelo de todo el Ecuador. No es un duelo solamente de los Rubira (&#8230;), porque mi padre con sus canciones ha sabido levantar los \u00e1nimos cuando la patria ha estado ca\u00edda. Ha sabido despertar el amor cuando un hombre ha querido enamorar m\u00e1s a su esposa. Ha sabido despertar el amor a la madre, a la familia con sus canciones\u201d, coment\u00f3 Gilda Rubira, una de las hijas del cantante guayaquile\u00f1o que hoy se dispon\u00eda a cumplir 97 a\u00f1os.<\/p>\n<p>Gilda se\u00f1al\u00f3 que su progenitor fue un int\u00e9rprete \u201cmayor del sentimiento ecuatoriano\u201d.<\/p>\n<p>\u201cPienso que todas aquellas personas que se han sentido identificadas con la m\u00fasica que mi padre ha creado, esas personas est\u00e1n de duelo. Y no es solamente aqu\u00ed en el pa\u00eds, tambi\u00e9n fuera, porque tenemos ecuatorianos por todo el mundo y ellos al cantar las canciones de mi padre lloran (&#8230;)\u201d, agreg\u00f3.<\/p>\n<p>El sepelio de Rubira Infante se realiz\u00f3 pasadas las 16:00, en el Cementerio General, por la puerta 8. (I)<\/p>\n<p>Fuente: Eluniverso.com<\/p>\n<div class=\"gsp_post_data\" \r\n\t            data-post_type=\"post\" \r\n\t            data-cat=\"farandula-ecuatoriana,general\" \r\n\t            data-modified=\"120\"\r\n\t            data-created=\"1537100523\"\r\n\t            data-title=\"Carlos Rubira Infante ya descansa en el Cementerio General\" \r\n\t            data-home=\"https:\/\/www.evafm.net\/sitio\"><\/div>","protected":false},"excerpt":{"rendered":"<p>Con su m\u00fasica, as\u00ed lo despidieron este s\u00e1bado al cantautor guayaquile\u00f1o Carlos Aurelio Rubira Infante, quien ma\u00f1ana iba a cumplir 97 a\u00f1os. Amigos, familiares, cantantes y sus fan\u00e1ticos se reunieron en la Sala de Velaciones Exclusiva 2 de la Junta de Beneficencia de Guayaquil durante la ma\u00f1ana y parte de la tarde. Ayer sus restos&#8230;<\/p>\n","protected":false},"author":5,"featured_media":38974,"comment_status":"closed","ping_status":"open","sticky":false,"template":"","format":"standard","meta":{"_joinchat":[],"footnotes":""},"categories":[1562,1720],"tags":[],"class_list":["post-38972","post","type-post","status-publish","format-standard","has-post-thumbnail","hentry","category-farandula-ecuatoriana","category-general","have-post-thumb"],"_links":{"self":[{"href":"https:\/\/www.evafm.net\/sitio\/wp-json\/wp\/v2\/posts\/38972","targetHints":{"allow":["GET"]}}],"collection":[{"href":"https:\/\/www.evafm.net\/sitio\/wp-json\/wp\/v2\/posts"}],"about":[{"href":"https:\/\/www.evafm.net\/sitio\/wp-json\/wp\/v2\/types\/post"}],"author":[{"embeddable":true,"href":"https:\/\/www.evafm.net\/sitio\/wp-json\/wp\/v2\/users\/5"}],"replies":[{"embeddable":true,"href":"https:\/\/www.evafm.net\/sitio\/wp-json\/wp\/v2\/comments?post=38972"}],"version-history":[{"count":1,"href":"https:\/\/www.evafm.net\/sitio\/wp-json\/wp\/v2\/posts\/38972\/revisions"}],"predecessor-version":[{"id":38975,"href":"https:\/\/www.evafm.net\/sitio\/wp-json\/wp\/v2\/posts\/38972\/revisions\/38975"}],"wp:featuredmedia":[{"embeddable":true,"href":"https:\/\/www.evafm.net\/sitio\/wp-json\/wp\/v2\/media\/38974"}],"wp:attachment":[{"href":"https:\/\/www.evafm.net\/sitio\/wp-json\/wp\/v2\/media?parent=38972"}],"wp:term":[{"taxonomy":"category","embeddable":true,"href":"https:\/\/www.evafm.net\/sitio\/wp-json\/wp\/v2\/categories?post=38972"},{"taxonomy":"post_tag","embeddable":true,"href":"https:\/\/www.evafm.net\/sitio\/wp-json\/wp\/v2\/tags?post=38972"}],"curies":[{"name":"wp","href":"https:\/\/api.w.org\/{rel}","templated":true}]}}