{"id":38980,"date":"2018-09-17T08:33:07","date_gmt":"2018-09-17T13:33:07","guid":{"rendered":"http:\/\/www.evafm.net\/sitio\/?p=38980"},"modified":"2018-09-17T08:33:07","modified_gmt":"2018-09-17T13:33:07","slug":"el-ejecutivo-arrendo-482-bienes-en-austeridad","status":"publish","type":"post","link":"https:\/\/www.evafm.net\/sitio\/el-ejecutivo-arrendo-482-bienes-en-austeridad\/","title":{"rendered":"El Ejecutivo arrend\u00f3 482 bienes, en austeridad"},"content":{"rendered":"<p>Hasta los ahorros caseros cuentan pero a\u00fan no son evidentes. El\u00a0<b>Ejecutivo<\/b>\u00a0limita de a poco los arrendamientos de bienes en el\u00a0<b>sector<\/b>\u00a0<b>p\u00fablico<\/b>\u00a0por mandato del presidente de la Rep\u00fablica,\u00a0<b>Len\u00edn<\/b>\u00a0<b>Moreno<\/b>. Las autoridades a cargo del control incrementaron los requisitos para permitir que se\u00a0<b>alquilen oficinas y edificios<\/b>. Pero el n\u00famero de solicitudes aprobadas a\u00fan es considerable.<\/p>\n<p>El resultado de la pol\u00edtica de reducci\u00f3n de arriendos, que inici\u00f3 con el\u00a0<b>Decreto Ejecutivo 135\u00a0<\/b>de septiembre del a\u00f1o pasado y se reafirm\u00f3 en abril, est\u00e1 en manos del\u00a0<b>Servicio de Gesti\u00f3n Inmobiliaria del Sector P\u00fablico<\/b>\u00a0<b>(Inmobiliar)<\/b>. Su \u00faltimo informe muestra que, hasta junio de este a\u00f1o, negaron nueve solicitudes de arrendamiento porque no se cumpli\u00f3 con todos los requisitos.<\/p>\n<p>Se negaron autorizaciones porque los montos solicitados sobrepasaban los estimados por Inmobiliar. Adem\u00e1s, se confirm\u00f3 que se pod\u00edan utilizar\u00a0<b>instalaciones<\/b>\u00a0<b>p\u00fablicas<\/b>.<\/p>\n<p>El n\u00famero de aprobaciones, sin embargo, supera en gran medida a las negaciones. De septiembre de 2017 a junio de 2018 se calificaron favorablemente a<b>\u00a0482 pedidos<\/b>\u00a0de arrendamiento. En\u00a0<b>Azuay, Ca\u00f1ar, Morona Santiago, El Oro, Loja y Zamora Chinchipe<\/b>\u00a0se registraron la mayor cantidad de solicitudes.<\/p>\n<p>Entre\u00a0<b>Guayas, Los R\u00edos, Santa Elena, Bol\u00edvar y Gal\u00e1pagos<\/b>, en cambio, solo hubo 80 pedidos. Todos fueron aprobados.<\/p>\n<p>Seg\u00fan las autoridades, las aprobaciones se hicieron luego de verificaciones t\u00e9cnicas, presupuestarias y legales.<\/p>\n<p>Inmobiliar, en el informe de cumplimiento del\u00a0<b>Decreto 135<\/b>, no detalla cu\u00e1l es el monto pagado mensualmente por esos arriendos. Lo que s\u00ed consta es que, a la fecha, la entidad todav\u00eda busca mecanismos de optimizaci\u00f3n para continuar con la reducci\u00f3n de gasto que solicit\u00f3 el presidente\u00a0<b>Len\u00edn<\/b>\u00a0<b>Moreno<\/b>.<\/p>\n<p>Los trabajos de control se extienden, adem\u00e1s, a las remodelaciones de inmuebles que solicita el sector p\u00fablico. En el periodo de supervisi\u00f3n se autorizaron 23 adecuaciones y remodelaciones (ver cuadro).<\/p>\n<p>Inmobiliar tambi\u00e9n est\u00e1 a cargo de enlistar el parque automotor del\u00a0<b>Ejecutivo<\/b>(secretar\u00edas, ministerios, empresas p\u00fablicas, entre otros).<\/p>\n<p>Tal como public\u00f3\u00a0<b>EXPRESO<\/b>\u00a0hace una semana, al momento existen 13.612 veh\u00edculos oficiales en las 123 entidades p\u00fablicas.<\/p>\n<p><b>Petroamazonas<\/b>\u00a0encabeza la lista con<b>\u00a01.268 carros<\/b>.<\/p>\n<p><b>Las condiciones<\/b><\/p>\n<p><b>Requisitos<\/b><\/p>\n<p>La entidad que requiere un arrendamiento debe presentar una solicitud, un certificado de gravamen, copias de las\u00a0<b>escrituras del inmueble<\/b>, un estudio de mercado, una proforma, informes de los montos, contacto del funcionario delegado para la\u00a0<b>coordinaci\u00f3n<\/b>\u00a0<b>y proformas<\/b>\u00a0de m\u00e1s alternativas.<\/p>\n<p><b>Provincias<\/b><\/p>\n<p>Inmobiliar segmenta su trabajo por coordinaciones zonales.<b>\u00a0Pichincha, Napo y Orellana<\/b>\u00a0son parte de las direcciones que tambi\u00e9n tuvieron un n\u00famero alto de pedidos de arrendamiento. Ah\u00ed se generaron 115 solicitudes pero se descalificaron ocho por falta de requisitos fundamentales.<\/p>\n<p>Fuente: expreso.ec<\/p>\n<div class=\"gsp_post_data\" \r\n\t            data-post_type=\"post\" \r\n\t            data-cat=\"general,noticias-ecuador\" \r\n\t            data-modified=\"120\"\r\n\t            data-created=\"1537173187\"\r\n\t            data-title=\"El Ejecutivo arrend\u00f3 482 bienes, en austeridad\" \r\n\t            data-home=\"https:\/\/www.evafm.net\/sitio\"><\/div>","protected":false},"excerpt":{"rendered":"<p>Hasta los ahorros caseros cuentan pero a\u00fan no son evidentes. El\u00a0Ejecutivo\u00a0limita de a poco los arrendamientos de bienes en el\u00a0sector\u00a0p\u00fablico\u00a0por mandato del presidente de la Rep\u00fablica,\u00a0Len\u00edn\u00a0Moreno. Las autoridades a cargo del control incrementaron los requisitos para permitir que se\u00a0alquilen oficinas y edificios. Pero el n\u00famero de solicitudes aprobadas a\u00fan es considerable. El resultado de la&#8230;<\/p>\n","protected":false},"author":5,"featured_media":38981,"comment_status":"closed","ping_status":"open","sticky":false,"template":"","format":"standard","meta":{"_joinchat":[],"footnotes":""},"categories":[1720,1558],"tags":[],"class_list":["post-38980","post","type-post","status-publish","format-standard","has-post-thumbnail","hentry","category-general","category-noticias-ecuador","have-post-thumb"],"_links":{"self":[{"href":"https:\/\/www.evafm.net\/sitio\/wp-json\/wp\/v2\/posts\/38980","targetHints":{"allow":["GET"]}}],"collection":[{"href":"https:\/\/www.evafm.net\/sitio\/wp-json\/wp\/v2\/posts"}],"about":[{"href":"https:\/\/www.evafm.net\/sitio\/wp-json\/wp\/v2\/types\/post"}],"author":[{"embeddable":true,"href":"https:\/\/www.evafm.net\/sitio\/wp-json\/wp\/v2\/users\/5"}],"replies":[{"embeddable":true,"href":"https:\/\/www.evafm.net\/sitio\/wp-json\/wp\/v2\/comments?post=38980"}],"version-history":[{"count":1,"href":"https:\/\/www.evafm.net\/sitio\/wp-json\/wp\/v2\/posts\/38980\/revisions"}],"predecessor-version":[{"id":38982,"href":"https:\/\/www.evafm.net\/sitio\/wp-json\/wp\/v2\/posts\/38980\/revisions\/38982"}],"wp:featuredmedia":[{"embeddable":true,"href":"https:\/\/www.evafm.net\/sitio\/wp-json\/wp\/v2\/media\/38981"}],"wp:attachment":[{"href":"https:\/\/www.evafm.net\/sitio\/wp-json\/wp\/v2\/media?parent=38980"}],"wp:term":[{"taxonomy":"category","embeddable":true,"href":"https:\/\/www.evafm.net\/sitio\/wp-json\/wp\/v2\/categories?post=38980"},{"taxonomy":"post_tag","embeddable":true,"href":"https:\/\/www.evafm.net\/sitio\/wp-json\/wp\/v2\/tags?post=38980"}],"curies":[{"name":"wp","href":"https:\/\/api.w.org\/{rel}","templated":true}]}}