{"id":38983,"date":"2018-09-17T08:38:53","date_gmt":"2018-09-17T13:38:53","guid":{"rendered":"http:\/\/www.evafm.net\/sitio\/?p=38983"},"modified":"2018-09-17T08:38:53","modified_gmt":"2018-09-17T13:38:53","slug":"la-droga-se-riega-por-la-ciudad","status":"publish","type":"post","link":"https:\/\/www.evafm.net\/sitio\/la-droga-se-riega-por-la-ciudad\/","title":{"rendered":"La droga se riega por la ciudad"},"content":{"rendered":"<p>Los bajos de los puentes, callejones con poca iluminaci\u00f3n, dentro y fuera de los parques y los alrededores de las\u00a0<b>instituciones<\/b>\u00a0<b>educativas<\/b>\u00a0de distintos sectores, son los principales puntos escogidos para la<b>\u00a0venta y consumo de drogas\u00a0<\/b>en\u00a0<b>Guayaquil<\/b>.<\/p>\n<p>Una realidad que, al igual que la inseguridad, preocupa al\u00a0<b>43,4 % de los guayaquile\u00f1os<\/b>, seg\u00fan una encuesta realizada por\u00a0<b>Cedatos<\/b>\u00a0y publicada por\u00a0<b>EXPRESO<\/b>\u00a0en noviembre del a\u00f1o pasado.<\/p>\n<p>En un recorrido realizado por la ciudad, l\u00edderes barriales dijeron a este Diario que el microtr\u00e1fico y consumo de estupefacientes es un problema latente y que crece en sus comunidades. Y no saben c\u00f3mo controlarlo.<\/p>\n<p>\u201cHemos pedido en varias ocasiones que arreglen las luminarias del parque y poden los \u00e1rboles.<\/p>\n<p>Por la tarde se vuelve oscuro y se llena de consumidores de droga.<\/p>\n<p>Tenemos miedo de que les vendan a nuestros hijos\u201d, menciona Carlos Mancheno, morador de la cuarta etapa de la\u00a0<b>Alborada<\/b>.<\/p>\n<p>\u201cLuego de las cinco de la tarde se paran en ese callej\u00f3n y esperan a que los chicos salgan de clases para venderles unos paquetitos.<\/p>\n<p>Nunca andan solos\u201d, relata\u00a0<b>Julieta<\/b>\u00a0<b>Sangurima<\/b>, presidenta de un comit\u00e9 de Sauces 6, cuyo parque colinda con un colegio.<\/p>\n<p>En el sur, vecinos de\u00a0<b>Las Acacias, La Saiba, Centenario, Floresta,<\/b>\u00a0entre otros, viven la misma situaci\u00f3n.<\/p>\n<p>\u201cVienen al parque porque creen que ah\u00ed no los van a descubrir.<\/p>\n<p>Los ni\u00f1os no pueden jugar tranquilos. Algunos son chamberos que se quedan durmiendo todo el d\u00eda\u201d, comenta una vecina de La Pradera, que pidi\u00f3 la reserva de su nombre.<\/p>\n<p>Pese a los m\u00faltiples intentos del Estado por frenar esta problem\u00e1tica, las cifras oficiales siguen siendo preocupantes: en Guayaquil se consume el 60 % de las drogas del total nacional y el 52 % de esos consumidores son menores entre 12 y 17 a\u00f1os.<\/p>\n<p>En el \u00e1mbito policial, la cantidad de droga incautada y el n\u00famero de personas detenidas por microtr\u00e1fico en la ciudad subi\u00f3 a comparaci\u00f3n del a\u00f1o pasado.<\/p>\n<p>Hasta la primera semana de septiembre,\u00a0<b>Antinarc\u00f3ticos<\/b>\u00a0aprehendi\u00f3 3,3 toneladas de droga que iba a ser destinada para el consumo interno.<\/p>\n<p>En el mismo per\u00edodo durante el 2017, los agentes lograron decomisar 1,2 toneladas.<\/p>\n<p>Para el coronel Edwin Noguera, jefe de la unidad en la<b>\u00a0Zona 8<\/b>, el aumento de incautaciones significa que el control est\u00e1 dando resultados.<\/p>\n<p>Sin embargo, lamenta que haya m\u00e1s detenidos.<\/p>\n<p>\u201cEste es un dinero de f\u00e1cil alcance y por eso las organizaciones captan a personas que tienen diferentes necesidades.<\/p>\n<p>La gente a veces no visibiliza el peligro que representa el aceptar estas situaciones y lamentablemente accede a transformarse en acopiador, distribuidor o consigue otras personas para que comercialicen en el mismo sector\u201d, explica.<\/p>\n<p>El oficial confirma que los parques y callejones de los barrios son los sitios preferidos por estas bandas, especialmente en donde \u201chay necesidades que deben ser suplidas por instituciones p\u00fablicas\u201d, como falta de iluminaci\u00f3n, limpieza, arreglo de calles, etc.<\/p>\n<p>Pero las zonas escolares tambi\u00e9n son muy atractivas para las<b>\u00a0redes de microtr\u00e1fico<\/b>. Por medio de la campa\u00f1a \u2018Mi colegio en buenas manos\u2019, la\u00a0<b>Polic\u00eda de la Zona 8<\/b>, junto a la\u00a0<b>Gobernaci\u00f3n<\/b>\u00a0y el Ministerio de Educaci\u00f3n priorizaron 45 instituciones educativas, debido el alto n\u00famero de denuncias relacionadas a la venta y consumo de estupefacientes dentro y fuera de los colegios.<\/p>\n<p>\u201cFue un pedido de los rectores, porque ellos son los que conocen el entorno.<\/p>\n<p>Pero tambi\u00e9n por las estad\u00edsticas que nosotros manejamos y las que tiene Salud.<\/p>\n<p>Tuvo muy buena aceptaci\u00f3n y logramos reducir la presencia de personas que se dedicaban a intentar captar a los estudiantes\u201d, asegura Noguera.<\/p>\n<p>En 2016, varias<b>\u00a0instituciones del<\/b>\u00a0<b>Estado<\/b>, lideradas por la Secretar\u00eda T\u00e9cnica de Drogas, intervinieron en tres sectores de la ciudad:\u00a0<b>Socio Vivienda, Garay e Isla Trinitaria<\/b>.<\/p>\n<p>A inicios de 2017, determinaron que en el\u00a0<b>Suburbio<\/b>\u00a0se necesitaba ingresar con urgencia, por ser \u201cuno de los circuitos de la Zona 8 con mayor \u00edndice de vulnerabilidad a las drogas\u201d.<\/p>\n<p>Ahora los ojos de las autoridades est\u00e1n puestos sobre Pascuales. All\u00ed la polic\u00eda ha decomisado m\u00e1s de 1 tonelada de droga para microtr\u00e1fico, casi la mitad del total de la ciudad.<\/p>\n<p>La mayor\u00eda de este estupefaciente encontrado y que se comercializa es marihuana, debido a su bajo costo a diferencia de la base de coca\u00edna, hero\u00edna o incluso que la \u2018h\u2019, que es mezclada con un sinn\u00famero de otras sustancias para abaratar el precio de las dosis.<\/p>\n<p>Ricardo Camacho, experto en seguridad, menciona que esta situaci\u00f3n se ha generado porque el pa\u00eds carece de una pol\u00edtica p\u00fablica de prevenci\u00f3n de drogas.<\/p>\n<p>\u201cSi bien la\u00a0<b>Constituci\u00f3n<\/b>\u00a0recoge que el consumo es un\u00a0<b>problema de<\/b>\u00a0<b>salud<\/b>\u00a0<b>p\u00fablica<\/b>, se cre\u00f3 la\u00a0<b>Secretar\u00eda T\u00e9cnica de Drogas<\/b>\u00a0con la direcci\u00f3n de personas que no ten\u00edan los perfiles adecuados.<\/p>\n<p>Y ahora el presidente\u00a0<b>Len\u00edn<\/b>\u00a0<b>Moreno<\/b>\u00a0anul\u00f3 esta instituci\u00f3n.<\/p>\n<p>Es impensable que un pa\u00eds como Ecuador no tenga esto\u201d, recalca.<\/p>\n<p>Camacho cree que el error m\u00e1s grande que se puede cometer ahora es que cada instituci\u00f3n involucrada dise\u00f1e su propia pol\u00edtica de prevenci\u00f3n.<\/p>\n<p>\u201cAs\u00ed nunca tendremos \u00e9xito\u201d, asegura.<\/p>\n<p>Otro problema que el experto detecta es el intento de\u00a0<b>criminalizaci\u00f3n del consumidor<\/b>.<\/p>\n<p>\u201cHe escuchado a asamble\u00edstas que plantean eliminar la tabla de consumo.<\/p>\n<p>El problema no es la tabla, no se la ha socializado bien.<\/p>\n<p>Sin ella se dejaba a criterio de la polic\u00eda, del fiscal o del juez la acusaci\u00f3n de un muchacho.<\/p>\n<p>Si ten\u00eda dinero era consumidor, si no, microtraficante. La droga no distingue clases\u201d.<\/p>\n<p>La soluci\u00f3n, a criterio de Camacho, es dise\u00f1ar una pol\u00edtica p\u00fablica con campa\u00f1as adaptadas al pensamiento de los j\u00f3venes, que<b>\u00a0-al menos en Guayaquil-<\/b>\u00a0son el mercado m\u00e1s grande.<\/p>\n<p>\u201cNo puedes decirle no a las drogas en el\u00a0<b>siglo XXI\u00a0<\/b>cuando en internet te bombardean con informaci\u00f3n sobre el tema.<\/p>\n<p>La intervenci\u00f3n de barrios est\u00e1 bien, pero debe haber una sostenibilidad completa\u201d.<\/p>\n<p><b>Jos\u00e9 Marulanda, experto colombiano en seguridad y narcotr\u00e1fico<\/b><\/p>\n<p><b>\u201cGuayaquil es punto focal para el narco\u201d<\/b><\/p>\n<p><b>\u00bfQu\u00e9 tanta droga est\u00e1 llegando a Ecuador?<\/b><\/p>\n<p>La frontera colombo-ecuatoriana es una de las principales v\u00edas de salida de la producci\u00f3n de coca\u00edna de Colombia.<\/p>\n<p>Especialmente por el mar a trav\u00e9s de lanchas o semisumergibles que cruzan por el Pac\u00edfico rumbo a Centroam\u00e9rica.<\/p>\n<p>El incremento de salida se debe a un alza en la producci\u00f3n, pero tambi\u00e9n a que Ecuador suspendi\u00f3 el control aeronaval.<\/p>\n<p><b>\u00bfQu\u00e9 rol cumple Guayaquil en la cadena de salida de droga?<\/b><\/p>\n<p>Guayaquil es el principal puerto establecido de salida de contenedores contaminados de Ecuador con coca\u00edna.<\/p>\n<p>Guayaquil es un punto focal de la salida de coca\u00edna hacia el Pac\u00edfico y tiene los mismos problemas que Buenaventura (Colombia), pero la ciudad juega un papel muy importante en este proceso y eso es perjudicial.<b><\/b><\/p>\n<p><b>\u00bfC\u00f3mo ve la situaci\u00f3n del narco y microtr\u00e1fico en la actualidad?<\/b><\/p>\n<p>Creo que este problema se le sali\u00f3 de las manos a los dos gobiernos anteriores y le han dejado una herencia muy complicada a los actuales&#8230; Aqu\u00ed lo que hay que hacer es afinar las leyes, seguir con la fumigaci\u00f3n de cultivos, controlar el microtr\u00e1fico, decomisar y expropiar bienes y lo m\u00e1s importante: atacar a las finanzas del narcotr\u00e1fico.\u00a0<i><b>CBS<\/b><\/i><\/p>\n<p>Fuente: expreso.ec<\/p>\n<div class=\"gsp_post_data\" \r\n\t            data-post_type=\"post\" \r\n\t            data-cat=\"noticias-ecuador\" \r\n\t            data-modified=\"120\"\r\n\t            data-created=\"1537173533\"\r\n\t            data-title=\"La droga se riega por la ciudad\" \r\n\t            data-home=\"https:\/\/www.evafm.net\/sitio\"><\/div>","protected":false},"excerpt":{"rendered":"<p>Los bajos de los puentes, callejones con poca iluminaci\u00f3n, dentro y fuera de los parques y los alrededores de las\u00a0instituciones\u00a0educativas\u00a0de distintos sectores, son los principales puntos escogidos para la\u00a0venta y consumo de drogas\u00a0en\u00a0Guayaquil. Una realidad que, al igual que la inseguridad, preocupa al\u00a043,4 % de los guayaquile\u00f1os, seg\u00fan una encuesta realizada por\u00a0Cedatos\u00a0y publicada por\u00a0EXPRESO\u00a0en noviembre&#8230;<\/p>\n","protected":false},"author":5,"featured_media":38984,"comment_status":"closed","ping_status":"open","sticky":false,"template":"","format":"standard","meta":{"_joinchat":[],"footnotes":""},"categories":[1558],"tags":[],"class_list":["post-38983","post","type-post","status-publish","format-standard","has-post-thumbnail","hentry","category-noticias-ecuador","have-post-thumb"],"_links":{"self":[{"href":"https:\/\/www.evafm.net\/sitio\/wp-json\/wp\/v2\/posts\/38983","targetHints":{"allow":["GET"]}}],"collection":[{"href":"https:\/\/www.evafm.net\/sitio\/wp-json\/wp\/v2\/posts"}],"about":[{"href":"https:\/\/www.evafm.net\/sitio\/wp-json\/wp\/v2\/types\/post"}],"author":[{"embeddable":true,"href":"https:\/\/www.evafm.net\/sitio\/wp-json\/wp\/v2\/users\/5"}],"replies":[{"embeddable":true,"href":"https:\/\/www.evafm.net\/sitio\/wp-json\/wp\/v2\/comments?post=38983"}],"version-history":[{"count":1,"href":"https:\/\/www.evafm.net\/sitio\/wp-json\/wp\/v2\/posts\/38983\/revisions"}],"predecessor-version":[{"id":38985,"href":"https:\/\/www.evafm.net\/sitio\/wp-json\/wp\/v2\/posts\/38983\/revisions\/38985"}],"wp:featuredmedia":[{"embeddable":true,"href":"https:\/\/www.evafm.net\/sitio\/wp-json\/wp\/v2\/media\/38984"}],"wp:attachment":[{"href":"https:\/\/www.evafm.net\/sitio\/wp-json\/wp\/v2\/media?parent=38983"}],"wp:term":[{"taxonomy":"category","embeddable":true,"href":"https:\/\/www.evafm.net\/sitio\/wp-json\/wp\/v2\/categories?post=38983"},{"taxonomy":"post_tag","embeddable":true,"href":"https:\/\/www.evafm.net\/sitio\/wp-json\/wp\/v2\/tags?post=38983"}],"curies":[{"name":"wp","href":"https:\/\/api.w.org\/{rel}","templated":true}]}}