{"id":39032,"date":"2018-09-18T09:23:12","date_gmt":"2018-09-18T14:23:12","guid":{"rendered":"http:\/\/www.evafm.net\/sitio\/?p=39032"},"modified":"2018-09-18T09:23:12","modified_gmt":"2018-09-18T14:23:12","slug":"testimonios-que-acorralaron-a-cristina-kirchner","status":"publish","type":"post","link":"https:\/\/www.evafm.net\/sitio\/testimonios-que-acorralaron-a-cristina-kirchner\/","title":{"rendered":"Testimonios que acorralaron a Cristina Kirchner"},"content":{"rendered":"<p>Empresarios, ex funcionarios y referentes kirchneristas, fueron los principales acusadores de\u00a0la ex presidenta\u00a0Cristina Kirchner.<\/p>\n<p>A cada uno de ellos los conoci\u00f3 y\u00a0durante a\u00f1os integraron su entorno m\u00e1s cercano.<\/p>\n<p>Sus testimonios\u00a0fueron contemplados por el juez Claudio Bonadio para determinar que la senadora de Unidad Ciudadana fue la jefa de la asociaci\u00f3n il\u00edcita, o como describi\u00f3 m\u00e1s directamente el magistrado: \u00abLa existencia de un pacto il\u00edcito\u00bb\u00a0que \u00abhizo funcionar una maquinaria que le sacaba con procedimientos ama\u00f1ados dinero al Estado Nacional\u00bb\u00a0con el fin de \u00abenriquecerse ileg\u00edtimamente\u00bb\u00a0y destinar una porci\u00f3n \u00aba la financiaci\u00f3n de la pol\u00edtica de forma ilegal\u00bb.<\/p>\n<p>Para el juez Bonadio, Cristina Kirchner\u00a0tuvo pleno conocimiento del \u00absistema de recaudaci\u00f3n\u00bb que continu\u00f3 durante su presidencia una vez fallecido N\u00e9stor Kirchner. En qu\u00e9 se bas\u00f3 para acusarla.<\/p>\n<h3>Qui\u00e9nes declararon en contra de Cristina\u00a0y qu\u00e9 dijeron<\/h3>\n<h2><strong>Oscar Centeno<\/strong><\/h2>\n<p>El primero fue Oscar Centeno,\u00a0<strong>el ex chofer de Roberto Baratta<\/strong>\u00a0quien entreg\u00f3 los ocho cuadernos donde escribi\u00f3 al menos 87 traslados al departamento de la ex Presidenta en el barrio de Recoleta, donde durante el per\u00edodo investigado, se realizaron 87 entrega de fondos recaudados de diversos empresarios.\u00a0<strong>Todo represent\u00f3 una suma de dinero de U$S 70 millones<\/strong>.<\/p>\n<div class=\"sp__Normal\">\n<div class=\"image-trigger pointer\">\n<figure><img decoding=\"async\" class=\"lazyload\" src=\"https:\/\/images.clarin.com\/2018\/08\/04\/S1o-MEmrm_720x0__1.jpg\" alt=\"Oscar Centeno ex chofer de Roberto Baratta\" \/><i class=\"fa fa-circle fa-stack-2x icon-background1\"><\/i><i class=\"fa fa-circle-o fa-stack-2x icon-background2\"><\/i><i class=\"fa fa-arrows-alt fa-stack-1x\"><\/i><\/figure>\n<p>Oscar Centeno ex chofer de Roberto Baratta<\/p>\n<\/div>\n<\/div>\n<p>Una de las frases de Centeno usadas por Bonadio fue: \u00ab<strong>Recuerdo que despu\u00e9s de la muerte de N\u00e9stor Kirchner<\/strong>, cambiamos y ya no llev\u00e1bamos a Uruguay 1306 sino que llevamos todo a la casa de Baratta y \u00e9l a la noche o al otro d\u00eda ven\u00eda con los dos bolsos, uno el de \u00e9l normal y otro vac\u00edo. No s\u00e9 si dejaba el dinero ah\u00ed o la llevaba a otro lado,\u00a0<strong>muchas veces \u00edbamos a la Quinta de Olivos\u00a0<\/strong>(\u2026) Cuando fallece N\u00e9stor las recaudaciones se empiezan a hacer una vez por semana, que es cuando dejo de escribir. Y luego cuando retomo los cuadernos,\u00a0<strong>en \u00e9poca de Cristina ya presidente, las recaudaciones se hac\u00edan una vez por semana<\/strong>\u00ab.<\/p>\n<h2><strong>Claudio Uberti<\/strong><\/h2>\n<p>El<strong>\u00a0ex titular del organismo responsable de controlar los corredores viales<\/strong>, tambi\u00e9n aceptado como imputado colaborador en la causa, declar\u00f3 contra Cristina Kirchner.<\/p>\n<div class=\"sp__Normal\">\n<div class=\"image-trigger pointer\">\n<figure><img decoding=\"async\" class=\"lazyload\" src=\"https:\/\/images.clarin.com\/2018\/08\/14\/SJWf15bIm_720x0__1.jpg\" alt=\"Claudio Uberti, con Jos\u00e9 L\u00f3pez y Julio De Vido, en 2006 (Enrique Cabrera\/T\u00e9lam)  Claudio Uberti jose lopez julio de vido escandalo cuadernos corrupcion k\" \/><i class=\"fa fa-circle fa-stack-2x icon-background1\"><\/i><i class=\"fa fa-circle-o fa-stack-2x icon-background2\"><\/i><i class=\"fa fa-arrows-alt fa-stack-1x\"><\/i><\/figure>\n<p>Claudio Uberti, con Jos\u00e9 L\u00f3pez y Julio De Vido, en 2006 (Enrique Cabrera\/T\u00e9lam) Claudio Uberti jose lopez julio de vido escandalo cuadernos corrupcion k<\/p>\n<\/div>\n<\/div>\n<p>Mencion\u00f3 un di\u00e1logo con N\u00e9stor Kirchner quien le manifest\u00f3: \u00ab<strong>Cristina est\u00e1 haciendo una construcci\u00f3n en los sauces y necesita plata blanca<\/strong>, decile a Relats que vaya a Calafate\u00bb. Y le dijo a Cristina \u00abel nos va a solucionar el problema del blanco que necesitas y le vamos a enchufar esa poronga que vos est\u00e1s haciendo\u00bb, ella dijo que lo que estaba haciendo era lo m\u00e1s maravilloso del mundo (\u2026) As\u00ed fue como nos reunimos con N\u00e9stor y Cristina Kirchner, Relats su hija y yo. All\u00ed arreglamos el alquiler U$S 105.000 mensuales por el edificio pelado y ellos se hac\u00edan cargo del gerenciamiento (\u2026) Cristina luego me llam\u00f3 y me dijo en el gimnasio de ella en la casa de El Calafate que esto que hab\u00eda hecho de poner plata en blanco era muy importante para su familia\u00bb.<\/p>\n<p>Conclusi\u00f3n de aquellas conversaciones:\u00a0<strong>Relats a trav\u00e9s de su firma Panatel SA termin\u00f3 gerenciando el Hotel \u201cLos Sauces Casas Patag\u00f3nicas\u201d\u00a0<\/strong>por la suma reclamada por el ex Presidente.<\/p>\n<h2><strong>Carlos Wagner<\/strong><\/h2>\n<p>Otro testimonio de relevancia para Bonadio y que implica directamente a Cristina Kirchner, fue el del<strong>\u00a0ex titular de la C\u00e1mara de la Construcci\u00f3n<\/strong>, Carlos Wagner, fue el primero del sector en admitir que lo que los empresarios pagaban eran coimas, sobornos y se corri\u00f3 del eufemismo de los \u201caportes de campa\u00f1a\u201d.<\/p>\n<div class=\"sp__Normal\">\n<div class=\"image-trigger pointer\">\n<figure><img decoding=\"async\" class=\"lazyload\" src=\"https:\/\/images.clarin.com\/2018\/08\/04\/HJdXEwUB7_720x0__1.jpg\" alt=\"Carlos Wagner, ex titular de la C\u00e1mara de la Construcci\u00f3n y miembros de la firma Esuco.\" \/><i class=\"fa fa-circle fa-stack-2x icon-background1\"><\/i><i class=\"fa fa-circle-o fa-stack-2x icon-background2\"><\/i><i class=\"fa fa-arrows-alt fa-stack-1x\"><\/i><\/figure>\n<p>Carlos Wagner, ex titular de la C\u00e1mara de la Construcci\u00f3n y miembros de la firma Esuco.<\/p>\n<\/div>\n<\/div>\n<p>Durante su indagatoria explic\u00f3 que<strong>\u00a0a partir del a\u00f1o 2012 se \u00abreinici\u00f3 el esquema de requerimiento de dinero\u00a0<\/strong>y las oficinas del Sr. Clarens pasaron a estar en un edificio importante que est\u00e1 detr\u00e1s del Hotel Hilton de Puerto Madero, el cual tambi\u00e9n podr\u00eda identificar si hace falta.<strong>\u00a0La recaudaci\u00f3n se hizo hasta el final del gobierno de Cristina Fern\u00e1ndez<\/strong>\u00ab.<\/p>\n<p>Este punto es importante para el Juez porque le permite trazar la idea sobre\u00a0<strong>la continuidad del \u00abesquema de corrupci\u00f3n que inici\u00f3 con N\u00e9stor Kirchner\u00bb<\/strong>\u00a0pero una vez fallecido \u00abtuvo continuidad durante el mandato de Cristina Fern\u00e1ndez\u00bb\u00a0hasta finalizar el mismo el 10 de diciembre de 2015.<\/p>\n<h2><strong>Ernesto Clarens<\/strong><\/h2>\n<p><strong>El financista\u00a0fue otra pieza en el armado de la ruta de las coimas, que complic\u00f3 a la ex Presidenta<\/strong>. \u00c9l dio cuenta sobre c\u00f3mo el sistema de recaudaci\u00f3n continu\u00f3 durante los a\u00f1os 2012 a 2015, debido a\u00a0que algunas empresas entregaban dinero en este per\u00edodo. Al respecto dijo: \u00abDurante los a\u00f1os 2012-2013 (Jos\u00e9) L\u00f3pez me dijo que algunas empresas traer\u00edan dinero para la campa\u00f1a del kirchnerismo. Recuerdo en particular que Esuco, Cartellone, Losi, Chediack, y Roggio\u00a0trajeron dinero en ese concepto. Despu\u00e9s de cambiar el dinero a d\u00f3lares,\u00a0<strong>le llevaba la recaudaci\u00f3n directamente a Jos\u00e9 L\u00f3pez\u00a0<\/strong>a un departamento cerca del Hotel Faena en Puerto Madero, ignoro qui\u00e9n era el due\u00f1o del departamento pero en todos los casos me lo recib\u00eda L\u00f3pez\u201d.<\/p>\n<div class=\"sp__Normal\">\n<div class=\"image-trigger pointer\">\n<figure><img decoding=\"async\" class=\"lazyload\" src=\"https:\/\/images.clarin.com\/2018\/09\/06\/SyMZjEkOX_720x0__1.jpg\" alt=\"El financista Ernesto Clarens logr\u00f3 ser aceptado como arrepentido por Bonadio. (Foto. Maxi Failla)\" \/><i class=\"fa fa-circle fa-stack-2x icon-background1\"><\/i><i class=\"fa fa-circle-o fa-stack-2x icon-background2\"><\/i><i class=\"fa fa-arrows-alt fa-stack-1x\"><\/i><\/figure>\n<p>El financista Ernesto Clarens logr\u00f3 ser aceptado como arrepentido por Bonadio. (Foto. Maxi Failla)<\/p>\n<\/div>\n<\/div>\n<p>Para reforzar el concepto, a\u00f1adi\u00f3: \u00ab<strong>En 2014-2015 continu\u00f3 el pedido de dinero<\/strong>, y le pregunte a L\u00f3pez qu\u00e9 hab\u00eda pasado, y me dijo que hab\u00eda tenido un reclamo muy fuerte de Hebe de Bonafini por Sue\u00f1os Compartidos\u00bb.<\/p>\n<h2><strong>Gabriel Romero<\/strong><\/h2>\n<div class=\"sp__Normal\">\n<div class=\"image-trigger pointer\">\n<figure><img decoding=\"async\" class=\"lazyload\" src=\"https:\/\/images.clarin.com\/2018\/08\/16\/rkh3Ob78Q_720x0__1.jpg\" alt=\"Gabriel Benjam\u00edn Romero, due\u00f1o de Hidrov\u00edas SA Foto: Marcelo Carroll\" \/><i class=\"fa fa-circle fa-stack-2x icon-background1\"><\/i><i class=\"fa fa-circle-o fa-stack-2x icon-background2\"><\/i><i class=\"fa fa-arrows-alt fa-stack-1x\"><\/i><\/figure>\n<p>Gabriel Benjam\u00edn Romero, due\u00f1o de Hidrov\u00edas SA Foto: Marcelo Carroll<\/p>\n<\/div>\n<\/div>\n<p>Otro empresario que responsabiliz\u00f3 a Cristina Kirchner, fue Gabriel Romero: \u00abEl d\u00eda antes de que se firme el Decreto 113\/2010 que aprobaba la renegociaci\u00f3n del plazo de la Hidrov\u00eda que fue publicado el 21 de enero de 2010, Roberto\u00a0<strong>Baratta se comunic\u00f3 telef\u00f3nicamente con Poblete y le dijo que si no entreg\u00e1bamos dinero no sal\u00eda firmado el decreto<\/strong>. (\u2026) Nos pidi\u00f3 600.000 d\u00f3lares y se lo dimos en dos partes, en 300.000 d\u00f3lares y 300.000 d\u00f3lares. El primer pago se realiz\u00f3 en el edificio sito en la Avenida Corrientes N\u00b0 316 de esta ciudad en cuyo segundo piso funciona Hidrov\u00eda SA, y el segundo en mi domicilio ubicado en la Avenida Alvear N\u00b0 1491 de esta ciudad. Ambos pagos los hizo Poblete porque yo as\u00ed se lo hab\u00eda indicado\u00bb.<\/p>\n<p>Ese Decreto fue firmado el 21 de enero de 2010 por la ex Presidenta y el empresario indic\u00f3 que de no pagar la coima de 600.000 d\u00f3lares, no obtendr\u00eda la ampliaci\u00f3n de la concesi\u00f3n.<\/p>\n<h2><strong>Luis Betnaza<\/strong><\/h2>\n<div class=\"sp__Normal\">\n<div class=\"image-trigger pointer\">\n<figure><img decoding=\"async\" class=\"lazyload\" src=\"https:\/\/images.clarin.com\/2018\/08\/13\/HyIqFYkIX_720x0__1.jpg\" alt=\"Luis Betnaza en los Tribunales Federales de Comodoro Py. (Foto: Luciano Thieberger).\" \/><i class=\"fa fa-circle fa-stack-2x icon-background1\"><\/i><i class=\"fa fa-circle-o fa-stack-2x icon-background2\"><\/i><i class=\"fa fa-arrows-alt fa-stack-1x\"><\/i><\/figure>\n<p>Luis Betnaza en los Tribunales Federales de Comodoro Py. (Foto: Luciano Thieberger).<\/p>\n<\/div>\n<\/div>\n<p>Otro empresario habl\u00f3 de una maniobra similar. Luis Betnaza del\u00a0<strong>\u201cGrupo Techint\u201d<\/strong>, quien\u00a0<strong>admiti\u00f3 haber realizado diversos pagos a funcionarios del Estado Nacional<\/strong>, en relaci\u00f3n a su empresa \u201cSider\u00fargica de Orinoco\u201d (SIDOR)\u00a0que se encontraba en la Rep\u00fablica Bolivariana de Venezuela, \u00abdebiendo destacar que muchas de\u00a0<strong>estas entregas de dinero coincid\u00edan con los d\u00edas que era entregado\u00a0a Daniel Mu\u00f1oz<\/strong>\u00a0en el domicilio de la calle Uruguay 1306 de esta ciudad\u201d.<\/p>\n<h2><strong>Juan Chediack<\/strong><\/h2>\n<div class=\"sp__Normal\">\n<div class=\"image-trigger pointer\">\n<figure><img decoding=\"async\" class=\"lazyload\" src=\"https:\/\/images.clarin.com\/2018\/08\/26\/r1yi3axD7_720x0__1.jpg\" alt=\"Juan Chediack, ex titular de la C\u00e1mara de la Construcci\u00f3n.\" \/><i class=\"fa fa-circle fa-stack-2x icon-background1\"><\/i><i class=\"fa fa-circle-o fa-stack-2x icon-background2\"><\/i><i class=\"fa fa-arrows-alt fa-stack-1x\"><\/i><\/figure>\n<p>Juan Chediack, ex titular de la C\u00e1mara de la Construcci\u00f3n.<\/p>\n<\/div>\n<\/div>\n<p>A su vez, de la declaraci\u00f3n de Juan Chediack\u00a0<strong>ex titular de la C\u00e1mara de la Construcci\u00f3n<\/strong>, declar\u00f3 c\u00f3mo\u00a0<strong>su empresa realiz\u00f3 distintos pagos por los que fue beneficiada de modo espurio<\/strong>\u00a0con contratos para realizar obra p\u00fablica aproximadamente entre los a\u00f1os 2003 y 2015.\u00a0De esta manera, las empresas acordaban a cu\u00e1l le correspond\u00eda cada obra y deb\u00edan entregar aproximadamente entre el 10% y el 20% del valor de la contrataci\u00f3n a funcionarios del Ministerio de Planificaci\u00f3n Federal de la Naci\u00f3n y Ernesto Clarens quienes, posteriormente se\u00a0lo entregaban a los jefes de esta organizaci\u00f3n.<\/p>\n<h2><strong>Sergio \u00abPotro\u00bb Vel\u00e1zquez<\/strong><\/h2>\n<p>Como si no faltaran testimonios utilizados por Bonadio contra Cristina Kirchner, se consider\u00f3 igual el de\u00a0<strong>Sergio Vel\u00e1zques, el ex piloto del Tango 01<\/strong>, quien manifest\u00f3, en relaci\u00f3n a la forma en c\u00f3mo ascend\u00eda y descend\u00eda el equipaje de N\u00e9stor y Cristina Kirchner y sus secretarios.<\/p>\n<div class=\"sp__Normal\">\n<div class=\"image-trigger pointer\">\n<figure><img decoding=\"async\" class=\"lazyload\" src=\"https:\/\/images.clarin.com\/2014\/04\/12\/BymCWIoKVg_720x0.jpg\" alt=\"Sergio Vel\u00e1zquez, piloto del Tango 01 investigado \n(Foto OPI Santa Cruz\/Francisco Mu\u00f1\u00f3z)\" \/><i class=\"fa fa-circle fa-stack-2x icon-background1\"><\/i><i class=\"fa fa-circle-o fa-stack-2x icon-background2\"><\/i><i class=\"fa fa-arrows-alt fa-stack-1x\"><\/i><\/figure>\n<p>Sergio Vel\u00e1zquez, piloto del Tango 01 investigado (Foto OPI Santa Cruz\/Francisco Mu\u00f1\u00f3z)<\/p>\n<\/div>\n<\/div>\n<p><strong>\u00bfQu\u00e9 dijo?\u00a0<\/strong>\u00abFuncionaba de la siguiente manera; cinco minutos antes de que el avi\u00f3n despegara ingresaban a la pista del aeropuerto autom\u00f3viles y camionetas de la comitiva presidencial que llegaban sincronizados con el helic\u00f3ptero que tra\u00eda a la familia presidencial y secretarios. Ni bien llegaban a la pista, los autom\u00f3viles y camionetas se estacionaban al lado del avi\u00f3n y\u00a0<strong>en menos de tres minutos sub\u00edan la totalidad de las valijas del matrimonio presidencial<\/strong>\u00a0y sus secretarios,\u00a0<strong>las cuales no eran ni escaneadas, ni despachadas en bodega<\/strong>\u00ab.<\/p>\n<h2><strong>Francisco Valenti<\/strong><\/h2>\n<p>Hubo m\u00e1s declaraciones contra la ex Presidenta. Se tuvo en cuenta el testimonio de Francisco Valenti,<strong>\u00a0de Pescarmona<\/strong>, quien en relaci\u00f3n a las licitaciones de las represas del Sur, dijo: \u00abIMPSA gan\u00f3 la primer licitaci\u00f3n del a\u00f1o 2008, que fue cancelada en 2009, y vuelta a licitar en 2010. Re-licitada en febrero de ese a\u00f1o, la volvimos a ganar y el contrato se firma en noviembre de 2010. Diecisiete meses despu\u00e9s, en abril de 2012,\u00a0<strong>Jos\u00e9 L\u00f3pez nos llama a una reuni\u00f3n en el Ministerio de Planificaci\u00f3n para decirnos que se iba a dar de baja el contrato<\/strong>. Argumentaban que no estaba el financiamiento\u00bb.<\/p>\n<div class=\"sp__Normal\">\n<div class=\"image-trigger pointer\">\n<figure><img decoding=\"async\" class=\"lazyload\" src=\"https:\/\/images.clarin.com\/2018\/08\/04\/HJpGe6mS7_720x0__1.jpg\" alt=\"Frtancisco Valenti miembrto de Pescarmona.\" \/><i class=\"fa fa-circle fa-stack-2x icon-background1\"><\/i><i class=\"fa fa-circle-o fa-stack-2x icon-background2\"><\/i><i class=\"fa fa-arrows-alt fa-stack-1x\"><\/i><\/figure>\n<p>Frtancisco Valenti miembrto de Pescarmona.<\/p>\n<\/div>\n<\/div>\n<p>Entonces explic\u00f3 que esa fue la excusa \u00aby se rescindi\u00f3 un contrato que estaba listo para entrar en vigencia, que ya estaba homologado por el Gobierno de la provincia Santa Cruz y en el cual nosotros ten\u00edamos una inversi\u00f3n de 200 mil horas de ingenier\u00eda y todos los preparativos con 3.000 personas para iniciar las obras en el lugar.<\/p>\n<p>Despu\u00e9s de ello, hubo una segunda reuni\u00f3n, tambi\u00e9n en el mes de abril de 2012, en la cual ante mi insistencia para que no se d\u00e9 de baja el proyecto, Jos\u00e9 L\u00f3pez me dijo:<strong>&#8216;Mir\u00e1, ustedes hagan lo que quieran, pero ac\u00e1\u00a0o a la vuelta de la esquina, los vamos a hacer sonar&#8217;<\/strong>.<\/p>\n<p>Para mi Jos\u00e9 L\u00f3pez no pod\u00eda tomar la decisi\u00f3n de cancelar la licitaci\u00f3n por s\u00ed mismo, sino que era evidente que lo respaldaba la Presidenta.<\/p>\n<p>Como qued\u00f3 evidenciado meses despu\u00e9s cuando la Presidenta hizo el anunci\u00f3 de la licitaci\u00f3n, la tercera, que dio como resultado que quedara en manos de Electroingenier\u00eda\u201d.<\/p>\n<h2><strong>Jos\u00e9 L\u00f3pez<\/strong><\/h2>\n<p>El testimonio m\u00e1s fuerte fue\u00a0el de Jos\u00e9 L\u00f3pez, quien\u00a0<strong>habl\u00f3 sobre el conocimiento de la ex Presidenta\u00a0sobre el sistema de recaudaci\u00f3n<\/strong>\u00a0llevado a cabo y \u00abc\u00f3mo continu\u00f3 luego del fallecimiento de N\u00e9stor Kirchner\u00bb. Y tambi\u00e9n se refiri\u00f3 a los bolsos con dinero que le fueron secuestrados el d\u00eda 14 de junio de 2016.<\/p>\n<div class=\"sp__Normal\">\n<div class=\"image-trigger pointer\">\n<figure><img decoding=\"async\" class=\"lazyload\" src=\"https:\/\/images.clarin.com\/2018\/08\/08\/S1zMEBjB7_720x0__1.jpg\" alt=\"Jos\u00e9 L\u00f3pez, ex secretario de Obras P\u00fablicas y mano derecha de Julio De Vido. En su declaraci\u00f3n apunt\u00f3 contra Cristina Kirchner.\" \/><i class=\"fa fa-circle fa-stack-2x icon-background1\"><\/i><i class=\"fa fa-circle-o fa-stack-2x icon-background2\"><\/i><i class=\"fa fa-arrows-alt fa-stack-1x\"><\/i><\/figure>\n<p>Jos\u00e9 L\u00f3pez, ex secretario de Obras P\u00fablicas y mano derecha de Julio De Vido. En su declaraci\u00f3n apunt\u00f3 contra Cristina Kirchner.<\/p>\n<\/div>\n<\/div>\n<p>\u00abEn 2016, antes de la muerte de Daniel Mu\u00f1oz\u00a0<strong>se comunic\u00f3 conmigo Fabi\u00e1n Guti\u00e9rrez quien fuera secretario de N\u00e9stor y de Cristina\u00a0<\/strong>de absoluta confianza de ambos que quer\u00eda hablar conmigo.<\/p>\n<p>El encuentro se llev\u00f3 a cabo en el hotel NH conocido como City Hotel (&#8230;) Fabi\u00e1n me manifest\u00f3 que deb\u00eda cambiar de lugar un dinero no me manifest\u00f3 la suma exacta pero supuse que se trataba de una suma grande. (&#8230;) El 13 de junio en la noche tarde se presentaron de parte de Fabi\u00e1n tres personas que me dejaron los bolsos que fueran posteriormente secuestrados, y se fueron.<\/p>\n<p>Yo estaba sumamente nervioso y paranoico tanto que m\u00e1s tarde no recuerdo exactamente la hora cargue el dinero en el auto as\u00ed como el arma y me dirig\u00ed al convento donde lo que sucedi\u00f3 es de p\u00fablico conocimiento (\u2026).<\/p>\n<p>Al respecto a\u00f1adi\u00f3: \u00abFabi\u00e1n Gutierrez era funcional a los dos a N\u00e9stor y a Cristina, pero en ese momento la \u00fanica viva era Cristina, la plata era de la recaudaci\u00f3n, la plata no s\u00e9 donde estaba antes de que me la trajeran.<strong>\u00a0Si me llamaba Fabi\u00e1n era porque Cristina as\u00ed se lo hab\u00eda indicado<\/strong>. Fabi\u00e1n era Cristina.<\/p>\n<p>Yo me preguntaba en ese momento porque me hab\u00edan elegido a m\u00ed.\u00a0<strong>Es obvio que cre\u00ed que el dinero era de Cristina<\/strong>\u00a0y que quien estaba enviando a Fabi\u00e1n era ella, y por eso le hice caso.<\/p>\n<p>Fue as\u00ed c\u00f3mo me dirig\u00ed al convento\u00a0y sucedi\u00f3 todo lo que es de p\u00fablico conocimiento\u201d.<\/p>\n<p>Fuente: clarin.com<\/p>\n<div id=\"inread\" class=\"ad-slot\">\n<div id=\"inread_ad\">\n<div id=\"google_ads_iframe_\/242767168\/clarin\/politica\/nota\/inread_0__container__\"><\/div>\n<\/div>\n<\/div>\n<div class=\"gsp_post_data\" \r\n\t            data-post_type=\"post\" \r\n\t            data-cat=\"general,noticias-internacionales\" \r\n\t            data-modified=\"120\"\r\n\t            data-created=\"1537262592\"\r\n\t            data-title=\"Testimonios que acorralaron a Cristina Kirchner\" \r\n\t            data-home=\"https:\/\/www.evafm.net\/sitio\"><\/div>","protected":false},"excerpt":{"rendered":"<p>Empresarios, ex funcionarios y referentes kirchneristas, fueron los principales acusadores de\u00a0la ex presidenta\u00a0Cristina Kirchner. A cada uno de ellos los conoci\u00f3 y\u00a0durante a\u00f1os integraron su entorno m\u00e1s cercano. Sus testimonios\u00a0fueron contemplados por el juez Claudio Bonadio para determinar que la senadora de Unidad Ciudadana fue la jefa de la asociaci\u00f3n il\u00edcita, o como describi\u00f3 m\u00e1s&#8230;<\/p>\n","protected":false},"author":5,"featured_media":39033,"comment_status":"closed","ping_status":"open","sticky":false,"template":"","format":"standard","meta":{"_joinchat":[],"footnotes":""},"categories":[1720,1345],"tags":[],"class_list":["post-39032","post","type-post","status-publish","format-standard","has-post-thumbnail","hentry","category-general","category-noticias-internacionales","have-post-thumb"],"_links":{"self":[{"href":"https:\/\/www.evafm.net\/sitio\/wp-json\/wp\/v2\/posts\/39032","targetHints":{"allow":["GET"]}}],"collection":[{"href":"https:\/\/www.evafm.net\/sitio\/wp-json\/wp\/v2\/posts"}],"about":[{"href":"https:\/\/www.evafm.net\/sitio\/wp-json\/wp\/v2\/types\/post"}],"author":[{"embeddable":true,"href":"https:\/\/www.evafm.net\/sitio\/wp-json\/wp\/v2\/users\/5"}],"replies":[{"embeddable":true,"href":"https:\/\/www.evafm.net\/sitio\/wp-json\/wp\/v2\/comments?post=39032"}],"version-history":[{"count":1,"href":"https:\/\/www.evafm.net\/sitio\/wp-json\/wp\/v2\/posts\/39032\/revisions"}],"predecessor-version":[{"id":39034,"href":"https:\/\/www.evafm.net\/sitio\/wp-json\/wp\/v2\/posts\/39032\/revisions\/39034"}],"wp:featuredmedia":[{"embeddable":true,"href":"https:\/\/www.evafm.net\/sitio\/wp-json\/wp\/v2\/media\/39033"}],"wp:attachment":[{"href":"https:\/\/www.evafm.net\/sitio\/wp-json\/wp\/v2\/media?parent=39032"}],"wp:term":[{"taxonomy":"category","embeddable":true,"href":"https:\/\/www.evafm.net\/sitio\/wp-json\/wp\/v2\/categories?post=39032"},{"taxonomy":"post_tag","embeddable":true,"href":"https:\/\/www.evafm.net\/sitio\/wp-json\/wp\/v2\/tags?post=39032"}],"curies":[{"name":"wp","href":"https:\/\/api.w.org\/{rel}","templated":true}]}}