{"id":39071,"date":"2018-09-18T13:06:16","date_gmt":"2018-09-18T18:06:16","guid":{"rendered":"http:\/\/www.evafm.net\/sitio\/?p=39071"},"modified":"2018-09-18T13:06:16","modified_gmt":"2018-09-18T18:06:16","slug":"reynaldo-vasquez-es-muy-criticado-en-redes-sociales","status":"publish","type":"post","link":"https:\/\/www.evafm.net\/sitio\/reynaldo-vasquez-es-muy-criticado-en-redes-sociales\/","title":{"rendered":"Reynaldo V\u00e1squez es muy criticado en redes sociales"},"content":{"rendered":"<p>El periodista ecuatoriano, Reynaldo V\u00e1squez, indign\u00f3 a varios usuarios de las redes sociales, despu\u00e9s de postear una foto despu\u00e9s de una cirug\u00eda \u201cest\u00e9tica\u201d que se realiz\u00f3 en su rostro, al poco tiempo de que su madre falleci\u00f3.<\/p>\n<p>Reynaldo para aclarar las cosas puso a conocimiento general que no fue una cirug\u00eda est\u00e9tica, sino m\u00e1s bien un removimiento de dos queloides que se formaron abajo de sus orejas a ra\u00edz de la manga g\u00e1strica que el periodista se hab\u00eda hecho anteriormente y que estos excesos pod\u00edan causarle alg\u00fan efecto cancer\u00edgeno.<\/p>\n<p><iframe title=\"Reynaldo V\u00e1squez es muy criticado en redes sociales por una cirug\u00eda est\u00e9tica - Jarabe de Pico\" width=\"1200\" height=\"900\" src=\"https:\/\/www.youtube.com\/embed\/-Frv2trUqy4?feature=oembed\" frameborder=\"0\" allow=\"accelerometer; autoplay; clipboard-write; encrypted-media; gyroscope; picture-in-picture; web-share\" referrerpolicy=\"strict-origin-when-cross-origin\" allowfullscreen><\/iframe><\/p>\n<p>Fuente: teleamazonas.com &#8211; Programa: Jarabe de pico<\/p>\n<div class=\"gsp_post_data\" \r\n\t            data-post_type=\"post\" \r\n\t            data-cat=\"farandula-ecuatoriana,general\" \r\n\t            data-modified=\"120\"\r\n\t            data-created=\"1537275976\"\r\n\t            data-title=\"Reynaldo V\u00e1squez es muy criticado en redes sociales\" \r\n\t            data-home=\"https:\/\/www.evafm.net\/sitio\"><\/div>","protected":false},"excerpt":{"rendered":"<p>El periodista ecuatoriano, Reynaldo V\u00e1squez, indign\u00f3 a varios usuarios de las redes sociales, despu\u00e9s de postear una foto despu\u00e9s de una cirug\u00eda \u201cest\u00e9tica\u201d que se realiz\u00f3 en su rostro, al poco tiempo de que su madre falleci\u00f3. Reynaldo para aclarar las cosas puso a conocimiento general que no fue una cirug\u00eda est\u00e9tica, sino m\u00e1s bien&#8230;<\/p>\n","protected":false},"author":5,"featured_media":39073,"comment_status":"closed","ping_status":"open","sticky":false,"template":"","format":"standard","meta":{"_joinchat":[],"footnotes":""},"categories":[1562,1720],"tags":[],"class_list":["post-39071","post","type-post","status-publish","format-standard","has-post-thumbnail","hentry","category-farandula-ecuatoriana","category-general","have-post-thumb"],"_links":{"self":[{"href":"https:\/\/www.evafm.net\/sitio\/wp-json\/wp\/v2\/posts\/39071","targetHints":{"allow":["GET"]}}],"collection":[{"href":"https:\/\/www.evafm.net\/sitio\/wp-json\/wp\/v2\/posts"}],"about":[{"href":"https:\/\/www.evafm.net\/sitio\/wp-json\/wp\/v2\/types\/post"}],"author":[{"embeddable":true,"href":"https:\/\/www.evafm.net\/sitio\/wp-json\/wp\/v2\/users\/5"}],"replies":[{"embeddable":true,"href":"https:\/\/www.evafm.net\/sitio\/wp-json\/wp\/v2\/comments?post=39071"}],"version-history":[{"count":1,"href":"https:\/\/www.evafm.net\/sitio\/wp-json\/wp\/v2\/posts\/39071\/revisions"}],"predecessor-version":[{"id":39074,"href":"https:\/\/www.evafm.net\/sitio\/wp-json\/wp\/v2\/posts\/39071\/revisions\/39074"}],"wp:featuredmedia":[{"embeddable":true,"href":"https:\/\/www.evafm.net\/sitio\/wp-json\/wp\/v2\/media\/39073"}],"wp:attachment":[{"href":"https:\/\/www.evafm.net\/sitio\/wp-json\/wp\/v2\/media?parent=39071"}],"wp:term":[{"taxonomy":"category","embeddable":true,"href":"https:\/\/www.evafm.net\/sitio\/wp-json\/wp\/v2\/categories?post=39071"},{"taxonomy":"post_tag","embeddable":true,"href":"https:\/\/www.evafm.net\/sitio\/wp-json\/wp\/v2\/tags?post=39071"}],"curies":[{"name":"wp","href":"https:\/\/api.w.org\/{rel}","templated":true}]}}