{"id":39109,"date":"2018-09-19T08:50:22","date_gmt":"2018-09-19T13:50:22","guid":{"rendered":"http:\/\/www.evafm.net\/sitio\/?p=39109"},"modified":"2018-09-19T08:50:22","modified_gmt":"2018-09-19T13:50:22","slug":"luis-almagro-contra-f-a-u-defienden-dictaduras-no-sean-imbeciles","status":"publish","type":"post","link":"https:\/\/www.evafm.net\/sitio\/luis-almagro-contra-f-a-u-defienden-dictaduras-no-sean-imbeciles\/","title":{"rendered":"Luis Almagro contra F.A.U \u00abDefienden dictaduras, \u00a1no sean imb\u00e9ciles!\u00bb"},"content":{"rendered":"<div class=\"row pb-content-type-text\">\n<div class=\"col-xs-12 col-print-12\">\n<p class=\"element element-paragraph\">El secretario general de la OEA,\u00a0<strong>Luis Almagro<\/strong>, pidi\u00f3 al gobernante Frente Amplio de Uruguay que no defienda \u00abdictaduras\u00bb ni \u00abasesinos\u00bb, luego de un duro comunicado de su partido por su postura sobre la crisis en Venezuela.<\/p>\n<\/div>\n<\/div>\n<div class=\"row pb-content-type-text\">\n<div class=\"col-xs-12 col-print-12\">\n<p class=\"element element-paragraph\">El ex canciller uruguayo manifest\u00f3 su molestia luego de que la coalici\u00f3n de izquierda, que se ha abstenido de condenar al r\u00e9gimen de Nicol\u00e1s Maduro, rechazara sus\u00a0declaraciones sobre una eventual intervenci\u00f3n militar en el pa\u00eds.<\/p>\n<p class=\"element element-paragraph\">Consultado en una entrevista con la emisora\u00a0local\u00a0<em>Oc\u00e9ano FM\u00a0<\/em>sobre el pedido de expulsarlo del Frente Amplio que formul\u00f3 el Partido Comunista, muy cercano a Caracas, Almagro replic\u00f3 con evidente enojo.<\/p>\n<\/div>\n<\/div>\n<div class=\"row pb-content-type-text\">\n<div class=\"col-xs-12 col-print-12\">\n<p class=\"element element-paragraph\">\u00ab<strong>Un ni\u00f1o por d\u00eda se muere de desnutrici\u00f3n infantil en Venezuela. <\/strong><\/p>\n<p class=\"element element-paragraph\"><strong>Eso es una campa\u00f1a de exterminio. \u00bfDe qu\u00e9 estamos hablando. <\/strong><\/p>\n<p class=\"element element-paragraph\"><strong>\u00bfEso es lo que defienden? \u00a1Por favor! Defienden dictaduras, defienden opresi\u00f3n, defienden represi\u00f3n, defienden torturas, defienden torturadores, defienden a los asesinos, a aquellos que violan a los presos pol\u00edticos. <\/strong><\/p>\n<p class=\"element element-paragraph\"><strong>Eso es lo que est\u00e1n defendiendo. \u00a1Por favor! \u00a1No sean rid\u00edculos! \u00a1No sean imb\u00e9ciles!<\/strong>\u00ab, remat\u00f3.<\/p>\n<\/div>\n<\/div>\n<div class=\"row pb-content-type-text\">\n<div class=\"col-xs-12 col-print-12\">\n<p class=\"element element-paragraph\">Adem\u00e1s, remarc\u00f3 que tanto \u00e9l como la OEA condenan la \u00abilegitimidad de cualquier acci\u00f3n armada que se d\u00e9 en el continente o fuera de \u00e9l\u00bb.<\/p>\n<div class=\"row pb-content-type-text\">\n<div class=\"col-xs-12 col-print-12\">\n<p class=\"element element-paragraph\">Con respecto a la crisis, denunci\u00f3 que en Venezuela\u00a0hay una \u00abcampa\u00f1a directa de exterminio por parte de la dictadura\u00bb al negarle la salud a la gente.<\/p>\n<p class=\"element element-paragraph\">\u00ab<strong>\u00bfQu\u00e9 diferencia hay entre pegarle un tiro en la cabeza (a una persona) y que se muera por falta de di\u00e1lisis?<\/strong>\u00ab, se pregunt\u00f3.<\/p>\n<\/div>\n<\/div>\n<div class=\"row pb-content-type-text\">\n<div class=\"col-xs-12 col-print-12\">\n<p class=\"element element-paragraph\">Adem\u00e1s, denunci\u00f3 la injerencia del castrismo en el pa\u00eds.<\/p>\n<p class=\"element element-paragraph\">\u00ab<strong>La presencia cubana, en decenas de miles, es la presencia m\u00e1s grande de un Estado en otro Estado, conforme a los testimonios que tenemos<\/strong>\u00bb y \u00abcoadyuva al r\u00e9gimen bolivariano en tareas de\u00a0<strong>represi\u00f3n, inteligencia, identificaci\u00f3n de civiles, de tortura entre otros<\/strong>\u00ab, conden\u00f3 Almagro, agregando que est\u00e1 dispuesto a proporcionar los datos que prueban sus denuncias.<\/p>\n<\/div>\n<\/div>\n<div class=\"row pb-content-type-text\">\n<div class=\"col-xs-12 col-print-12\">\n<p class=\"element element-paragraph\">El Frente Amplio hab\u00eda se\u00f1alado que las declaraciones de Almagro, quien\u00a0consider\u00f3 que no se debe descartar \u00abuna intervenci\u00f3n militar\u00bb en Venezuela para \u00abderrocar\u00bb al chavismo, \u00abse alejan de los principios hist\u00f3ricos de nuestra fuerza pol\u00edtica sobre la defensa de la paz y la autodeterminaci\u00f3n de los pueblos\u00bb. Tambi\u00e9n, el oficialismo uruguayo acus\u00f3 al diplom\u00e1tico de atentar desde su cargo \u00abcontra la soberan\u00eda de Venezuela\u00bb.<\/p>\n<div class=\"row pb-content-type-text\">\n<div class=\"col-xs-12 col-print-12\">\n<p class=\"element element-paragraph\">El secretario general indic\u00f3 que sus palabras fueron malinterpretadas y sostuvo que\u00a0le preocupa que la izquierda \u00abtenga esa dicotom\u00eda entre totalitarismo y democracia\u00bb, que seg\u00fan \u00e9l \u00abavala formas totalitarias\u00bb, \u00abavala formas dictatoriales\u00bb, lo cual se\u00f1al\u00f3 como \u00abincomprensible\u00bb.<\/p>\n<\/div>\n<\/div>\n<div class=\"row pb-content-type-text\">\n<div class=\"col-xs-12 col-print-12\">\n<p class=\"element element-paragraph\">La canciller\u00eda uruguaya se hab\u00eda mostrado reacia a condenar al r\u00e9gimen chavista y deplor\u00f3 por primera vez este a\u00f1o la existencia de presos pol\u00edticos en Venezuela, siempre con la postura de invocar al di\u00e1logo.<\/p>\n<\/div>\n<\/div>\n<div class=\"row pb-content-type-text\">\n<div class=\"col-xs-12 col-print-12\">\n<p class=\"element element-paragraph\">Uruguay no integra el Grupo de Lima, creado en 2017 para promover una soluci\u00f3n a la crisis venezolana.<\/p>\n<\/div>\n<\/div>\n<div class=\"row pb-content-type-text\">\n<div class=\"col-xs-12 col-print-12\">\n<p class=\"element element-paragraph\"><em>(Con informaci\u00f3n de AFP)<\/em><\/p>\n<\/div>\n<\/div>\n<\/div>\n<\/div>\n<\/div>\n<\/div>\n<div class=\"gsp_post_data\" \r\n\t            data-post_type=\"post\" \r\n\t            data-cat=\"general,noticias-internacionales\" \r\n\t            data-modified=\"120\"\r\n\t            data-created=\"1537347022\"\r\n\t            data-title=\"Luis Almagro contra F.A.U \u00abDefienden dictaduras, \u00a1no sean imb\u00e9ciles!\u00bb\" \r\n\t            data-home=\"https:\/\/www.evafm.net\/sitio\"><\/div>","protected":false},"excerpt":{"rendered":"<p>El secretario general de la OEA,\u00a0Luis Almagro, pidi\u00f3 al gobernante Frente Amplio de Uruguay que no defienda \u00abdictaduras\u00bb ni \u00abasesinos\u00bb, luego de un duro comunicado de su partido por su postura sobre la crisis en Venezuela. El ex canciller uruguayo manifest\u00f3 su molestia luego de que la coalici\u00f3n de izquierda, que se ha abstenido de&#8230;<\/p>\n","protected":false},"author":5,"featured_media":39110,"comment_status":"closed","ping_status":"open","sticky":false,"template":"","format":"standard","meta":{"_joinchat":[],"footnotes":""},"categories":[1720,1345],"tags":[],"class_list":["post-39109","post","type-post","status-publish","format-standard","has-post-thumbnail","hentry","category-general","category-noticias-internacionales","have-post-thumb"],"_links":{"self":[{"href":"https:\/\/www.evafm.net\/sitio\/wp-json\/wp\/v2\/posts\/39109","targetHints":{"allow":["GET"]}}],"collection":[{"href":"https:\/\/www.evafm.net\/sitio\/wp-json\/wp\/v2\/posts"}],"about":[{"href":"https:\/\/www.evafm.net\/sitio\/wp-json\/wp\/v2\/types\/post"}],"author":[{"embeddable":true,"href":"https:\/\/www.evafm.net\/sitio\/wp-json\/wp\/v2\/users\/5"}],"replies":[{"embeddable":true,"href":"https:\/\/www.evafm.net\/sitio\/wp-json\/wp\/v2\/comments?post=39109"}],"version-history":[{"count":1,"href":"https:\/\/www.evafm.net\/sitio\/wp-json\/wp\/v2\/posts\/39109\/revisions"}],"predecessor-version":[{"id":39111,"href":"https:\/\/www.evafm.net\/sitio\/wp-json\/wp\/v2\/posts\/39109\/revisions\/39111"}],"wp:featuredmedia":[{"embeddable":true,"href":"https:\/\/www.evafm.net\/sitio\/wp-json\/wp\/v2\/media\/39110"}],"wp:attachment":[{"href":"https:\/\/www.evafm.net\/sitio\/wp-json\/wp\/v2\/media?parent=39109"}],"wp:term":[{"taxonomy":"category","embeddable":true,"href":"https:\/\/www.evafm.net\/sitio\/wp-json\/wp\/v2\/categories?post=39109"},{"taxonomy":"post_tag","embeddable":true,"href":"https:\/\/www.evafm.net\/sitio\/wp-json\/wp\/v2\/tags?post=39109"}],"curies":[{"name":"wp","href":"https:\/\/api.w.org\/{rel}","templated":true}]}}