{"id":39167,"date":"2018-09-19T17:07:52","date_gmt":"2018-09-19T22:07:52","guid":{"rendered":"http:\/\/www.evafm.net\/sitio\/?p=39167"},"modified":"2018-09-19T17:07:52","modified_gmt":"2018-09-19T22:07:52","slug":"juventus-derroto-2-0-al-valencia-champions-league","status":"publish","type":"post","link":"https:\/\/www.evafm.net\/sitio\/juventus-derroto-2-0-al-valencia-champions-league\/","title":{"rendered":"Juventus derrot\u00f3 2-0 al Valencia &#8211; Champions League"},"content":{"rendered":"<p>Mal arranque para\u00a0Cristiano Ronaldo, el delantero portugu\u00e9s vio la tarjeta roja por una pol\u00e9mica agresi\u00f3n sobre un defensa del Valencia en el encuentro disputado por la primera fecha de la\u00a0UEFA Champions League.<\/p>\n<p>La\u00a0Juventus\u00a0visita el Mestalla de la ciudad de Valencia en su debut en el grupo H de la\u00a0Champions League.\u00a0<strong>Cristiano Ronaldo<\/strong>\u00a0se ergu\u00eda como la gran figura del encuentro en su visita a Espa\u00f1a tras su paso por el Real Madrid.<\/p>\n<p>Sin embargo, el estreno del portugu\u00e9s con la camiseta de\u00a0<strong>Juventus<\/strong>\u00a0en la\u00a0Champions League\u00a0no ser\u00e1 su mejor recuerdo.<\/p>\n<p>Al minuto 29 del primer tiempo\u00a0<strong>Cristiano Ronaldo<\/strong>\u00a0esperaba un centro dentro del \u00e1rea del Valencia.<\/p>\n<p>Mientras la jugada se encontraba por la banda izquierda, Jeison Murillo y\u00a0Cristiano Ronaldo\u00a0tuvieron un peque\u00f1o cruce que termin\u00f3 con el defensa de\u00a0<strong>Valencia<\/strong>\u00a0en el piso. El portugu\u00e9s le recrimin\u00f3 la acci\u00f3n e instantes despu\u00e9s vio la tarjeta roja y se retir\u00f3 del campo de juego entre l\u00e1grimas.<\/p>\n<p>https:\/\/youtu.be\/60NoKAf2RjQ<\/p>\n<p>Fuente: libero.pe &#8211; youtube.com<\/p>\n<div class=\"gsp_post_data\" \r\n\t            data-post_type=\"post\" \r\n\t            data-cat=\"deportes-internacionales\" \r\n\t            data-modified=\"120\"\r\n\t            data-created=\"1537376872\"\r\n\t            data-title=\"Juventus derrot\u00f3 2-0 al Valencia &#8211; Champions League\" \r\n\t            data-home=\"https:\/\/www.evafm.net\/sitio\"><\/div>","protected":false},"excerpt":{"rendered":"<p>Mal arranque para\u00a0Cristiano Ronaldo, el delantero portugu\u00e9s vio la tarjeta roja por una pol\u00e9mica agresi\u00f3n sobre un defensa del Valencia en el encuentro disputado por la primera fecha de la\u00a0UEFA Champions League. La\u00a0Juventus\u00a0visita el Mestalla de la ciudad de Valencia en su debut en el grupo H de la\u00a0Champions League.\u00a0Cristiano Ronaldo\u00a0se ergu\u00eda como la gran&#8230;<\/p>\n","protected":false},"author":5,"featured_media":39169,"comment_status":"closed","ping_status":"open","sticky":false,"template":"","format":"standard","meta":{"_joinchat":[],"footnotes":""},"categories":[1342],"tags":[],"class_list":["post-39167","post","type-post","status-publish","format-standard","has-post-thumbnail","hentry","category-deportes-internacionales","have-post-thumb"],"_links":{"self":[{"href":"https:\/\/www.evafm.net\/sitio\/wp-json\/wp\/v2\/posts\/39167","targetHints":{"allow":["GET"]}}],"collection":[{"href":"https:\/\/www.evafm.net\/sitio\/wp-json\/wp\/v2\/posts"}],"about":[{"href":"https:\/\/www.evafm.net\/sitio\/wp-json\/wp\/v2\/types\/post"}],"author":[{"embeddable":true,"href":"https:\/\/www.evafm.net\/sitio\/wp-json\/wp\/v2\/users\/5"}],"replies":[{"embeddable":true,"href":"https:\/\/www.evafm.net\/sitio\/wp-json\/wp\/v2\/comments?post=39167"}],"version-history":[{"count":1,"href":"https:\/\/www.evafm.net\/sitio\/wp-json\/wp\/v2\/posts\/39167\/revisions"}],"predecessor-version":[{"id":39170,"href":"https:\/\/www.evafm.net\/sitio\/wp-json\/wp\/v2\/posts\/39167\/revisions\/39170"}],"wp:featuredmedia":[{"embeddable":true,"href":"https:\/\/www.evafm.net\/sitio\/wp-json\/wp\/v2\/media\/39169"}],"wp:attachment":[{"href":"https:\/\/www.evafm.net\/sitio\/wp-json\/wp\/v2\/media?parent=39167"}],"wp:term":[{"taxonomy":"category","embeddable":true,"href":"https:\/\/www.evafm.net\/sitio\/wp-json\/wp\/v2\/categories?post=39167"},{"taxonomy":"post_tag","embeddable":true,"href":"https:\/\/www.evafm.net\/sitio\/wp-json\/wp\/v2\/tags?post=39167"}],"curies":[{"name":"wp","href":"https:\/\/api.w.org\/{rel}","templated":true}]}}