{"id":39184,"date":"2018-09-19T18:10:23","date_gmt":"2018-09-19T23:10:23","guid":{"rendered":"http:\/\/www.evafm.net\/sitio\/?p=39184"},"modified":"2018-09-19T18:10:23","modified_gmt":"2018-09-19T23:10:23","slug":"bayern-munich-2-0-benfica-champions-league","status":"publish","type":"post","link":"https:\/\/www.evafm.net\/sitio\/bayern-munich-2-0-benfica-champions-league\/","title":{"rendered":"Bayern M\u00fanich 2- 0  Benfica &#8211; Champions League"},"content":{"rendered":"<p><b>Bayern M\u00fanich<\/b>\u00a0gan\u00f3 2-0<b>\u00a0Benfica<\/b>\u00a0en el estadio Da Luz de Lisboa por la primera fecha de la\u00a0<b>Champions League. Robert Lewandowski y Renato Sanches<\/b>\u00a0anotaron los goles de la victoria para los alemanes.<\/p>\n<p id=\"p559108-m6141-1-6142\" class=\"parrafo first-parrafo\">Apenas inici\u00f3 el compromiso, el delantero polaco adelant\u00f3 a los suyos. A los 10 minutos, el goleador realiz\u00f3 una jugada individual en el \u00e1rea y sac\u00f3 un remate rasante, el cual no pudo ser contenido por el portero rival.<\/p>\n<p id=\"p559108-m6165-2-6166\" class=\"parrafo first-parrafo\">A los 54 del cotejo,\u00a0<b>James Rodr\u00edguez\u00a0<\/b>se desmarc\u00f3 por el sector izquierdo y lanz\u00f3 un centro al coraz\u00f3n del \u00e1rea.\u00a0<b>Renato Sanches<\/b>\u00a0lo aprovech\u00f3 y decret\u00f3 el 2-0 final para el conjunto alem\u00e1n.<\/p>\n<p>Cabe se\u00f1alar que tras este resultado,\u00a0<b>Bayern M\u00fanich<\/b>\u00a0se ubica segundo del Grupo E de la<b>\u00a0Champions League<\/b>.\u00a0<b>Ajax\u00a0<\/b>es el l\u00edder, debido a que cuenta con una diferencia de goles de +3.<\/p>\n<p>https:\/\/youtu.be\/qJejKLgmFgI<\/p>\n<p>Fuente: elcomercio.pe &#8211; youtube.com<\/p>\n<div class=\"gsp_post_data\" \r\n\t            data-post_type=\"post\" \r\n\t            data-cat=\"deportes-internacionales\" \r\n\t            data-modified=\"120\"\r\n\t            data-created=\"1537380623\"\r\n\t            data-title=\"Bayern M\u00fanich 2- 0  Benfica &#8211; Champions League\" \r\n\t            data-home=\"https:\/\/www.evafm.net\/sitio\"><\/div>","protected":false},"excerpt":{"rendered":"<p>Bayern M\u00fanich\u00a0gan\u00f3 2-0\u00a0Benfica\u00a0en el estadio Da Luz de Lisboa por la primera fecha de la\u00a0Champions League. Robert Lewandowski y Renato Sanches\u00a0anotaron los goles de la victoria para los alemanes. Apenas inici\u00f3 el compromiso, el delantero polaco adelant\u00f3 a los suyos. A los 10 minutos, el goleador realiz\u00f3 una jugada individual en el \u00e1rea y sac\u00f3&#8230;<\/p>\n","protected":false},"author":5,"featured_media":39186,"comment_status":"closed","ping_status":"open","sticky":false,"template":"","format":"standard","meta":{"_joinchat":[],"footnotes":""},"categories":[1342],"tags":[],"class_list":["post-39184","post","type-post","status-publish","format-standard","has-post-thumbnail","hentry","category-deportes-internacionales","have-post-thumb"],"_links":{"self":[{"href":"https:\/\/www.evafm.net\/sitio\/wp-json\/wp\/v2\/posts\/39184","targetHints":{"allow":["GET"]}}],"collection":[{"href":"https:\/\/www.evafm.net\/sitio\/wp-json\/wp\/v2\/posts"}],"about":[{"href":"https:\/\/www.evafm.net\/sitio\/wp-json\/wp\/v2\/types\/post"}],"author":[{"embeddable":true,"href":"https:\/\/www.evafm.net\/sitio\/wp-json\/wp\/v2\/users\/5"}],"replies":[{"embeddable":true,"href":"https:\/\/www.evafm.net\/sitio\/wp-json\/wp\/v2\/comments?post=39184"}],"version-history":[{"count":1,"href":"https:\/\/www.evafm.net\/sitio\/wp-json\/wp\/v2\/posts\/39184\/revisions"}],"predecessor-version":[{"id":39187,"href":"https:\/\/www.evafm.net\/sitio\/wp-json\/wp\/v2\/posts\/39184\/revisions\/39187"}],"wp:featuredmedia":[{"embeddable":true,"href":"https:\/\/www.evafm.net\/sitio\/wp-json\/wp\/v2\/media\/39186"}],"wp:attachment":[{"href":"https:\/\/www.evafm.net\/sitio\/wp-json\/wp\/v2\/media?parent=39184"}],"wp:term":[{"taxonomy":"category","embeddable":true,"href":"https:\/\/www.evafm.net\/sitio\/wp-json\/wp\/v2\/categories?post=39184"},{"taxonomy":"post_tag","embeddable":true,"href":"https:\/\/www.evafm.net\/sitio\/wp-json\/wp\/v2\/tags?post=39184"}],"curies":[{"name":"wp","href":"https:\/\/api.w.org\/{rel}","templated":true}]}}