{"id":39189,"date":"2018-09-19T18:25:55","date_gmt":"2018-09-19T23:25:55","guid":{"rendered":"http:\/\/www.evafm.net\/sitio\/?p=39189"},"modified":"2018-09-19T18:27:34","modified_gmt":"2018-09-19T23:27:34","slug":"39189-2","status":"publish","type":"post","link":"https:\/\/www.evafm.net\/sitio\/39189-2\/","title":{"rendered":"Deportivo Cali vs. Liga de Quito &#8211; Copa Sudamericana"},"content":{"rendered":"<p><b>Deportivo Cali<\/b>\u00a0vs.\u00a0<b>Liga de Quito<\/b>\u00a0se enfrentan\u00a0<b>HOY<\/b>\u00a0por el partido de vuelta de los octavos de final de la\u00a0<b>Copa Sudamericana<\/b>, desde las 7:45 pm, en el estadio Palmaseca.<\/p>\n<p id=\"p559176-m342-2-343\" class=\"parrafo first-parrafo\">Este partido ser\u00e1 transmitido por Fox Sports 2 en Sudam\u00e9rica, a excepci\u00f3n de Brasil (SporTV 2). En Estados Unidos por Fox Soccer Match y en Espa\u00f1a por Movistar+.<\/p>\n<div id=\"ads_d_inline\"><\/div>\n<p id=\"p559176-m347-3-348\" class=\"parrafo first-parrafo\"><b>Deportivo Cali<\/b>\u00a0buscar\u00e1 este mi\u00e9rcoles la remontada ante Liga Deportiva Universitaria de Quito en su casa, donde gan\u00f3 cinco de los seis partidos que ha disputado este semestre, en la vuelta de los octavos de final de la\u00a0<b>Copa Sudamericana<\/b>.<\/p>\n<p id=\"p559176-m352-4-353\" class=\"parrafo first-parrafo\">El equipo colombiano, que dirige el uruguayo Gerardo Pelusso, espera que su equipo revalide su buen rendimiento como local para imponerse al club ecuatoriano, que gan\u00f3 el juego de ida por 1-0 con un tanto del centrocampista Anderson Julio.<\/p>\n<p id=\"p559176-m357-5-358\" class=\"parrafo first-parrafo\">Para lograr ese objetivo, el estratega uruguayo contar\u00e1 con el goleador argentino Jos\u00e9 Sand y de los creativos Macnelly Torres y Nicol\u00e1s Benedetti, que con cuatro tantos es el m\u00e1ximo anotador del torneo junto al venezolano Diomar D\u00edaz, del Caracas.<\/p>\n<p id=\"p559176-m362-6-363\" class=\"parrafo first-parrafo\">Pelusso calific\u00f3 el duelo contra\u00a0<b>Liga de Quito<\/b>\u00a0como \u00abel partido m\u00e1s importante\u00bb de lo que va corrido de este a\u00f1o y es por ello que espera que su equipo pase a la siguiente fase.<\/p>\n<p id=\"p559176-m367-7-368\" class=\"parrafo first-parrafo\">Sin embargo, el entrenador charr\u00faa no ocult\u00f3 su preocupaci\u00f3n por el flojo rendimiento que sus dirigidos mostraron en la d\u00e9cima jornada de la liga colombiana, en la que empataron 0-0 con Leones.<\/p>\n<p id=\"p559176-m372-8-373\" class=\"parrafo first-parrafo\">\u00abEstamos tratando de que pueda funcionar el equipo, porque en definitiva lo m\u00e1s importante es el funcionamiento\u00bb, afirm\u00f3.<\/p>\n<p id=\"p559176-m377-9-378\" class=\"parrafo first-parrafo\">El Deportivo Cali ocupa el octavo lugar con 16 unidades, mientras que fue eliminado de la Copa Colombia en los octavos de final a manos de La Equidad, que dirige Luis Fernando Su\u00e1rez.<\/p>\n<p id=\"p559176-m382-10-383\" class=\"parrafo first-parrafo\"><b>Liga de Quito<\/b>, campe\u00f3n de la Sudamericana del 2009, lleg\u00f3 esta madrugada a Cali con una delegaci\u00f3n de 22 jugadores, entre ellos el goleador Juan Luis Anangon\u00f3, quien sufri\u00f3 una contractura en el aductor de la pierna derecha en el partido que su equipo perdi\u00f3 por 3-2 con el Macar\u00e1 el fin de semana pasado, y es duda.<\/p>\n<p id=\"p559176-m387-11-388\" class=\"parrafo first-parrafo\">\u00abTenemos la duda de Juan, viaja con nosotros, pero bueno, vamos a evaluar con el cuerpo m\u00e9dico y con el doctor (Juan) Barriga iremos siguiendo la evoluci\u00f3n ma\u00f1ana para tener un tema m\u00e1s claro\u00bb, dijo ayer a periodistas el t\u00e9cnico del conjunto capitalino, Pablo Repetto, antes del viaje.<\/p>\n<p id=\"p559176-m392-12-393\" class=\"parrafo first-parrafo\">Ser\u00e1n bajas del club quite\u00f1o el goleador colombiano Cristian Mart\u00ednez Borja, quien no puede jugar ning\u00fan partido de Copa Sudamericana porque ya jug\u00f3 la primera fase con el Am\u00e9rica de Cali, y el uruguayo Horacio Salaberry, quien sufri\u00f3 en agosto pasado una lesi\u00f3n de cart\u00edlago y estar\u00e1 varios meses fuera de las canchas.<\/p>\n<p id=\"p559176-m397-13-398\" class=\"parrafo first-parrafo\">Son dudas adem\u00e1s el central Anderson Ord\u00f3\u00f1ez y el lateral Jos\u00e9 Quintero, quienes reci\u00e9n est\u00e1n volviendo de lesiones que los alejaron por varias semanas de las canchas.<\/p>\n<p id=\"p559176-m402-14-403\" class=\"parrafo first-parrafo\">El ganador de la llave se enfrentar\u00e1 en cuartos de final al vencedor del duelo entre Millonarios y Santa Fe.<\/p>\n<p id=\"p559176-m407-15-408\" class=\"parrafo first-parrafo\"><b>Alineaciones probables<\/b>:<\/p>\n<p><b>Deportivo Cali<\/b>: Camilo Vargas; Daniel Giraldo, Juan Quintero, Danny Rosero, Darwin Andrade; Mat\u00edas Cabrera, Kevin Balanta, Nicol\u00e1s Benedetti, Macnelly Torres, John Mosquera; y Jos\u00e9 Sand. Entrenador: Gerardo Pelusso.<\/p>\n<p><b>Liga de Quito<\/b>: Adri\u00e1n Jos\u00e9 Gabarinni; Edison Realpe, Franklin Guerra, Hern\u00e1n Pellerano, An\u00edbal Chal\u00e1; \u00c9dison Vega, Jefferson Intriago; Anderson Julio, Jhojan Julio, Fernando Guerrero y Juan Anagon\u00f3.\u00a0Entrenador: Pablo Repetto.<\/p>\n<p>\u00c1rbitro: el peruano Diego Haro, asistido por sus compatriotas V\u00edctor Raez y Coty Carrera.<\/p>\n<p>Estadio: Deportivo Cali, de Palmira.<\/p>\n<p>Hora: 19.45 local<\/p>\n<p>Fuente: elcomercio.pe<\/p>\n<div class=\"gsp_post_data\" \r\n\t            data-post_type=\"post\" \r\n\t            data-cat=\"deportes-internacionales,general\" \r\n\t            data-modified=\"120\"\r\n\t            data-created=\"1537381555\"\r\n\t            data-title=\"Deportivo Cali vs. Liga de Quito &#8211; Copa Sudamericana\" \r\n\t            data-home=\"https:\/\/www.evafm.net\/sitio\"><\/div>","protected":false},"excerpt":{"rendered":"<p>Deportivo Cali\u00a0vs.\u00a0Liga de Quito\u00a0se enfrentan\u00a0HOY\u00a0por el partido de vuelta de los octavos de final de la\u00a0Copa Sudamericana, desde las 7:45 pm, en el estadio Palmaseca. Este partido ser\u00e1 transmitido por Fox Sports 2 en Sudam\u00e9rica, a excepci\u00f3n de Brasil (SporTV 2). En Estados Unidos por Fox Soccer Match y en Espa\u00f1a por Movistar+. Deportivo Cali\u00a0buscar\u00e1&#8230;<\/p>\n","protected":false},"author":5,"featured_media":39190,"comment_status":"closed","ping_status":"open","sticky":false,"template":"","format":"standard","meta":{"_joinchat":[],"footnotes":""},"categories":[1342,1720],"tags":[],"class_list":["post-39189","post","type-post","status-publish","format-standard","has-post-thumbnail","hentry","category-deportes-internacionales","category-general","have-post-thumb"],"_links":{"self":[{"href":"https:\/\/www.evafm.net\/sitio\/wp-json\/wp\/v2\/posts\/39189","targetHints":{"allow":["GET"]}}],"collection":[{"href":"https:\/\/www.evafm.net\/sitio\/wp-json\/wp\/v2\/posts"}],"about":[{"href":"https:\/\/www.evafm.net\/sitio\/wp-json\/wp\/v2\/types\/post"}],"author":[{"embeddable":true,"href":"https:\/\/www.evafm.net\/sitio\/wp-json\/wp\/v2\/users\/5"}],"replies":[{"embeddable":true,"href":"https:\/\/www.evafm.net\/sitio\/wp-json\/wp\/v2\/comments?post=39189"}],"version-history":[{"count":3,"href":"https:\/\/www.evafm.net\/sitio\/wp-json\/wp\/v2\/posts\/39189\/revisions"}],"predecessor-version":[{"id":39193,"href":"https:\/\/www.evafm.net\/sitio\/wp-json\/wp\/v2\/posts\/39189\/revisions\/39193"}],"wp:featuredmedia":[{"embeddable":true,"href":"https:\/\/www.evafm.net\/sitio\/wp-json\/wp\/v2\/media\/39190"}],"wp:attachment":[{"href":"https:\/\/www.evafm.net\/sitio\/wp-json\/wp\/v2\/media?parent=39189"}],"wp:term":[{"taxonomy":"category","embeddable":true,"href":"https:\/\/www.evafm.net\/sitio\/wp-json\/wp\/v2\/categories?post=39189"},{"taxonomy":"post_tag","embeddable":true,"href":"https:\/\/www.evafm.net\/sitio\/wp-json\/wp\/v2\/tags?post=39189"}],"curies":[{"name":"wp","href":"https:\/\/api.w.org\/{rel}","templated":true}]}}