{"id":39194,"date":"2018-09-20T09:27:50","date_gmt":"2018-09-20T14:27:50","guid":{"rendered":"http:\/\/www.evafm.net\/sitio\/?p=39194"},"modified":"2018-09-20T09:27:50","modified_gmt":"2018-09-20T14:27:50","slug":"el-secreto-mejor-guardado","status":"publish","type":"post","link":"https:\/\/www.evafm.net\/sitio\/el-secreto-mejor-guardado\/","title":{"rendered":"El secreto mejor guardado"},"content":{"rendered":"<div class=\"paragraph\">\n<p>Un\u00a0<b>crowfounding<\/b>\u00a0parece ser la soluci\u00f3n para costear los gastos de los abogados internacionales del expresidente\u00a0<b>Rafael<\/b>\u00a0<b>Correa<\/b>.<\/p>\n<p>Ellos ten\u00edan cubierta su estad\u00eda en el pa\u00eds hasta el viernes.<b>\u00a0\u00bfQui\u00e9n los financia?<\/b>Dicen no saberlo. El italiano Antonio Ingroia dijo que fueron invitados por el<b>Instituto de Pensamiento Pol\u00edtico Eloy Alfaro<\/b>, creado en 2017 por Alianza PAIS y cuyo presidente fue Correa.<\/p>\n<p>La suspensi\u00f3n de la<b>\u00a0audiencia preparatoria<\/b>\u00a0de juicio contra Correa y cinco procesados, por\u00a0<b>asociaci\u00f3n il\u00edcita<\/b>\u00a0en el caso del secuestro de Fernando Balda, puso en apuros a los corre\u00edstas.<\/p>\n<p>Su temor a la reinstalaci\u00f3n de la audiencia ma\u00f1ana a las 13:00 sin sus\u00a0<b>veedores<\/b>fue expresado en redes sociales. Con esa preocupaci\u00f3n vinieron iniciativas. Los migrantes se ofrecieron a aportar para el pago de penalizaciones por el cambio de pasajes, estad\u00edas y otros.<\/p>\n<p>El expresidente fue m\u00e1s all\u00e1. En su cuenta de\u00a0<b>Twitter<\/b>\u00a0incluy\u00f3 un n\u00famero de cuenta del Instituto de PAIS para concretar el crowfounding.<\/p>\n<p>Dio as\u00ed un giro a los cuestionamientos sobre el financiamiento de sus abogados internacionales.<\/p>\n<p>\u201cPreg\u00fanteles a mis abogados. Est\u00e1n all\u00e1\u201d, se\u00f1al\u00f3 al ser consultado por EXPRESO.<\/p>\n<p>Pero los letrados no quisieron responder. Tampoco lo hicieron en el Instituto. EXPRESO solicit\u00f3 una respuesta a\u00a0<b>Carol Murillo<\/b>, la soci\u00f3loga que aparece entre los fundadores del grupo junto con los asamble\u00edstas\u00a0<b>Gabriela Rivadeneira<\/b>\u00a0y Pabel Mu\u00f1oz, el excanciller Guillaume Long, Andr\u00e9s Ar\u00e1uz y Sebasti\u00e1n Torres.<\/p>\n<p>\u201cHe pasado las preguntas al IPPE. Ellos se contactar\u00e1n con usted\u201d, dijo Murillo. Pero hasta el cierre de esta edici\u00f3n no hubo respuesta.<\/p>\n<p>Este Diario consult\u00f3 a Fernando Alvarado, exsecretario de Comunicaci\u00f3n, mencionado entre los colaboradores de la fundaci\u00f3n, pero dijo que se encuentra entre monta\u00f1as de papeles contestando a la Contralor\u00eda y Fiscal\u00eda y \u201cle he perdido el hilo a esos temas\u201d.<\/p>\n<p>As\u00ed, el\u00a0<b>financiamiento<\/b>\u00a0de los\u00a0<b>abogados<\/b>\u00a0internacionales es uno de los secretos mejor guardados. Lo \u00fanico cierto es la presencia de Christope Marchand, abogado belga y procurador judicial de Correa en ese pa\u00eds; el exfiscal antimafia italiano Antonio Ingroia; Jacopo Paffarini, del Instituto Lawfare de Brasil; David Aram\u00e9ndiz y el chileno Hugo Guti\u00e9rrez.<\/p>\n<p>Entre los veedores y los defensores locales superan la docena. Solo para la audiencia del martes se registraron cinco abogados de Correa.<\/p>\n<p>El grupo lo lideran Caupolic\u00e1n Ochoa, su hijo C\u00e9sar Augusto (exsubsecretario de Justicia), Luis Fernando Molina (exfuncionario), R\u00f3mulo Argudo y Fausto Jarr\u00edn.<\/p>\n<p>Los defensores m\u00e1s visibles no quieren hablar de honorarios. Ochoa se pregunta si eso tiene alg\u00fan inter\u00e9s. Molina dice que tiene \u201cun compromiso moral\u201d. El costo de los honorarios en Ecuador difiere. Hay abogados que pueden cobrar 3.000 d\u00f3lares. La tarifa de otros arranca en 15.000 d\u00f3lares. Han existido casos con cifras que bordean los 80.000 y superan los 150.000 d\u00f3lares, se\u00f1alaron abogados consultados.<\/p>\n<p><b>Los protagonistas<\/b><\/p>\n<p><b>Hugo Guti\u00e9rrez<\/b><\/p>\n<p><b>Por los casos Glas y Correa<\/b><\/p>\n<\/div>\n<div class=\"multimediaMacroWrapper\">\n<div class=\"contentMedia art-img\">\n<figure class=\"cutlineShow\">\n<div><img fetchpriority=\"high\" decoding=\"async\" class=\" lazyloaded\" title=\"El secreto mejor guardado\" src=\"https:\/\/www.expreso.ec\/placeholder\/svg\/viewbox\/707x412\" alt=\"El secreto mejor guardado\" width=\"707\" height=\"412\" \/><\/div>\n<\/figure>\n<\/div>\n<\/div>\n<div class=\"paragraph\">\n<p>No es la primera vez que el diputado chileno visita el pa\u00eds. \u00c9l estuvo en Ecuador en marzo y se reuni\u00f3 con el exvicepresidente Jorge Glas, preso por asociaci\u00f3n il\u00edcita en el caso Odebrecht. En esa ocasi\u00f3n dijo que familiares y pol\u00edticos cercanos a Glas lo invitaron. Es militante del Partido Comunista chileno.<\/p>\n<p><b>Christophe Marchand<\/b><\/p>\n<p><b>Patrocina al expresidente<\/b><\/p>\n<\/div>\n<div class=\"multimediaMacroWrapper\">\n<div class=\"contentMedia art-img\">\n<figure class=\"cutlineShow\">\n<div><img decoding=\"async\" class=\" lazyloaded\" title=\"El secreto mejor guardado\" src=\"https:\/\/www.expreso.ec\/placeholder\/svg\/viewbox\/732x412\" alt=\"El secreto mejor guardado\" width=\"732\" height=\"412\" \/><\/div>\n<\/figure>\n<\/div>\n<\/div>\n<div class=\"paragraph\">\n<p>En B\u00e9lgica es el procurador judicial del expresidente Rafael Correa. Integra el grupo de veedores de Correa. En declaraciones p\u00fablicas cuestion\u00f3 la suspensi\u00f3n de la audiencia del caso en el que, sostiene, hay indicios de que \u201cel procedimiento judicial en el Ecuador no respeta el derecho internacional\u201d.<\/p>\n<p><b>Antonio Ingroia<\/b><\/p>\n<p><b>Es defensor de Correa<\/b><\/p>\n<\/div>\n<div class=\"multimediaMacroWrapper\">\n<div class=\"contentMedia art-img\">\n<figure class=\"cutlineShow\">\n<div><img decoding=\"async\" class=\" lazyloaded\" title=\"El secreto mejor guardado\" src=\"https:\/\/www.expreso.ec\/placeholder\/svg\/viewbox\/732x412\" alt=\"El secreto mejor guardado\" width=\"732\" height=\"412\" \/><\/div>\n<\/figure>\n<\/div>\n<\/div>\n<div class=\"paragraph\">\n<p>Reportes de prensa se\u00f1alan que el fiscal antimafia de Italia y su estudio jur\u00eddico asumieron la defensa del expresidente, junto con otros abogados. Correa habr\u00eda firmado un poder en el estudio jur\u00eddico de Antonio Ingroia. El exfuncionario italiano es otro de los invitados a presenciar la audiencia preparatoria.<\/p>\n<p><b>David Aram\u00e9ndiz<\/b><\/p>\n<p><b>Un abogado crimin\u00f3logo<\/b><\/p>\n<\/div>\n<div class=\"multimediaMacroWrapper\">\n<div class=\"contentMedia art-img\">\n<figure class=\"cutlineShow\">\n<div><img decoding=\"async\" class=\" lazyloaded\" title=\"El secreto mejor guardado\" src=\"https:\/\/www.expreso.ec\/placeholder\/svg\/viewbox\/692x412\" alt=\"El secreto mejor guardado\" width=\"692\" height=\"412\" \/><\/div>\n<\/figure>\n<\/div>\n<\/div>\n<div class=\"paragraph\">\n<p>Complementa la lista p\u00fablica de autodenominados veedores el abogado y crimin\u00f3logo colombiano David Aram\u00e9ndiz. El lunes durante una rueda de prensa el jurista alert\u00f3 que un juicio en contra del expresidente sentar\u00eda un mal precedente del pa\u00eds ante la comunidad internacional.<\/p>\n<p><b>Jacopo Paffarini<\/b><\/p>\n<p><b>Cree que hay injusticias<\/b><\/p>\n<\/div>\n<div class=\"multimediaMacroWrapper\">\n<div class=\"contentMedia art-img\">\n<figure class=\"cutlineShow\">\n<div><img decoding=\"async\" class=\" lazyloaded\" title=\"El secreto mejor guardado\" src=\"https:\/\/www.expreso.ec\/placeholder\/svg\/viewbox\/732x412\" alt=\"El secreto mejor guardado\" width=\"732\" height=\"412\" \/><\/div>\n<\/figure>\n<\/div>\n<\/div>\n<div class=\"paragraph\">\n<p>Abogado y profesor italiano, es otro de los veedores. En encuentros p\u00fablicos desarrollados con corre\u00edstas en Quito ofreci\u00f3 que llevar\u00e1 el caso Balda a Italia y Brasil, en donde es profesor universitario, para \u201chablar de las injusticias que est\u00e1n viviendo. Seguimos resistiendo\u201d, dijo.<\/p>\n<p><b>Rub\u00e9n Jerez<\/b><\/p>\n<p><b>Visit\u00f3 en marzo a Glas<\/b><\/p>\n<\/div>\n<div class=\"multimediaMacroWrapper\">\n<div class=\"contentMedia art-img\">\n<figure class=\"cutlineShow\">\n<div><img decoding=\"async\" class=\" lazyloaded\" title=\"El secreto mejor guardado\" src=\"https:\/\/www.expreso.ec\/placeholder\/svg\/viewbox\/732x412\" alt=\"El secreto mejor guardado\" width=\"732\" height=\"412\" \/><\/div>\n<\/figure>\n<\/div>\n<\/div>\n<div class=\"paragraph\">\n<p>El abogado chileno tambi\u00e9n integr\u00f3, en marzo, la comisi\u00f3n que visit\u00f3 al exvicepresidente Jorge Glas, preso por corrupci\u00f3n en el caso Odebrecht. En su pa\u00eds ha liderado acciones legales por amenazas de asalto en contra de la Embajada de Venezuela, durante las protestas de mayo de 2018.<\/p>\n<p>Fuente: expreso.ec<\/p>\n<\/div>\n<div class=\"gsp_post_data\" \r\n\t            data-post_type=\"post\" \r\n\t            data-cat=\"general,noticias-ecuador\" \r\n\t            data-modified=\"120\"\r\n\t            data-created=\"1537435670\"\r\n\t            data-title=\"El secreto mejor guardado\" \r\n\t            data-home=\"https:\/\/www.evafm.net\/sitio\"><\/div>","protected":false},"excerpt":{"rendered":"<p>Un\u00a0crowfounding\u00a0parece ser la soluci\u00f3n para costear los gastos de los abogados internacionales del expresidente\u00a0Rafael\u00a0Correa. Ellos ten\u00edan cubierta su estad\u00eda en el pa\u00eds hasta el viernes.\u00a0\u00bfQui\u00e9n los financia?Dicen no saberlo. El italiano Antonio Ingroia dijo que fueron invitados por elInstituto de Pensamiento Pol\u00edtico Eloy Alfaro, creado en 2017 por Alianza PAIS y cuyo presidente fue Correa&#8230;.<\/p>\n","protected":false},"author":5,"featured_media":39195,"comment_status":"closed","ping_status":"open","sticky":false,"template":"","format":"standard","meta":{"_joinchat":[],"footnotes":""},"categories":[1720,1558],"tags":[],"class_list":["post-39194","post","type-post","status-publish","format-standard","has-post-thumbnail","hentry","category-general","category-noticias-ecuador","have-post-thumb"],"_links":{"self":[{"href":"https:\/\/www.evafm.net\/sitio\/wp-json\/wp\/v2\/posts\/39194","targetHints":{"allow":["GET"]}}],"collection":[{"href":"https:\/\/www.evafm.net\/sitio\/wp-json\/wp\/v2\/posts"}],"about":[{"href":"https:\/\/www.evafm.net\/sitio\/wp-json\/wp\/v2\/types\/post"}],"author":[{"embeddable":true,"href":"https:\/\/www.evafm.net\/sitio\/wp-json\/wp\/v2\/users\/5"}],"replies":[{"embeddable":true,"href":"https:\/\/www.evafm.net\/sitio\/wp-json\/wp\/v2\/comments?post=39194"}],"version-history":[{"count":1,"href":"https:\/\/www.evafm.net\/sitio\/wp-json\/wp\/v2\/posts\/39194\/revisions"}],"predecessor-version":[{"id":39196,"href":"https:\/\/www.evafm.net\/sitio\/wp-json\/wp\/v2\/posts\/39194\/revisions\/39196"}],"wp:featuredmedia":[{"embeddable":true,"href":"https:\/\/www.evafm.net\/sitio\/wp-json\/wp\/v2\/media\/39195"}],"wp:attachment":[{"href":"https:\/\/www.evafm.net\/sitio\/wp-json\/wp\/v2\/media?parent=39194"}],"wp:term":[{"taxonomy":"category","embeddable":true,"href":"https:\/\/www.evafm.net\/sitio\/wp-json\/wp\/v2\/categories?post=39194"},{"taxonomy":"post_tag","embeddable":true,"href":"https:\/\/www.evafm.net\/sitio\/wp-json\/wp\/v2\/tags?post=39194"}],"curies":[{"name":"wp","href":"https:\/\/api.w.org\/{rel}","templated":true}]}}