{"id":39197,"date":"2018-09-20T09:30:49","date_gmt":"2018-09-20T14:30:49","guid":{"rendered":"http:\/\/www.evafm.net\/sitio\/?p=39197"},"modified":"2018-09-20T09:30:49","modified_gmt":"2018-09-20T14:30:49","slug":"hacen-vaca-para-mision-de-veedores-de-rafael-correa","status":"publish","type":"post","link":"https:\/\/www.evafm.net\/sitio\/hacen-vaca-para-mision-de-veedores-de-rafael-correa\/","title":{"rendered":"Hacen \u2018vaca\u2019 para misi\u00f3n de veedores de Rafael Correa"},"content":{"rendered":"<p>Ante cuestionamientos sobre el financiamiento del grupo de abogados internacionales invitados por el correato como observador del caso Balda, el expresidente\u00a0<strong>Rafael Correa<\/strong>\u00a0tuite\u00f3 ayer que supuestamente migrantes est\u00e1n recaudando fondos a favor de esa misi\u00f3n.<\/p>\n<p>\u201cCrowdfunding de nuestros migrantes, para financiar la misi\u00f3n de observadores&#8230;\u201d, poste\u00f3 el exmandatario y detall\u00f3 el nombre del banco, n\u00famero de cuenta en que supuestamente est\u00e1n haciendo donaciones presuntos migrantes y que el beneficiario es el Instituto de Pensamiento Pol\u00edtico y Econ\u00f3mico Eloy Alfaro, creado por partidarios de Correa.<\/p>\n<p>Uno de los juristas for\u00e1neos,\u00a0el italiano Antonio Ingroia, manifest\u00f3 el pasado martes que hab\u00eda sido invitado al Ecuador por el mencionado instituto y que desconoc\u00eda qui\u00e9n financiaba su viaje y estad\u00eda.<\/p>\n<p>Un usuario de Twitter le pregunt\u00f3 a Fausto Jarr\u00edn, uno de los abogados locales de Correa, sobre los altos valores que cobrar\u00edan los observadores extranjeros, a lo que el defensor del expresidente respondi\u00f3 que defiende \u201ca Correa por convicci\u00f3n; de los otros ni s\u00e9 ni me importa&#8230; Mi costo al presidente Correa es cero, lo hago por convicci\u00f3n y lo considero un honor, as\u00ed que poner en duda mis costos y pedirme que te los diga&#8230; es un desprop\u00f3sito&#8230;\u201d.<\/p>\n<p>En tanto, ayer Rafael Correa ten\u00eda previsto participar en un panel titulado \u2018Lawfare y derechos humanos\u2019, organizado por la Association Le Pont (Asociaci\u00f3n El Puente), en el Palacio de Naciones Unidas, en Ginebra.<\/p>\n<p>Los otros dos panelistas eran el consejero pol\u00edtico Amauri Chamorro y el exdiputado de Colombia Dilberto Trujillo Dussan. (I)<\/p>\n<p>Fuente: eluniverso.com<\/p>\n<div class=\"gsp_post_data\" \r\n\t            data-post_type=\"post\" \r\n\t            data-cat=\"noticias-ecuador\" \r\n\t            data-modified=\"120\"\r\n\t            data-created=\"1537435849\"\r\n\t            data-title=\"Hacen \u2018vaca\u2019 para misi\u00f3n de veedores de Rafael Correa\" \r\n\t            data-home=\"https:\/\/www.evafm.net\/sitio\"><\/div>","protected":false},"excerpt":{"rendered":"<p>Ante cuestionamientos sobre el financiamiento del grupo de abogados internacionales invitados por el correato como observador del caso Balda, el expresidente\u00a0Rafael Correa\u00a0tuite\u00f3 ayer que supuestamente migrantes est\u00e1n recaudando fondos a favor de esa misi\u00f3n. \u201cCrowdfunding de nuestros migrantes, para financiar la misi\u00f3n de observadores&#8230;\u201d, poste\u00f3 el exmandatario y detall\u00f3 el nombre del banco, n\u00famero de&#8230;<\/p>\n","protected":false},"author":5,"featured_media":39198,"comment_status":"closed","ping_status":"open","sticky":false,"template":"","format":"standard","meta":{"_joinchat":[],"footnotes":""},"categories":[1558],"tags":[],"class_list":["post-39197","post","type-post","status-publish","format-standard","has-post-thumbnail","hentry","category-noticias-ecuador","have-post-thumb"],"_links":{"self":[{"href":"https:\/\/www.evafm.net\/sitio\/wp-json\/wp\/v2\/posts\/39197","targetHints":{"allow":["GET"]}}],"collection":[{"href":"https:\/\/www.evafm.net\/sitio\/wp-json\/wp\/v2\/posts"}],"about":[{"href":"https:\/\/www.evafm.net\/sitio\/wp-json\/wp\/v2\/types\/post"}],"author":[{"embeddable":true,"href":"https:\/\/www.evafm.net\/sitio\/wp-json\/wp\/v2\/users\/5"}],"replies":[{"embeddable":true,"href":"https:\/\/www.evafm.net\/sitio\/wp-json\/wp\/v2\/comments?post=39197"}],"version-history":[{"count":1,"href":"https:\/\/www.evafm.net\/sitio\/wp-json\/wp\/v2\/posts\/39197\/revisions"}],"predecessor-version":[{"id":39199,"href":"https:\/\/www.evafm.net\/sitio\/wp-json\/wp\/v2\/posts\/39197\/revisions\/39199"}],"wp:featuredmedia":[{"embeddable":true,"href":"https:\/\/www.evafm.net\/sitio\/wp-json\/wp\/v2\/media\/39198"}],"wp:attachment":[{"href":"https:\/\/www.evafm.net\/sitio\/wp-json\/wp\/v2\/media?parent=39197"}],"wp:term":[{"taxonomy":"category","embeddable":true,"href":"https:\/\/www.evafm.net\/sitio\/wp-json\/wp\/v2\/categories?post=39197"},{"taxonomy":"post_tag","embeddable":true,"href":"https:\/\/www.evafm.net\/sitio\/wp-json\/wp\/v2\/tags?post=39197"}],"curies":[{"name":"wp","href":"https:\/\/api.w.org\/{rel}","templated":true}]}}