{"id":39200,"date":"2018-09-20T09:34:29","date_gmt":"2018-09-20T14:34:29","guid":{"rendered":"http:\/\/www.evafm.net\/sitio\/?p=39200"},"modified":"2018-09-20T09:34:29","modified_gmt":"2018-09-20T14:34:29","slug":"juan-pablo-alban-renuncia-al-consejo-de-la-judicatura-transitorio","status":"publish","type":"post","link":"https:\/\/www.evafm.net\/sitio\/juan-pablo-alban-renuncia-al-consejo-de-la-judicatura-transitorio\/","title":{"rendered":"Juan Pablo Alb\u00e1n renuncia al Consejo de la Judicatura transitorio"},"content":{"rendered":"<p>Juan Pablo Alb\u00e1n, vocal del Consejo de la Judicatura transitorio, renunci\u00f3 a su cargo. As\u00ed lo asegur\u00f3 durante una entrevista realizada esta ma\u00f1ana en Teleamazonas.<\/p>\n<p>Alb\u00e1n afirm\u00f3 que su decisi\u00f3n se debe al cumplimiento de sus estudios doctorales.<\/p>\n<p>\u00abYo no me voy ni amargado, ni pesimista, la verdad me voy esperanzado, yo siempre combat\u00ed en defensa de los derechos humanos desde las calles y en las salas de juicio.<\/p>\n<p>Esto para m\u00ed fue una primera experiencia\u00bb, expres\u00f3.<\/p>\n<p>En ese contexto, agreg\u00f3 que se va satisfecho de la experiencia \u00abporque creo que desde adentro de las instituciones p\u00fablicas tambi\u00e9n es posible alzar la voz, es posible visibilizar problemas, exigir correctivos y altertar a la ciudadan\u00eda sobre situaciones graves que ocurren\u00bb, dijo<\/p>\n<p><strong>Aclar\u00f3 que no ha tenido presiones de una autoridad para dejar su funci\u00f3n<\/strong>, ni tampoco abandona el cargo por estar \u00abavergonzado\u00bb de los incidentes al interior del CJ.<\/p>\n<p>En junio pasado, Alb\u00e1n fue designado uno de los vocales para el Consejo de la Judicatura, luego de la resoluci\u00f3n definitiva de cese a los anteriores vocales.<\/p>\n<p>Asumi\u00f3 el cargo el 19 de junio.<\/p>\n<p><strong>Evaluaci\u00f3n a la Funci\u00f3n Judicial\u00a0<\/strong><\/p>\n<p>Alb\u00e1n consider\u00f3 que\u00a0<strong>la decisi\u00f3n tomada por el Consejo de Participaci\u00f3n Ciudadana y Control Social (CPC) de transici\u00f3n\u00a0<\/strong>de prohibir al CJ transitorio de evaluar a la Funci\u00f3n Judicial\u00a0fue razonable a los tiempos, pero a t\u00edtulo personal indic\u00f3: \u00abCreo que el CPC transitorio no pod\u00eda quitarle sus facultades constitucionales al Consejo de la Judicatura porque esto va a generar inconvenientes, por ejemplo en la prescripci\u00f3n de las acciones disciplinarias que tienen que ser resueltas\u00bb.<\/p>\n<p>Se\u00f1al\u00f3 que el Consejo de la Judicatura transitorio hizo m\u00e1s que debatir diferencias conceptuales. \u00abHicimos cosas importantes para la transformaci\u00f3n del aparato judicial, para descubrir los actos de corrupci\u00f3n (&#8230;) y para que se termine la persecusi\u00f3n contra los operadores de justicia\u00bb, dijo.<\/p>\n<p>Alb\u00e1n manifest\u00f3 que los vocales han buscado el apoyo de la Fiscal\u00eda General del Estado para investigar ciertas actuaciones corruptas de operadores de justicia.<\/p>\n<p>\u00abLa intenci\u00f3n de mis colegas, yo me estoy retirando del Consejo a partir de ma\u00f1ana, hoy es mi \u00faltimo d\u00eda, es continuar en ese esfuerzo.<\/p>\n<p>Es imposible en 3, 4 meses erradicar la corrupci\u00f3n de un aparato de justicia que estado totalmente contaminado\u00bb, opin\u00f3.<\/p>\n<p>El funcionario cree, que hasta el momento, se han dado los primeros pasos para instaurar una cultura diferente, sin embargo, recalc\u00f3 que existe una serie de intereses pol\u00edticos que quieren mantener la corrupci\u00f3n, que a su juicio, desfigura las actividades emprendidas. (I)<\/p>\n<p>Fuente: eluniversocom<\/p>\n<div class=\"gsp_post_data\" \r\n\t            data-post_type=\"post\" \r\n\t            data-cat=\"noticias-ecuador\" \r\n\t            data-modified=\"120\"\r\n\t            data-created=\"1537436069\"\r\n\t            data-title=\"Juan Pablo Alb\u00e1n renuncia al Consejo de la Judicatura transitorio\" \r\n\t            data-home=\"https:\/\/www.evafm.net\/sitio\"><\/div>","protected":false},"excerpt":{"rendered":"<p>Juan Pablo Alb\u00e1n, vocal del Consejo de la Judicatura transitorio, renunci\u00f3 a su cargo. As\u00ed lo asegur\u00f3 durante una entrevista realizada esta ma\u00f1ana en Teleamazonas. Alb\u00e1n afirm\u00f3 que su decisi\u00f3n se debe al cumplimiento de sus estudios doctorales. \u00abYo no me voy ni amargado, ni pesimista, la verdad me voy esperanzado, yo siempre combat\u00ed en&#8230;<\/p>\n","protected":false},"author":5,"featured_media":39201,"comment_status":"closed","ping_status":"open","sticky":false,"template":"","format":"standard","meta":{"_joinchat":[],"footnotes":""},"categories":[1558],"tags":[],"class_list":["post-39200","post","type-post","status-publish","format-standard","has-post-thumbnail","hentry","category-noticias-ecuador","have-post-thumb"],"_links":{"self":[{"href":"https:\/\/www.evafm.net\/sitio\/wp-json\/wp\/v2\/posts\/39200","targetHints":{"allow":["GET"]}}],"collection":[{"href":"https:\/\/www.evafm.net\/sitio\/wp-json\/wp\/v2\/posts"}],"about":[{"href":"https:\/\/www.evafm.net\/sitio\/wp-json\/wp\/v2\/types\/post"}],"author":[{"embeddable":true,"href":"https:\/\/www.evafm.net\/sitio\/wp-json\/wp\/v2\/users\/5"}],"replies":[{"embeddable":true,"href":"https:\/\/www.evafm.net\/sitio\/wp-json\/wp\/v2\/comments?post=39200"}],"version-history":[{"count":1,"href":"https:\/\/www.evafm.net\/sitio\/wp-json\/wp\/v2\/posts\/39200\/revisions"}],"predecessor-version":[{"id":39202,"href":"https:\/\/www.evafm.net\/sitio\/wp-json\/wp\/v2\/posts\/39200\/revisions\/39202"}],"wp:featuredmedia":[{"embeddable":true,"href":"https:\/\/www.evafm.net\/sitio\/wp-json\/wp\/v2\/media\/39201"}],"wp:attachment":[{"href":"https:\/\/www.evafm.net\/sitio\/wp-json\/wp\/v2\/media?parent=39200"}],"wp:term":[{"taxonomy":"category","embeddable":true,"href":"https:\/\/www.evafm.net\/sitio\/wp-json\/wp\/v2\/categories?post=39200"},{"taxonomy":"post_tag","embeddable":true,"href":"https:\/\/www.evafm.net\/sitio\/wp-json\/wp\/v2\/tags?post=39200"}],"curies":[{"name":"wp","href":"https:\/\/api.w.org\/{rel}","templated":true}]}}