{"id":39203,"date":"2018-09-20T09:55:07","date_gmt":"2018-09-20T14:55:07","guid":{"rendered":"http:\/\/www.evafm.net\/sitio\/?p=39203"},"modified":"2018-09-20T09:55:07","modified_gmt":"2018-09-20T14:55:07","slug":"hezbollah-advirtio-a-israel-que-el-grupo-terrorista-tiene-misiles-de-precision","status":"publish","type":"post","link":"https:\/\/www.evafm.net\/sitio\/hezbollah-advirtio-a-israel-que-el-grupo-terrorista-tiene-misiles-de-precision\/","title":{"rendered":"Hezbollah advirti\u00f3 a Israel que el grupo terrorista tiene \u00abmisiles de precisi\u00f3n\u00bb"},"content":{"rendered":"<div class=\"row pb-content-type-text\">\n<div class=\"col-xs-12 col-print-12\">\n<p class=\"element element-paragraph\">El l\u00edder de Hezbollah, Hasan Nasrallah, advirti\u00f3 este jueves a Israel de que este grupo\u00a0terrorista\u00a0cuenta con misiles de precisi\u00f3n y asegur\u00f3 que si el Gobierno israel\u00ed ataca el L\u00edbano tendr\u00e1 que hacer frente a un \u00abdestino inesperado\u00bb.<\/p>\n<\/div>\n<\/div>\n<div class=\"row pb-content-type-text\">\n<div class=\"col-xs-12 col-print-12\">\n<p class=\"element element-paragraph\">\u00ab<strong>La Resistencia (el brazo armado del grupo) posee misiles de precisi\u00f3n. Si Israel se atreve atacar el L\u00edbano, tendr\u00e1 que hacer frente a un destino inesperado<\/strong>\u00ab, afirm\u00f3 hoy el l\u00edder chiita ante decenas de miles de sus partidarios congregados en los barrios de Beirut con motivo de la celebraci\u00f3n de Ashura. festividad religiosa isl\u00e1mica.<\/p>\n<\/div>\n<\/div>\n<div class=\"row pb-content-type-text\">\n<div class=\"col-xs-12 col-print-12\">\n<p class=\"element element-paragraph\">Este mes, el ej\u00e9rcito israel\u00ed report\u00f3 haber lanzado m\u00e1s de 200 ataques en los \u00faltimos 18 meses en el territorio sirio, buscando cortar las rutas del tr\u00e1fico de armas hacia el L\u00edbano. \u00ab<strong>Los intentos en Siria para bloquear la capacidad militar han fallado<\/strong>\u00ab, celebr\u00f3 Nasrallah.<\/p>\n<\/div>\n<\/div>\n<div class=\"row pb-content-type-text\">\n<div class=\"col-xs-12 col-print-12\">\n<p class=\"element element-paragraph\">\u00ab<strong>El hecho de que est\u00e9 con vida a pesar de que Israel trata de matarme d\u00eda y noche es una prueba de su fracaso<\/strong>\u00ab, agreg\u00f3.<\/p>\n<div class=\"row pb-content-type-text\">\n<div class=\"col-xs-12 col-print-12\">\n<p class=\"element element-paragraph\">Afirm\u00f3 que Israel \u00absabe que el eje de la Resistencia es m\u00e1s fuerte que nunca\u00bb y dijo que el Gobierno de ese pa\u00eds es consciente de que \u00abcualquier guerra contra el L\u00edbano tendr\u00e1 repercusiones en la regi\u00f3n\u00bb.<\/p>\n<\/div>\n<\/div>\n<div class=\"row pb-content-type-text\">\n<div class=\"col-xs-12 col-print-12\">\n<p class=\"element element-paragraph\">Hezbollah ,\u00a0<strong>creado y financiado por Ir\u00e1n<\/strong>, combate en Siria junto a las tropas del r\u00e9gimen del presidente Bashar al Assad y sostiene a los grupos opuestos en la regi\u00f3n a la pol\u00edtica de EEUU, Israel y los pa\u00edses del Golfo.<\/p>\n<\/div>\n<\/div>\n<div class=\"row pb-content-type-text\">\n<div class=\"col-xs-12 col-print-12\">\n<p class=\"element element-paragraph\">\u00ab<strong>Es nuestro deber apoyar a Ir\u00e1n, que har\u00e1 frente en las pr\u00f3ximas semanas a la entrada en vigor de las sanciones norteamericanas<\/strong>\u00ab, agreg\u00f3 en otro momento en alusi\u00f3n a las medidas tomadas por la Administraci\u00f3n del presidente de EEUU, Donald Trump, tras su retirada del acuerdo nuclear firmado con Teher\u00e1n en 2015.<\/p>\n<\/div>\n<\/div>\n<div class=\"row pb-content-type-text\">\n<div class=\"col-xs-12 col-print-12\">\n<p class=\"element element-paragraph\">Tambi\u00e9n, reiter\u00f3 su compromiso de seguir apoyando a los sirios, palestinos, yemen\u00edes, barein\u00edes, que \u00abcombaten, cada uno, por sus derechos y supervivencia\u00bb.<\/p>\n<\/div>\n<\/div>\n<div class=\"row pb-content-type-text\">\n<div class=\"col-xs-12 col-print-12\">\n<p class=\"element element-paragraph\">Ya anoche, en otro discurso con motivo de Ashura, Nasrallah afirm\u00f3: \u00abNinguna fuerza lograr\u00e1 que nos retiremos de Siria mientras los l\u00edderes de ese pa\u00eds afirmen que nuestra estancia es necesaria\u00bb.<\/p>\n<div class=\"single-image\"><img decoding=\"async\" id=\"DJWMAMNC25AOTE54ORCSYG5V4M\" class=\"image-lazy\" src=\"https:\/\/www.infobae.com\/new-resizer\/d_5TC0z40dUic0F120uLwNTSNBg=\/600x0\/filters:quality(100)\/s3.amazonaws.com\/arc-wordpress-client-uploads\/infobae-wp\/wp-content\/uploads\/2018\/09\/20100909\/2018-09-20T091526Z_724694845_RC1CB6F16040_RTRMADP_3_MIDEAST-CRISIS-HEZBOLLAH-e1537448987788.jpg\" alt=\"Hassan Nasrallah, en un discurso ante sus seguidores (Reuters)\" width=\"750\" height=\"423.2142857142857\" \/><\/div>\n<p><span class=\"credit\">Hassan Nasrallah, en un discurso ante sus seguidores (Reuters)<\/span><\/p>\n<div class=\"single-image\">\n<div class=\"shares\">\n<div class=\"share-button facebook\"><\/div>\n<\/div>\n<p><img decoding=\"async\" id=\"X3BW5XBJBBHZDFCGBPWXRPWU7Q\" class=\"image-lazy\" src=\"https:\/\/www.infobae.com\/new-resizer\/qESVlNSUwta1iXrQXlq7wCvFmFo=\/600x0\/filters:quality(100)\/s3.amazonaws.com\/arc-wordpress-client-uploads\/infobae-wp\/wp-content\/uploads\/2018\/09\/20101805\/2018-09-20T091954Z_26359792_RC1FD2200A60_RTRMADP_3_MIDEAST-CRISIS-HEZBOLLAH.jpg\" alt=\"Seguidores del grupo terrorista exclaman proclamas en Beirut (Reuters)\" width=\"750\" height=\"500.0\" \/><\/div>\n<p><span class=\"credit\">Seguidores del grupo terrorista exclaman proclamas en Beirut (Reuters)<\/span><\/p>\n<div class=\"single-image\">\n<div class=\"shares\">\n<div class=\"share-button facebook\"><\/div>\n<\/div>\n<p><img decoding=\"async\" id=\"2BUEMZS2DZBCXCS7FXUDMBFEEM\" class=\"image-lazy\" src=\"https:\/\/www.infobae.com\/new-resizer\/0AnYBMrVkJ1QugWPqz80r60W2t0=\/600x0\/filters:quality(100)\/s3.amazonaws.com\/arc-wordpress-client-uploads\/infobae-wp\/wp-content\/uploads\/2018\/09\/20101758\/2018-09-19T202754Z_1253340682_RC1563B8BB50_RTRMADP_3_MIDEAST-CRISIS-HEZBOLLAH.jpg\" alt=\"La imagen de\u00a0Nasrallah es portada por sus seguidores (Reuters)\" width=\"750\" height=\"511.6071428571429\" \/><\/div>\n<p><span class=\"credit\">La imagen de\u00a0Nasrallah es portada por sus seguidores (Reuters)<\/span><\/p>\n<\/div>\n<\/div>\n<div class=\"row pb-content-type-text\">\n<div class=\"col-xs-12 col-print-12\">\n<p class=\"element element-paragraph\"><em>(Con informaci\u00f3n de EFE)<\/em><\/p>\n<p>Fuente: infobae.com<\/p>\n<\/div>\n<\/div>\n<p>&nbsp;<\/p>\n<\/div>\n<\/div>\n<div class=\"gsp_post_data\" \r\n\t            data-post_type=\"post\" \r\n\t            data-cat=\"general,noticias-internacionales\" \r\n\t            data-modified=\"120\"\r\n\t            data-created=\"1537437307\"\r\n\t            data-title=\"Hezbollah advirti\u00f3 a Israel que el grupo terrorista tiene \u00abmisiles de precisi\u00f3n\u00bb\" \r\n\t            data-home=\"https:\/\/www.evafm.net\/sitio\"><\/div>","protected":false},"excerpt":{"rendered":"<p>El l\u00edder de Hezbollah, Hasan Nasrallah, advirti\u00f3 este jueves a Israel de que este grupo\u00a0terrorista\u00a0cuenta con misiles de precisi\u00f3n y asegur\u00f3 que si el Gobierno israel\u00ed ataca el L\u00edbano tendr\u00e1 que hacer frente a un \u00abdestino inesperado\u00bb. \u00abLa Resistencia (el brazo armado del grupo) posee misiles de precisi\u00f3n. Si Israel se atreve atacar el L\u00edbano,&#8230;<\/p>\n","protected":false},"author":5,"featured_media":39205,"comment_status":"closed","ping_status":"open","sticky":false,"template":"","format":"standard","meta":{"_joinchat":[],"footnotes":""},"categories":[1720,1345],"tags":[],"class_list":["post-39203","post","type-post","status-publish","format-standard","has-post-thumbnail","hentry","category-general","category-noticias-internacionales","have-post-thumb"],"_links":{"self":[{"href":"https:\/\/www.evafm.net\/sitio\/wp-json\/wp\/v2\/posts\/39203","targetHints":{"allow":["GET"]}}],"collection":[{"href":"https:\/\/www.evafm.net\/sitio\/wp-json\/wp\/v2\/posts"}],"about":[{"href":"https:\/\/www.evafm.net\/sitio\/wp-json\/wp\/v2\/types\/post"}],"author":[{"embeddable":true,"href":"https:\/\/www.evafm.net\/sitio\/wp-json\/wp\/v2\/users\/5"}],"replies":[{"embeddable":true,"href":"https:\/\/www.evafm.net\/sitio\/wp-json\/wp\/v2\/comments?post=39203"}],"version-history":[{"count":1,"href":"https:\/\/www.evafm.net\/sitio\/wp-json\/wp\/v2\/posts\/39203\/revisions"}],"predecessor-version":[{"id":39206,"href":"https:\/\/www.evafm.net\/sitio\/wp-json\/wp\/v2\/posts\/39203\/revisions\/39206"}],"wp:featuredmedia":[{"embeddable":true,"href":"https:\/\/www.evafm.net\/sitio\/wp-json\/wp\/v2\/media\/39205"}],"wp:attachment":[{"href":"https:\/\/www.evafm.net\/sitio\/wp-json\/wp\/v2\/media?parent=39203"}],"wp:term":[{"taxonomy":"category","embeddable":true,"href":"https:\/\/www.evafm.net\/sitio\/wp-json\/wp\/v2\/categories?post=39203"},{"taxonomy":"post_tag","embeddable":true,"href":"https:\/\/www.evafm.net\/sitio\/wp-json\/wp\/v2\/tags?post=39203"}],"curies":[{"name":"wp","href":"https:\/\/api.w.org\/{rel}","templated":true}]}}