{"id":39210,"date":"2018-09-20T10:22:04","date_gmt":"2018-09-20T15:22:04","guid":{"rendered":"http:\/\/www.evafm.net\/sitio\/?p=39210"},"modified":"2018-09-20T10:22:04","modified_gmt":"2018-09-20T15:22:04","slug":"fef-aclara-las-restricciones-de-prensa-impuestas-por-liga-profesional","status":"publish","type":"post","link":"https:\/\/www.evafm.net\/sitio\/fef-aclara-las-restricciones-de-prensa-impuestas-por-liga-profesional\/","title":{"rendered":"FEF aclara las restricciones de prensa impuestas por Liga Profesional"},"content":{"rendered":"<p>La Federaci\u00f3n Ecuatoriana de F\u00fatbol mediante su cuenta oficial en Twitter, emiti\u00f3 un comunicado en el cual responde a la Liga Profesional sobre las restricciones que este organismo desea implementar a las labores de los medios de comunicaci\u00f3n rque realizan en las coberturas de los partidos.<\/p>\n<p>A continuaci\u00f3n el comunicado:<\/p>\n<p><em>\u00abEl d\u00eda de hoy ha aparecido en varios medios digitales una comunicaci\u00f3n firmada por el sr. Luigi Machiavello B. en su calidad de Director de Comunicaciones de la LigaPro.<\/p>\n<p>La Federaci\u00f3n Ecuatoriana de F\u00fatbol aclara que el Campeonato Ecuatoriano 2018 \u201cCopa Lubricantes Havoline\u201d, durante este a\u00f1o se mantiene bajo su organizaci\u00f3n y control; y que como siempre ha sido su costumbre en los diferentes torneos que organiza , no ha establecido ninguna restricci\u00f3n para el trabajo que cumplen los medios de comunicaci\u00f3n en los diferentes estadios del pa\u00eds.<\/p>\n<p>Una vez m\u00e1s aclaramos ante la opini\u00f3n p\u00fablica, que el Campeonato Ecuatoriano 2018 est\u00e1 bajo la responsabilidad organizativa de la FEF.\u00bb<\/em><\/p>\n<p>Fuente: ecuagol.com<\/p>\n<div class=\"gsp_post_data\" \r\n\t            data-post_type=\"post\" \r\n\t            data-cat=\"deportes-ecuador,general\" \r\n\t            data-modified=\"120\"\r\n\t            data-created=\"1537438924\"\r\n\t            data-title=\"FEF aclara las restricciones de prensa impuestas por Liga Profesional\" \r\n\t            data-home=\"https:\/\/www.evafm.net\/sitio\"><\/div>","protected":false},"excerpt":{"rendered":"<p>La Federaci\u00f3n Ecuatoriana de F\u00fatbol mediante su cuenta oficial en Twitter, emiti\u00f3 un comunicado en el cual responde a la Liga Profesional sobre las restricciones que este organismo desea implementar a las labores de los medios de comunicaci\u00f3n rque realizan en las coberturas de los partidos. A continuaci\u00f3n el comunicado: \u00abEl d\u00eda de hoy ha&#8230;<\/p>\n","protected":false},"author":5,"featured_media":39211,"comment_status":"closed","ping_status":"open","sticky":false,"template":"","format":"standard","meta":{"_joinchat":[],"footnotes":""},"categories":[1557,1720],"tags":[],"class_list":["post-39210","post","type-post","status-publish","format-standard","has-post-thumbnail","hentry","category-deportes-ecuador","category-general","have-post-thumb"],"_links":{"self":[{"href":"https:\/\/www.evafm.net\/sitio\/wp-json\/wp\/v2\/posts\/39210","targetHints":{"allow":["GET"]}}],"collection":[{"href":"https:\/\/www.evafm.net\/sitio\/wp-json\/wp\/v2\/posts"}],"about":[{"href":"https:\/\/www.evafm.net\/sitio\/wp-json\/wp\/v2\/types\/post"}],"author":[{"embeddable":true,"href":"https:\/\/www.evafm.net\/sitio\/wp-json\/wp\/v2\/users\/5"}],"replies":[{"embeddable":true,"href":"https:\/\/www.evafm.net\/sitio\/wp-json\/wp\/v2\/comments?post=39210"}],"version-history":[{"count":1,"href":"https:\/\/www.evafm.net\/sitio\/wp-json\/wp\/v2\/posts\/39210\/revisions"}],"predecessor-version":[{"id":39212,"href":"https:\/\/www.evafm.net\/sitio\/wp-json\/wp\/v2\/posts\/39210\/revisions\/39212"}],"wp:featuredmedia":[{"embeddable":true,"href":"https:\/\/www.evafm.net\/sitio\/wp-json\/wp\/v2\/media\/39211"}],"wp:attachment":[{"href":"https:\/\/www.evafm.net\/sitio\/wp-json\/wp\/v2\/media?parent=39210"}],"wp:term":[{"taxonomy":"category","embeddable":true,"href":"https:\/\/www.evafm.net\/sitio\/wp-json\/wp\/v2\/categories?post=39210"},{"taxonomy":"post_tag","embeddable":true,"href":"https:\/\/www.evafm.net\/sitio\/wp-json\/wp\/v2\/tags?post=39210"}],"curies":[{"name":"wp","href":"https:\/\/api.w.org\/{rel}","templated":true}]}}