{"id":39221,"date":"2018-09-20T12:46:46","date_gmt":"2018-09-20T17:46:46","guid":{"rendered":"http:\/\/www.evafm.net\/sitio\/?p=39221"},"modified":"2018-09-20T12:46:46","modified_gmt":"2018-09-20T17:46:46","slug":"deportivo-cuenca-vs-fluminense-copa-sudamericana","status":"publish","type":"post","link":"https:\/\/www.evafm.net\/sitio\/deportivo-cuenca-vs-fluminense-copa-sudamericana\/","title":{"rendered":"Deportivo Cuenca vs Fluminense &#8211; Copa Sudamericana"},"content":{"rendered":"<p><strong>Deportivo Cuenca\u00a0<\/strong>tiene un gran encuentro frente a\u00a0Fluminense\u00a0por la ida de la\u00a0Copa Sudamericana.<\/p>\n<p>El partido ser\u00e1 hoy a las 5:30 p.m.\u00a0 en el estadio Rodrigo Paz<\/p>\n<p>El enfrentamiento ser\u00e1 transmitido por Fox Sports 2.<\/p>\n<p>El tricolor no lleva una buena racha en este mes.<\/p>\n<p>Solo tiene una victoria, dos empates y una derrota.<\/p>\n<p>Su \u00faltimo encuentro termin\u00f3 3-1 en contra frente a Atl\u00e9tico Paranaense en el\u00a0Brasileirao.<\/p>\n<p>Tienen como carta goleadora a Pedro.<\/p>\n<p>Asimismo, el entrenador\u00a0<strong>Marcelo Oliveira\u00a0<\/strong>podr\u00e1 usar a los ecuatorianos Bryan Cabezas y a J\u00fanior Sornoza en el encuentro de la\u00a0Copa Sudamericana. Este \u00faltimo declar\u00f3 que \u201ctenemos que estar concentrados los primeros 20 minutos. El rival nos va a presionar con todo, despu\u00e9s intentaremos marcar un gol y hacerles da\u00f1o\u201d.<\/p>\n<p><strong>Deportivo Cuenca\u00a0<\/strong>no solo buscar\u00e1 hacer historia para avanzar a la siguiente etapa del torneo continental.<\/p>\n<p>Adem\u00e1s, el \u2018Expreso Austral\u2019, despu\u00e9s de 47 a\u00f1os, no jugar\u00e1 en su recinto deportivo por no cumplir con el aforo m\u00ednimo, por lo que tomar\u00e1 prestado el de LDU de Quito, que qued\u00f3 eliminado en penales por Deportivo Cali.<\/p>\n<p>Los dirigidos por el venezolano\u00a0Richard P\u00e1ez\u00a0son el \u00faltimo club ecuatoriano en una competencia internacional, aunque no esperan despedirse pronto.<\/p>\n<p>El \u00fanico que no podr\u00e1 estar en el encuentro ser\u00e1 el mediocampista Pedro Larrea.<\/p>\n<p><strong>Alineaciones:\u00a0<\/strong><\/p>\n<p><strong>Deportivo Cuenca<\/strong><br \/>\nHeras; Cuero, Bedoya, Sosa, Carabal\u00ed; Mosquera, De la Cruz, Mart\u00ednez, Preciado, Rojas; Pita. DT: Richard P\u00e1ez.<\/p>\n<p><strong>Fluminense<\/strong><br \/>\nJ\u00falio C\u00e9sar, L\u00e9o, Gum, Digao, Marlon; Richard, Jadson, Marcos J\u00fanior, Sornoza; Luciano, Everaldo. DT: Marcelo Oliveira.<\/p>\n<p><strong>\u00c1rbitro:\u00a0<\/strong>Alexis Herrera (Venezuela).<br \/>\n<strong>Hora:\u00a0<\/strong>17:30.<br \/>\n<strong>Estadio:<\/strong>\u00a0Rodrigo Paz<br \/>\n<strong>Transmite:<\/strong>\u00a0Fox Sports 2.<\/p>\n<h2>Horarios para ver el Fluminense vs. Deportivo Cuenca EN VIVO ONLINE por la Copa Sudamericana<\/h2>\n<p>Honduras &#8211; 4:30 p.m.<br \/>\nGuatemala &#8211; 4:30 p.m.<br \/>\nM\u00e9xico &#8211; 5:30 p.m.<br \/>\nColombia &#8211; 5:30 p.m.<br \/>\nEcuador &#8211; 5:30 p.m.<br \/>\nPanam\u00e1 &#8211; 5:30 p.m.<br \/>\nPer\u00fa &#8211; 5:30 p.m.<br \/>\nCosta Rica &#8211; 6:30 p.m.<br \/>\nVenezuela &#8211; 6:30 p.m.<br \/>\nParaguay &#8211; 6:30 p.m.<br \/>\nBolivia &#8211; 6:30 p.m.<br \/>\nArgentina &#8211; 7:30 p.m.<br \/>\nUruguay &#8211; 7:30 p.m.<br \/>\nBrasil &#8211; 7:30 p.m.<br \/>\nEspa\u00f1a &#8211; 12:30 a.m. (viernes 21 de septiembre)<\/p>\n<p>Fuente: larepublica.pe<\/p>\n<p>&nbsp;<\/p>\n<div class=\"gsp_post_data\" \r\n\t            data-post_type=\"post\" \r\n\t            data-cat=\"deportes-internacionales\" \r\n\t            data-modified=\"120\"\r\n\t            data-created=\"1537447606\"\r\n\t            data-title=\"Deportivo Cuenca vs Fluminense &#8211; Copa Sudamericana\" \r\n\t            data-home=\"https:\/\/www.evafm.net\/sitio\"><\/div>","protected":false},"excerpt":{"rendered":"<p>Deportivo Cuenca\u00a0tiene un gran encuentro frente a\u00a0Fluminense\u00a0por la ida de la\u00a0Copa Sudamericana. El partido ser\u00e1 hoy a las 5:30 p.m.\u00a0 en el estadio Rodrigo Paz El enfrentamiento ser\u00e1 transmitido por Fox Sports 2. El tricolor no lleva una buena racha en este mes. Solo tiene una victoria, dos empates y una derrota. Su \u00faltimo encuentro&#8230;<\/p>\n","protected":false},"author":5,"featured_media":39222,"comment_status":"closed","ping_status":"open","sticky":false,"template":"","format":"standard","meta":{"_joinchat":[],"footnotes":""},"categories":[1342],"tags":[],"class_list":["post-39221","post","type-post","status-publish","format-standard","has-post-thumbnail","hentry","category-deportes-internacionales","have-post-thumb"],"_links":{"self":[{"href":"https:\/\/www.evafm.net\/sitio\/wp-json\/wp\/v2\/posts\/39221","targetHints":{"allow":["GET"]}}],"collection":[{"href":"https:\/\/www.evafm.net\/sitio\/wp-json\/wp\/v2\/posts"}],"about":[{"href":"https:\/\/www.evafm.net\/sitio\/wp-json\/wp\/v2\/types\/post"}],"author":[{"embeddable":true,"href":"https:\/\/www.evafm.net\/sitio\/wp-json\/wp\/v2\/users\/5"}],"replies":[{"embeddable":true,"href":"https:\/\/www.evafm.net\/sitio\/wp-json\/wp\/v2\/comments?post=39221"}],"version-history":[{"count":1,"href":"https:\/\/www.evafm.net\/sitio\/wp-json\/wp\/v2\/posts\/39221\/revisions"}],"predecessor-version":[{"id":39223,"href":"https:\/\/www.evafm.net\/sitio\/wp-json\/wp\/v2\/posts\/39221\/revisions\/39223"}],"wp:featuredmedia":[{"embeddable":true,"href":"https:\/\/www.evafm.net\/sitio\/wp-json\/wp\/v2\/media\/39222"}],"wp:attachment":[{"href":"https:\/\/www.evafm.net\/sitio\/wp-json\/wp\/v2\/media?parent=39221"}],"wp:term":[{"taxonomy":"category","embeddable":true,"href":"https:\/\/www.evafm.net\/sitio\/wp-json\/wp\/v2\/categories?post=39221"},{"taxonomy":"post_tag","embeddable":true,"href":"https:\/\/www.evafm.net\/sitio\/wp-json\/wp\/v2\/tags?post=39221"}],"curies":[{"name":"wp","href":"https:\/\/api.w.org\/{rel}","templated":true}]}}